{"id":1719,"date":"2018-08-02T12:54:13","date_gmt":"2018-08-02T17:54:13","guid":{"rendered":"http:\/\/redaccionoaxaca.com\/?p=1719"},"modified":"2018-08-02T12:54:13","modified_gmt":"2018-08-02T17:54:13","slug":"con-pancartas-exigen-alto-al-saqueo-en-el-rio-atoyac","status":"publish","type":"post","link":"https:\/\/redaccionoaxaca.com\/index.php\/2018\/08\/02\/con-pancartas-exigen-alto-al-saqueo-en-el-rio-atoyac\/","title":{"rendered":"Con pancartas, exigen alto al saqueo en el r\u00edo Atoyac\u00a0"},"content":{"rendered":"<p>Citlalli L\u00f3pez Vel\u00e1zquez<\/p>\n<p>Con dos pancartas en un puente peatonal y otra frente a Palacio de Gobierno, integrantes de organizaciones ambientalistas exigieron a la Comisi\u00f3n Nacional del Agua (Conagua) un alto al saqueo de material p\u00e9treo en el r\u00edo Atoyac.<\/p>\n<p>En voz de Nazario Garc\u00eda, los integrantes del Colectivo de Organizaciones Ambientalistas de Oaxaca (COAO), indicaron que tras la protesta realizada la semana pasada en las oficinas centrales de la Conagua, fueron amenazados por personas no identificadas. \u201cLos vamos a desaparecer\u201d, les advirtieron.<\/p>\n<p>En aquella protesta denunciaron que un familiar del exgobernador Ulises Ruiz Ortiz, es quien encabeza el saqueo de arena y grava en el lecho del r\u00edo, extracci\u00f3n que ha socavado la estructura que sostiene al puente Valerio Trujano y al de San Lorenzo Cacaotepec.<\/p>\n<p>\u201cLos oaxaque\u00f1os toman agua contaminada y sus puentes est\u00e0n a punto de colapsar por la contaminaci\u00f2n y el saqueo del material p\u00e9treo en el r\u00edo Atoyac\u201d, escribieron en las cartulinas desplegadas.<\/p>\n","protected":false},"excerpt":{"rendered":"<p>Citlalli L\u00f3pez Vel\u00e1zquez Con dos pancartas en un puente peatonal y otra frente a Palacio de Gobierno, integrantes de organizaciones ambientalistas exigieron a la Comisi\u00f3n Nacional del Agua (Conagua) un alto al saqueo de material p\u00e9treo en el r\u00edo Atoyac. En voz de Nazario Garc\u00eda, los integrantes del Colectivo de Organizaciones Ambientalistas de Oaxaca (COAO), [&hellip;]<\/p>\n","protected":false},"author":4,"featured_media":0,"comment_status":"open","ping_status":"open","sticky":false,"template":"","format":"standard","meta":{"_jetpack_newsletter_access":"","_jetpack_dont_email_post_to_subs":false,"_jetpack_newsletter_tier_id":0,"_jetpack_memberships_contains_paywalled_content":false,"_jetpack_feature_clip_id":0,"_jetpack_memberships_contains_paid_content":false,"footnotes":"","jetpack_publicize_message":"","jetpack_publicize_feature_enabled":true,"jetpack_social_post_already_shared":true,"jetpack_social_options":{"image_generator_settings":{"template":"highway","default_image_id":0,"font":"","enabled":false},"version":2},"jetpack_post_was_ever_published":false},"categories":[3,6],"tags":[],"class_list":{"0":"post-1719","1":"post","2":"type-post","3":"status-publish","4":"format-standard","6":"category-mesa-de-redaccion","7":"category-tendencias"},"jetpack_publicize_connections":[],"jetpack_sharing_enabled":true,"jetpack_shortlink":"https:\/\/wp.me\/p9Ynjw-rJ","jetpack-related-posts":[{"id":2134,"url":"https:\/\/redaccionoaxaca.com\/index.php\/2018\/08\/17\/dos-personas-ante-pgr-por-saqueo-petreo-en-el-atoyac\/","url_meta":{"origin":1719,"position":0},"title":"Dos personas ante PGR por saqueo p\u00e9treo en el Atoyac","author":"citlali","date":"agosto 17, 2018","format":false,"excerpt":"Dos personas han sido aseguradas y puestas a disposici\u00f3n de la Procuradur\u00eda General de la Rep\u00fablica (PGR) por saqueo de material p\u00e9treo en el r\u00edo Atoyac durante los operativos realizados por la Comisi\u00f3n Nacional del Agua (Conagua) en las \u00faltimas dos semanas. El 9 de agosto se detuvo de manera\u2026","rel":"","context":"En &quot;Mesa de Redacci\u00f3n&quot;","block_context":{"text":"Mesa de Redacci\u00f3n","link":"https:\/\/redaccionoaxaca.com\/index.php\/category\/mesa-de-redaccion\/"},"img":{"alt_text":"","src":"","width":0,"height":0},"classes":[]},{"id":254,"url":"https:\/\/redaccionoaxaca.com\/index.php\/2018\/06\/13\/protestan-ambientalistas-por-encalado-de-arboles-urbanosj\/","url_meta":{"origin":1719,"position":1},"title":"Protestan ambientalistas por encalado de \u00e1rboles urbanos","author":"citlali","date":"junio 13, 2018","format":false,"excerpt":"Con una protesta frente a la direcci\u00f3n de Obras P\u00fablicas del ayuntamiento de Oaxaca de Ju\u00e1rez, integrantes de colectivos ambientalistas y ciudadanos se\u00f1alaron que el encalamiento realizado por la autoridad municipal al arbolado urbano, coloca en riesgo a cientos de especies por el debilitamiento de su corteza. El presidente de\u2026","rel":"","context":"En &quot;Tendencias&quot;","block_context":{"text":"Tendencias","link":"https:\/\/redaccionoaxaca.com\/index.php\/category\/tendencias\/"},"img":{"alt_text":"","src":"","width":0,"height":0},"classes":[]},{"id":1773,"url":"https:\/\/redaccionoaxaca.com\/index.php\/2018\/08\/03\/semaedeso-investiga-extraccion-de-materiales-petreos-en-el-atoyac-notifica-a-profepa-y-conagua\/","url_meta":{"origin":1719,"position":2},"title":"Semaedeso investiga extracci\u00f3n de materiales  p\u00e9treos en el Atoyac, notifica a Profepa y Conagua.","author":"gaby","date":"agosto 3, 2018","format":false,"excerpt":"#Redacci\u00f3nOaxaca #Oaxaca Jaime GUERRERO\u00a0 La Secretar\u00eda del Medio Ambiente, Energ\u00edas y Desarrollo Sustentable, recibi\u00f3 el pasado 20 de Julio una denuncia relativa a la extracci\u00f3n de materiales p\u00e9treos que se realiza en el cauce del R\u00edo Atoyac, en el Municipio de San Lorenzo Cacaotepec. La Semaedeso a trav\u00e9s de la\u2026","rel":"","context":"Entrada similar ","block_context":{"text":"Entrada similar ","link":""},"img":{"alt_text":"","src":"","width":0,"height":0},"classes":[]},{"id":6027,"url":"https:\/\/redaccionoaxaca.com\/index.php\/2019\/03\/28\/atoyac-agonizante-desde-hace-mas-de-una-decada-planta-de-tratamiento-construida-con-mas-de-163-mdp-inutilizada\/","url_meta":{"origin":1719,"position":3},"title":"Atoyac, agonizante desde hace m\u00e1s de una d\u00e9cada, Planta de Tratamiento construida con m\u00e1s de 163 mdp inutilizada.","author":"mayra","date":"marzo 28, 2019","format":false,"excerpt":"#Redacci\u00f3nOaxaca #Oaxaca Maira Ric\u00e1rdez El R\u00edo Atoyac est\u00e1 agonizante y esto no es solo evidente a la vista y olfato de todo Oaxaque\u00f1o, lo confirma la propia autoridad, el 90% de este afluente est\u00e1 severamente contaminado y el principal aporte de su estado de salud son los residuos humanos de\u2026","rel":"","context":"Entrada similar ","block_context":{"text":"Entrada similar ","link":""},"img":{"alt_text":"","src":"","width":0,"height":0},"classes":[]},{"id":43184,"url":"https:\/\/redaccionoaxaca.com\/index.php\/2026\/07\/25\/familiares-de-alejandro-leyva-protestan-durante-desfile-de-delegaciones-de-la-guelaguetza\/","url_meta":{"origin":1719,"position":4},"title":"Familiares de Alejandro Leyva protestan durante desfile de delegaciones de la Guelaguetza","author":"ariadna","date":"julio 25, 2026","format":false,"excerpt":"#Redacci\u00f3nOaxaca #Oaxaca #JaimeGUERRERO La exigencia de justicia por el asesinato del periodista Alejandro Leyva Aguilar lleg\u00f3 este s\u00e1bado al tradicional desfile de delegaciones de la Guelaguetza. Familiares, amigos y colegas del comunicador realizaron una protesta pac\u00edfica, mientras el gobernador Salom\u00f3n Jara Cruz y su esposa, Irma Bola\u00f1os Quijano, fueron retirados\u2026","rel":"","context":"En &quot;Agenda Pol\u00edtica&quot;","block_context":{"text":"Agenda Pol\u00edtica","link":"https:\/\/redaccionoaxaca.com\/index.php\/category\/agenda-politica\/"},"img":{"alt_text":"","src":"https:\/\/i0.wp.com\/redaccionoaxaca.com\/wp-content\/uploads\/2026\/07\/Screenshot_20260725_221939_Chrome1-scaled.jpg?fit=1200%2C743&ssl=1&resize=350%2C200","width":350,"height":200,"srcset":"https:\/\/i0.wp.com\/redaccionoaxaca.com\/wp-content\/uploads\/2026\/07\/Screenshot_20260725_221939_Chrome1-scaled.jpg?fit=1200%2C743&ssl=1&resize=350%2C200 1x, https:\/\/i0.wp.com\/redaccionoaxaca.com\/wp-content\/uploads\/2026\/07\/Screenshot_20260725_221939_Chrome1-scaled.jpg?fit=1200%2C743&ssl=1&resize=525%2C300 1.5x, https:\/\/i0.wp.com\/redaccionoaxaca.com\/wp-content\/uploads\/2026\/07\/Screenshot_20260725_221939_Chrome1-scaled.jpg?fit=1200%2C743&ssl=1&resize=700%2C400 2x, https:\/\/i0.wp.com\/redaccionoaxaca.com\/wp-content\/uploads\/2026\/07\/Screenshot_20260725_221939_Chrome1-scaled.jpg?fit=1200%2C743&ssl=1&resize=1050%2C600 3x"},"classes":[]},{"id":24790,"url":"https:\/\/redaccionoaxaca.com\/index.php\/2022\/03\/30\/otra-vez-ambientalistas-clausuran-oficinas-de-semarnat-en-oaxaca-por-ser-una-instancia-solo-simuladora-senalan\/","url_meta":{"origin":1719,"position":5},"title":"Otra vez, ambientalistas clausuran oficinas de Semarnat en Oaxaca por ser una instancia solo simuladora, se\u00f1alan.","author":"ariadna","date":"marzo 30, 2022","format":false,"excerpt":"#Redacci\u00f3nOaxaca #Oaxaca Maira Ric\u00e1rdez Integrantes del Colectivo de Organizaciones Ambientalistas de Oaxaca (#COAO), se manifestaron y clausuraron de manera simb\u00f3lica las oficinas de la Secretar\u00eda del Medio Ambiente y Recursos Naturales (#Semarnat) en Oaxaca, en Sabinos No. 402, con el objetivo de sumarse a una protesta nacional de defensores ambientales,\u2026","rel":"","context":"En &quot;Mesa de Redacci\u00f3n&quot;","block_context":{"text":"Mesa de Redacci\u00f3n","link":"https:\/\/redaccionoaxaca.com\/index.php\/category\/mesa-de-redaccion\/"},"img":{"alt_text":"","src":"","width":0,"height":0},"classes":[]}],"jetpack_featured_media_url":"","_links":{"self":[{"href":"https:\/\/redaccionoaxaca.com\/index.php\/wp-json\/wp\/v2\/posts\/1719","targetHints":{"allow":["GET"]}}],"collection":[{"href":"https:\/\/redaccionoaxaca.com\/index.php\/wp-json\/wp\/v2\/posts"}],"about":[{"href":"https:\/\/redaccionoaxaca.com\/index.php\/wp-json\/wp\/v2\/types\/post"}],"author":[{"embeddable":true,"href":"https:\/\/redaccionoaxaca.com\/index.php\/wp-json\/wp\/v2\/users\/4"}],"replies":[{"embeddable":true,"href":"https:\/\/redaccionoaxaca.com\/index.php\/wp-json\/wp\/v2\/comments?post=1719"}],"version-history":[{"count":1,"href":"https:\/\/redaccionoaxaca.com\/index.php\/wp-json\/wp\/v2\/posts\/1719\/revisions"}],"predecessor-version":[{"id":1721,"href":"https:\/\/redaccionoaxaca.com\/index.php\/wp-json\/wp\/v2\/posts\/1719\/revisions\/1721"}],"wp:attachment":[{"href":"https:\/\/redaccionoaxaca.com\/index.php\/wp-json\/wp\/v2\/media?parent=1719"}],"wp:term":[{"taxonomy":"category","embeddable":true,"href":"https:\/\/redaccionoaxaca.com\/index.php\/wp-json\/wp\/v2\/categories?post=1719"},{"taxonomy":"post_tag","embeddable":true,"href":"https:\/\/redaccionoaxaca.com\/index.php\/wp-json\/wp\/v2\/tags?post=1719"}],"curies":[{"name":"wp","href":"https:\/\/api.w.org\/{rel}","templated":true}]}}