{"id":17643,"date":"2021-03-22T18:30:38","date_gmt":"2021-03-23T00:30:38","guid":{"rendered":"http:\/\/redaccionoaxaca.com\/?p=17643"},"modified":"2021-03-22T18:31:13","modified_gmt":"2021-03-23T00:31:13","slug":"ninos-oaxaquenos-mandan-mensaje-del-mal-cuidado-del-agua-en-el-estado-en-el-marco-del-dia-mundial","status":"publish","type":"post","link":"https:\/\/redaccionoaxaca.com\/index.php\/2021\/03\/22\/ninos-oaxaquenos-mandan-mensaje-del-mal-cuidado-del-agua-en-el-estado-en-el-marco-del-dia-mundial\/","title":{"rendered":"VIDEO: Ni\u00f1os Oaxaque\u00f1os mandan mensaje del mal cuidado del agua en el Estado en el marco del D\u00eda Mundial."},"content":{"rendered":"<p><strong>#Redacci\u00f3nOaxaca<\/strong><\/p>\n<p><strong>#Oaxaca<\/strong><\/p>\n<p><strong>Maira Ric\u00e1rdez<\/strong><\/p>\n<p style=\"text-align: justify;\">El D\u00eda Mundial del Agua se conmemora el 22 de marzo de cada a\u00f1o para recordar la relevancia de este l\u00edquido esencial para la vida., este a\u00f1o el tema refiere la alta necesidad del vital l\u00edquido en el contexto de pandemia covid; pues para que la vida exista es inalienable la existencia del agua, y ahora para cumplir con las normas sanitarias para evitar la covid, es m\u00e1s indispensable aun, por tanto es imprescindible en este momento reforzar las medidas de cuidado y aprovechamiento, expreso el director de la Conagua pacifico Sur, Miguel \u00c1ngel Mart\u00ednez Cordero.<\/p>\n<p style=\"text-align: justify;\">El Director dio a conocer en este sentido, que la Conagua desde el inicio de la pandemia expidi\u00f3 un decreto parea que organismos y municipios pudieran solicitar un caudal m\u00e1s amplio de l\u00edquido del que tienen concesionado de manera ordinaria, para que en caso de que su poblaci\u00f3n lo necesitara accedieran al agua, sin embargo precis\u00f3, al momento ning\u00fan ente lo ha requerido en la entidad, a diferencia de otras entidades que si han solicitado m\u00e1s agua para su poblaci\u00f3n.<\/p>\n<p style=\"text-align: justify;\">En este contexto, este D\u00eda Mundial del Agua, Conagua tuvo un encuentro breve con instituciones acad\u00e9micas, premiaron a los tres primeros lugares del mismo n\u00famero de primarias de la entidad, donde los menores retrataron lo que a sus ojos es la necesidad m\u00e1s apremiante en cuanto a agua se refiere; la reflexi\u00f3n en general fue, \u201c<em>que los adultos no estamos haciendo bien las cosas, manejamos muy mal nuestros residuos, los vertimos al rio de manera descontrolada, y los ni\u00f1os piden cambiar la forma en que estamos manejando el recurso, y ponernos de acuerdo para poderlo compartir<\/em>\u201d, que los adultos sepamos y estemos conscientes de la relevancia del cuidado del agua.<\/p>\n<p style=\"text-align: justify;\">Este 22 de marzo, Naciones Unidas recuerda la importancia del agua para la sostenibilidad de la vida en la Tierra y pide tener conciencia acerca de la crisis mundial del vital l\u00edquido y la necesidad de buscar medidas para resolverla.<\/p>\n<p style=\"text-align: justify;\">En el D\u00eda Mundial del Agua tambi\u00e9n se da a conocer la problem\u00e1tica de los millones de personas que no tienen acceso al suministro de agua potable y las medidas urgentes que se deben tomar al respecto para hacer frente al problema. Este a\u00f1o ponen sobre la mesa la importancia del agua para frenar epidemias y enfermedades infecciosas.<\/p>\n<div style=\"width: 320px;\" class=\"wp-video\"><video class=\"wp-video-shortcode\" id=\"video-17643-1\" width=\"320\" height=\"320\" preload=\"metadata\" controls=\"controls\"><source type=\"video\/mp4\" src=\"http:\/\/redaccionoaxaca.com\/wp-content\/uploads\/2021\/03\/VID-20210322-WA0100.mp4?_=1\" \/><a href=\"http:\/\/redaccionoaxaca.com\/wp-content\/uploads\/2021\/03\/VID-20210322-WA0100.mp4\">http:\/\/redaccionoaxaca.com\/wp-content\/uploads\/2021\/03\/VID-20210322-WA0100.mp4<\/a><\/video><\/div>\n","protected":false},"excerpt":{"rendered":"<p>#Redacci\u00f3nOaxaca #Oaxaca Maira Ric\u00e1rdez El D\u00eda Mundial del Agua se conmemora el 22 de marzo de cada a\u00f1o para recordar la relevancia de este l\u00edquido esencial para la vida., este a\u00f1o el tema refiere la alta necesidad del vital l\u00edquido en el contexto de pandemia covid; pues para que la vida exista es inalienable la [&hellip;]<\/p>\n","protected":false},"author":9,"featured_media":0,"comment_status":"open","ping_status":"open","sticky":false,"template":"","format":"video","meta":{"jetpack_post_was_ever_published":false,"_jetpack_newsletter_access":"","_jetpack_dont_email_post_to_subs":false,"_jetpack_newsletter_tier_id":0,"_jetpack_memberships_contains_paywalled_content":false,"_jetpack_memberships_contains_paid_content":false,"footnotes":"","jetpack_publicize_message":"","jetpack_publicize_feature_enabled":true,"jetpack_social_post_already_shared":false,"jetpack_social_options":{"image_generator_settings":{"template":"highway","default_image_id":0,"font":"","enabled":false},"version":2}},"categories":[4,7,5,3,6,1],"tags":[],"class_list":{"0":"post-17643","1":"post","2":"type-post","3":"status-publish","4":"format-video","6":"category-agenda-politica","7":"category-al-cierre","8":"category-imagen","9":"category-mesa-de-redaccion","10":"category-tendencias","11":"category-uncategorized","12":"post_format-post-format-video"},"jetpack_publicize_connections":[],"jetpack_featured_media_url":"","jetpack_sharing_enabled":true,"jetpack_shortlink":"https:\/\/wp.me\/p9Ynjw-4Az","jetpack-related-posts":[{"id":10824,"url":"https:\/\/redaccionoaxaca.com\/index.php\/2020\/02\/24\/en-oaxaca-estamos-iniciando-el-estiaje-pero-esto-es-un-fenomeno-natural-que-no-tiene-porque-representar-escasez-de-agua-conagua\/","url_meta":{"origin":17643,"position":0},"title":"En Oaxaca estamos iniciando el estiaje pero esto es un fen\u00f3meno natural que no tiene porque representar escasez de agua: Conagua.","author":"ariadna","date":"febrero 24, 2020","format":false,"excerpt":"#Redacci\u00f3nOaxaca #Oaxaca Maira Ric\u00e1rdez El periodo de estiaje en el Estado de Oaxaca ha comenzado, oficializ\u00f3 el Director T\u00e9cnico de la Comisi\u00f3n Nacional del Agua (CONAGUA) Pac\u00edfico Sur, Francisco N\u00fa\u00f1ez Santiago, pero estiaje no significa sequia, explic\u00f3. El estiaje es un proceso natural propio de esta temporada del a\u00f1o y\u2026","rel":"","context":"Entrada similar ","block_context":{"text":"Entrada similar ","link":""},"img":{"alt_text":"","src":"","width":0,"height":0},"classes":[]},{"id":11756,"url":"https:\/\/redaccionoaxaca.com\/index.php\/2020\/04\/10\/desarrolla-conagua-programa-emergente-en-periodo-de-contingencia-para-garantizar-agua-limpia-a-comunidades-que-no-tienen-liquido-potable-asi-como-para-riego-de-cultivos-basicos\/","url_meta":{"origin":17643,"position":1},"title":"Desarrolla CONAGUA programa emergente en periodo de contingencia para garantizar agua limpia a comunidades que no tienen liquido potable as\u00ed como para riego de cultivos b\u00e1sicos.","author":"ariadna","date":"abril 10, 2020","format":false,"excerpt":"#Redacci\u00f3nOaxaca #Oaxaca Maira Ric\u00e1rdez En este momento de contingencia que de acuerdo a la perspectiva de los especialistas, se agudizar\u00e1 hac\u00eda la \u00faltima semana de abril en que M\u00e9xico se coloque en la fase 3 de Covid19, la Comisi\u00f3n Nacional del Agua pac\u00edfico Sur, ejecuta ya el plan emergente \u2013Uso\u2026","rel":"","context":"En &quot;Mesa de Redacci\u00f3n&quot;","block_context":{"text":"Mesa de Redacci\u00f3n","link":"https:\/\/redaccionoaxaca.com\/index.php\/category\/mesa-de-redaccion\/"},"img":{"alt_text":"","src":"","width":0,"height":0},"classes":[]},{"id":30980,"url":"https:\/\/redaccionoaxaca.com\/index.php\/2024\/03\/21\/crisis-del-agua-llega-al-congreso-de-oaxaca-439-municipios-presentan-un-grado-de-sequia-urgen-a-garantizar-abasto-del-vital-liquido\/","url_meta":{"origin":17643,"position":2},"title":"Crisis del agua, \u201cllega\u201d al Congreso de Oaxaca, 439 municipios presentan un grado de sequ\u00eda; urgen a garantizar abasto del vital l\u00edquido","author":"ariadna","date":"marzo 21, 2024","format":false,"excerpt":"#Redacci\u00f3nOaxaca #Oaxaca Jaime GUERRERO Ante crisis del abasto de agua potable, la LXV Legislatura del Congreso de Oaxaca se pronunci\u00f3 por aumentar los esfuerzos conjuntos para lograr una gesti\u00f3n sostenible del agua, por medio de la cual se pueda asegurar la disponibilidad de este recurso para todos los habitantes del\u2026","rel":"","context":"En &quot;Agenda Pol\u00edtica&quot;","block_context":{"text":"Agenda Pol\u00edtica","link":"https:\/\/redaccionoaxaca.com\/index.php\/category\/agenda-politica\/"},"img":{"alt_text":"","src":"","width":0,"height":0},"classes":[]},{"id":13325,"url":"https:\/\/redaccionoaxaca.com\/index.php\/2020\/07\/09\/la-transformacion-del-sector-agua-en-mexico-plantea-en-oaxaca-eliminar-corrupcion-no-mas-regenteo-de-pseudolideres-con-ofrecimientos-relacionados-con-el-vital-liquido\/","url_meta":{"origin":17643,"position":3},"title":"La transformaci\u00f3n del sector agua en M\u00e9xico plantea en Oaxaca eliminar corrupci\u00f3n, no m\u00e1s regenteo de pseudol\u00edderes con ofrecimientos relacionados con el vital l\u00edquido.","author":"ariadna","date":"julio 9, 2020","format":false,"excerpt":"#Redacci\u00f3nOaxaca #Oaxaca Maira Ric\u00e1rdez *Conagua fortalecer\u00e1 atenci\u00f3n a Zonas Prioritarias, poblaciones marginadas, ind\u00edgenas y afromexicanas de Oaxaca; Costa, Istmo y V. Centrales El director general del Organismo de Cuenca Pac\u00edfico Sur de la Comisi\u00f3n Nacional del Agua (Conagua), Julio L\u00f3pez Hern\u00e1ndez, explic\u00f3 a Asociaciones de Ingenieros y Arquitectos, instituciones educativas\u2026","rel":"","context":"En &quot;Al Cierre&quot;","block_context":{"text":"Al Cierre","link":"https:\/\/redaccionoaxaca.com\/index.php\/category\/al-cierre\/"},"img":{"alt_text":"","src":"","width":0,"height":0},"classes":[]},{"id":508,"url":"https:\/\/redaccionoaxaca.com\/index.php\/2018\/06\/20\/6-rios-oaxaquenos-vedados-por-conagua-a-partir-del-decreto-firmado-recientemente-por-epn\/","url_meta":{"origin":17643,"position":4},"title":"6 r\u00edos oaxaque\u00f1os vedados por CONAGUA a partir del decreto firmado recientemente por EPN","author":"mayra","date":"junio 20, 2018","format":false,"excerpt":"#Redacci\u00f3nOaxaca #Oaxaca Maira Ric\u00e1rdez Se trata de diez Decretos de Reserva de agua publicados en el Diario Oficial de la Federaci\u00f3n, y no de la privatizaci\u00f3n del agua, busc\u00f3 aclarar el encargado de la Direcci\u00f3n de la Comisi\u00f3n Nacional del Agua Pac\u00edfico Sur, Noel Espinoza Hern\u00e1ndez. \"Estos decretos de ninguna\u2026","rel":"","context":"Entrada similar ","block_context":{"text":"Entrada similar ","link":""},"img":{"alt_text":"","src":"","width":0,"height":0},"classes":[]},{"id":14697,"url":"https:\/\/redaccionoaxaca.com\/index.php\/2020\/10\/12\/protestan-en-conagua-ante-incumplimiento-de-acuerdo-de-2019\/","url_meta":{"origin":17643,"position":5},"title":"Protestan en Conagua ante incumplimiento de acuerdo de 2019.","author":"ariadna","date":"octubre 12, 2020","format":false,"excerpt":"#Redacci\u00f3nOaxaca #Oaxaca Sayra Cruz Representantes de 16 comunidades denla zona de Ocotl\u00e1n, protestaron en la Comisi\u00f3n Nacional del Agua en la ciudad de Oaxaca por el incumplimiento al decreto del 12 de octubre de 2019. Aseguraron que este hecho , representan un grave retroceso a la consulta ind\u00edgena que se\u2026","rel":"","context":"En &quot;Al Cierre&quot;","block_context":{"text":"Al Cierre","link":"https:\/\/redaccionoaxaca.com\/index.php\/category\/al-cierre\/"},"img":{"alt_text":"","src":"","width":0,"height":0},"classes":[]}],"_links":{"self":[{"href":"https:\/\/redaccionoaxaca.com\/index.php\/wp-json\/wp\/v2\/posts\/17643","targetHints":{"allow":["GET"]}}],"collection":[{"href":"https:\/\/redaccionoaxaca.com\/index.php\/wp-json\/wp\/v2\/posts"}],"about":[{"href":"https:\/\/redaccionoaxaca.com\/index.php\/wp-json\/wp\/v2\/types\/post"}],"author":[{"embeddable":true,"href":"https:\/\/redaccionoaxaca.com\/index.php\/wp-json\/wp\/v2\/users\/9"}],"replies":[{"embeddable":true,"href":"https:\/\/redaccionoaxaca.com\/index.php\/wp-json\/wp\/v2\/comments?post=17643"}],"version-history":[{"count":2,"href":"https:\/\/redaccionoaxaca.com\/index.php\/wp-json\/wp\/v2\/posts\/17643\/revisions"}],"predecessor-version":[{"id":17648,"href":"https:\/\/redaccionoaxaca.com\/index.php\/wp-json\/wp\/v2\/posts\/17643\/revisions\/17648"}],"wp:attachment":[{"href":"https:\/\/redaccionoaxaca.com\/index.php\/wp-json\/wp\/v2\/media?parent=17643"}],"wp:term":[{"taxonomy":"category","embeddable":true,"href":"https:\/\/redaccionoaxaca.com\/index.php\/wp-json\/wp\/v2\/categories?post=17643"},{"taxonomy":"post_tag","embeddable":true,"href":"https:\/\/redaccionoaxaca.com\/index.php\/wp-json\/wp\/v2\/tags?post=17643"}],"curies":[{"name":"wp","href":"https:\/\/api.w.org\/{rel}","templated":true}]}}