{"id":18688,"date":"2021-05-03T09:43:04","date_gmt":"2021-05-03T14:43:04","guid":{"rendered":"http:\/\/redaccionoaxaca.com\/?p=18688"},"modified":"2021-05-03T09:44:22","modified_gmt":"2021-05-03T14:44:22","slug":"rumbo-al-proceso-electoral-2021-de-politica-a-politicos-la-entrevista","status":"publish","type":"post","link":"https:\/\/redaccionoaxaca.com\/index.php\/2021\/05\/03\/rumbo-al-proceso-electoral-2021-de-politica-a-politicos-la-entrevista\/","title":{"rendered":"RUMBO AL PROCESO ELECTORAL 2021 \u201cDe Pol\u00edtica a pol\u00edticos \u2013 la entrevista\u201d."},"content":{"rendered":"<p><strong>#Redacci\u00f3nOaxaca<\/strong><\/p>\n<p><strong>#Oaxaca<\/strong><\/p>\n<p><strong>&#8220;DE POLITICA A POL\u00cdTICOS&#8221; trabajo original de Redacci\u00f3n Oaxaca<\/strong><\/p>\n<p>Entrevista especial al candidato a diputado federal, distrito 10, Sierra Sur, Daniel Guti\u00e9rrez Guti\u00e9rrez.<\/p>\n<div style=\"width: 640px;\" class=\"wp-video\"><video class=\"wp-video-shortcode\" id=\"video-18688-1\" width=\"640\" height=\"360\" preload=\"metadata\" controls=\"controls\"><source type=\"video\/mp4\" src=\"http:\/\/redaccionoaxaca.com\/wp-content\/uploads\/2021\/05\/VID-20210503-WA0018.mp4?_=1\" \/><a href=\"http:\/\/redaccionoaxaca.com\/wp-content\/uploads\/2021\/05\/VID-20210503-WA0018.mp4\">http:\/\/redaccionoaxaca.com\/wp-content\/uploads\/2021\/05\/VID-20210503-WA0018.mp4<\/a><\/video><\/div>\n","protected":false},"excerpt":{"rendered":"<p>#Redacci\u00f3nOaxaca #Oaxaca &#8220;DE POLITICA A POL\u00cdTICOS&#8221; trabajo original de Redacci\u00f3n Oaxaca Entrevista especial al candidato a diputado federal, distrito 10, Sierra Sur, Daniel Guti\u00e9rrez Guti\u00e9rrez.<\/p>\n","protected":false},"author":9,"featured_media":0,"comment_status":"open","ping_status":"open","sticky":false,"template":"","format":"standard","meta":{"jetpack_post_was_ever_published":false,"_jetpack_newsletter_access":"","_jetpack_dont_email_post_to_subs":false,"_jetpack_newsletter_tier_id":0,"_jetpack_memberships_contains_paywalled_content":false,"_jetpack_memberships_contains_paid_content":false,"footnotes":"","jetpack_publicize_message":"","jetpack_publicize_feature_enabled":true,"jetpack_social_post_already_shared":false,"jetpack_social_options":{"image_generator_settings":{"template":"highway","default_image_id":0,"font":"","enabled":false},"version":2}},"categories":[4,7,844,5,3,6,1],"tags":[],"class_list":{"0":"post-18688","1":"post","2":"type-post","3":"status-publish","4":"format-standard","6":"category-agenda-politica","7":"category-al-cierre","8":"category-dulce-veneno","9":"category-imagen","10":"category-mesa-de-redaccion","11":"category-tendencias","12":"category-uncategorized"},"jetpack_publicize_connections":[],"jetpack_featured_media_url":"","jetpack_sharing_enabled":true,"jetpack_shortlink":"https:\/\/wp.me\/p9Ynjw-4Rq","jetpack-related-posts":[{"id":19952,"url":"https:\/\/redaccionoaxaca.com\/index.php\/2021\/08\/11\/demanda-congreso-a-actores-politicos-respetar-los-tiempos-electorales\/","url_meta":{"origin":18688,"position":0},"title":"Demanda Congreso a actores pol\u00edticos respetar los tiempos electorales.","author":"ariadna","date":"agosto 11, 2021","format":false,"excerpt":"#Redacci\u00f3nOaxaca #Oaxaca Comunicado San Raymundo Jalpan, Oax. 11 de agosto de 2021.- El Presidente de la Junta de Coordinaci\u00f3n Pol\u00edtica del Congreso Local, Fredie Delf\u00edn Avenda\u00f1o, llam\u00f3 a las personas aspirantes a contender en el proceso de renovaci\u00f3n de la Gubernatura de Oaxaca, para que se ajusten a las disposiciones\u2026","rel":"","context":"En &quot;Agenda Pol\u00edtica&quot;","block_context":{"text":"Agenda Pol\u00edtica","link":"https:\/\/redaccionoaxaca.com\/index.php\/category\/agenda-politica\/"},"img":{"alt_text":"","src":"","width":0,"height":0},"classes":[]},{"id":18731,"url":"https:\/\/redaccionoaxaca.com\/index.php\/2021\/05\/04\/video-13-horas-despues-inician-campanas-municipales-en-oaxaca-no-hubo-omision-ieepco\/","url_meta":{"origin":18688,"position":1},"title":"VIDEO: 13 HORAS DESPU\u00c9S INICIAN CAMPA\u00d1AS MUNICIPALES EN OAXACA, NO HUBO OMISI\u00d3N: IEEPCO.","author":"ariadna","date":"mayo 4, 2021","format":false,"excerpt":"#Redacci\u00f3nOaxaca #Oaxaca El consejero presidente del Instituo Estatal Electoral y de Participaci\u00f3n Ciudadana, Gustavo Meixueiro N\u00e1jera, inform\u00f3 que el retraso en la apertura de campa\u00f1as municipales se debi\u00f3 a la tardanza de los partidos pol\u00edticos en la comprobaci\u00f3n de los lineamientos de equidad de g\u00e9nero y representaci\u00f3n de sectores sociales\u2026","rel":"","context":"En &quot;Agenda Pol\u00edtica&quot;","block_context":{"text":"Agenda Pol\u00edtica","link":"https:\/\/redaccionoaxaca.com\/index.php\/category\/agenda-politica\/"},"img":{"alt_text":"","src":"","width":0,"height":0},"classes":[]},{"id":20093,"url":"https:\/\/redaccionoaxaca.com\/index.php\/2021\/08\/15\/trabaja-congreso-en-reforma-electoral-para-eleccion-de-diputado-o-diputada-migrante\/","url_meta":{"origin":18688,"position":2},"title":"Trabaja Congreso en reforma electoral para elecci\u00f3n de Diputado o Diputada Migrante.","author":"ariadna","date":"agosto 15, 2021","format":false,"excerpt":"#Redacci\u00f3nOaxaca #Oaxaca Comunicado San Raymundo Jalpan, Oax. 14 de agosto de 2021. En el Congreso del Estado se trabaja en las reformas secundarias para garantizar, por primera vez, la integraci\u00f3n de un diputado o diputada migrante en el Poder Legislativo de Oaxaca. En entrevista telef\u00f3nica el diputado P\u00e1vel Mel\u00e9ndez Cruz,\u2026","rel":"","context":"En &quot;Agenda Pol\u00edtica&quot;","block_context":{"text":"Agenda Pol\u00edtica","link":"https:\/\/redaccionoaxaca.com\/index.php\/category\/agenda-politica\/"},"img":{"alt_text":"","src":"","width":0,"height":0},"classes":[]},{"id":18788,"url":"https:\/\/redaccionoaxaca.com\/index.php\/2021\/05\/06\/autoridad-municipal-de-morena-en-oaxaca-impide-camapana-de-candidata-en-oaxaca-y-la-amaga-con-carcel\/","url_meta":{"origin":18688,"position":3},"title":"Autoridad municipal de Morena en Oaxaca impide  camapa\u00f1a de candidata en Oaxaca y la amaga con c\u00e1rcel.","author":"ariadna","date":"mayo 6, 2021","format":false,"excerpt":"#Redacci\u00f3nOaxaca #Oaxaca Jaime GUERRERO Con el amago de encarcelamiento, la autoridad de San Idelfonso Ozoletepec, poblaci\u00f3n San Mateo R\u00edo Hondo, localidad ind\u00edgena de la Sierra Sur de Oaxaca, impidi\u00f3 el arranque de campa\u00f1a de Arely Ram\u00edrez, candidata a la presidencia municipal de la coalici\u00f3n PAN-PRI-PRD, cobij\u00e1ndose bajo el fuero del\u2026","rel":"","context":"En &quot;Agenda Pol\u00edtica&quot;","block_context":{"text":"Agenda Pol\u00edtica","link":"https:\/\/redaccionoaxaca.com\/index.php\/category\/agenda-politica\/"},"img":{"alt_text":"","src":"","width":0,"height":0},"classes":[]},{"id":23201,"url":"https:\/\/redaccionoaxaca.com\/index.php\/2021\/12\/30\/teeo-vincula-a-secretaria-de-gobierno-y-de-seguridad-para-garantizar-toma-de-protesta-de-presidenta-municipal-de-oaxaca-violentada\/","url_meta":{"origin":18688,"position":4},"title":"TEEO vincula a Secretar\u00eda de Gobierno y de Seguridad para garantizar  toma de protesta de Presidenta Municipal de Oaxaca, violentada.","author":"ariadna","date":"diciembre 30, 2021","format":false,"excerpt":"#Redacci\u00f3nOaxaca #Oaxaca Jaime GUERRERO El Pleno del Tribunal Electoral del Estado de Oaxaca (#TEEO) acredit\u00f3 la violencia pol\u00edtica en raz\u00f3n de g\u00e9nero cometida en contra de Sonia Luis Gallegos, presidenta municipal electa de San Dionisio del Mar, por parte de Jorge Luis Ram\u00edrez Jim\u00e9nez, Jorge Castellanos Pinos y Alejandro Orozco\u2026","rel":"","context":"En &quot;Agenda Pol\u00edtica&quot;","block_context":{"text":"Agenda Pol\u00edtica","link":"https:\/\/redaccionoaxaca.com\/index.php\/category\/agenda-politica\/"},"img":{"alt_text":"","src":"","width":0,"height":0},"classes":[]},{"id":15601,"url":"https:\/\/redaccionoaxaca.com\/index.php\/2020\/12\/03\/video-jesus-romero-lopez-integrante-de-morena-en-oaxaca-presentara-denuncia-penal-ante-la-fgr-en-contra-de-gilbero-lozano\/","url_meta":{"origin":18688,"position":5},"title":"VIDEO: Jes\u00fas Romero Lop\u00e9z, integrante de MORENA en Oaxaca, presentar\u00e1 denuncia penal ante la FGR en contra de Gilberto Lozano.","author":"ariadna","date":"diciembre 3, 2020","format":false,"excerpt":"Jes\u00fas Romero Lop\u00e9z, integrante de MORENA en Oaxaca, anuncia que presentar\u00e1 denuncia penal ante la FGR en contra de Gilberto Lozano por los probables delitos de sedici\u00f3n y apolog\u00eda de un delito por las manazas vertidas vs el presidente L\u00f3pez Obrador. En entrevista para Oro Noticias con #HumbertoCruz. #Redacci\u00f3nOaxaca #Oaxaca","rel":"","context":"En &quot;Agenda Pol\u00edtica&quot;","block_context":{"text":"Agenda Pol\u00edtica","link":"https:\/\/redaccionoaxaca.com\/index.php\/category\/agenda-politica\/"},"img":{"alt_text":"","src":"","width":0,"height":0},"classes":[]}],"_links":{"self":[{"href":"https:\/\/redaccionoaxaca.com\/index.php\/wp-json\/wp\/v2\/posts\/18688","targetHints":{"allow":["GET"]}}],"collection":[{"href":"https:\/\/redaccionoaxaca.com\/index.php\/wp-json\/wp\/v2\/posts"}],"about":[{"href":"https:\/\/redaccionoaxaca.com\/index.php\/wp-json\/wp\/v2\/types\/post"}],"author":[{"embeddable":true,"href":"https:\/\/redaccionoaxaca.com\/index.php\/wp-json\/wp\/v2\/users\/9"}],"replies":[{"embeddable":true,"href":"https:\/\/redaccionoaxaca.com\/index.php\/wp-json\/wp\/v2\/comments?post=18688"}],"version-history":[{"count":2,"href":"https:\/\/redaccionoaxaca.com\/index.php\/wp-json\/wp\/v2\/posts\/18688\/revisions"}],"predecessor-version":[{"id":18692,"href":"https:\/\/redaccionoaxaca.com\/index.php\/wp-json\/wp\/v2\/posts\/18688\/revisions\/18692"}],"wp:attachment":[{"href":"https:\/\/redaccionoaxaca.com\/index.php\/wp-json\/wp\/v2\/media?parent=18688"}],"wp:term":[{"taxonomy":"category","embeddable":true,"href":"https:\/\/redaccionoaxaca.com\/index.php\/wp-json\/wp\/v2\/categories?post=18688"},{"taxonomy":"post_tag","embeddable":true,"href":"https:\/\/redaccionoaxaca.com\/index.php\/wp-json\/wp\/v2\/tags?post=18688"}],"curies":[{"name":"wp","href":"https:\/\/api.w.org\/{rel}","templated":true}]}}