{"id":18693,"date":"2021-05-03T11:11:25","date_gmt":"2021-05-03T16:11:25","guid":{"rendered":"http:\/\/redaccionoaxaca.com\/?p=18693"},"modified":"2021-05-03T11:11:25","modified_gmt":"2021-05-03T16:11:25","slug":"simpatizantes-de-benjamin-robles-impiden-agresivamente-evento-de-campana-de-tono-fraguas-y-mariana-nassar","status":"publish","type":"post","link":"https:\/\/redaccionoaxaca.com\/index.php\/2021\/05\/03\/simpatizantes-de-benjamin-robles-impiden-agresivamente-evento-de-campana-de-tono-fraguas-y-mariana-nassar\/","title":{"rendered":"Simpatizantes de Benjamin Robles  impiden agresivamente evento de campa\u00f1a de To\u00f1o Fraguas y Mariana Nassar."},"content":{"rendered":"<p><strong>#Redacci\u00f3nOaxaca<\/strong><\/p>\n<p><strong>#Oaxaca<\/strong><\/p>\n<p><strong>Jaime GUERRERO<\/strong><\/p>\n<p style=\"text-align: justify;\">Simpatizantes del Movimiento de Regeneraci\u00f3n Nacional (Morena) y del Partido del Trabajo, impidieron agresivamente la realizaci\u00f3n de un evento en el fraccionamiento La Esmeralda, en San Pablo Etla, de los candidatos a diputados Federales de la alianza Va Por M\u00e9xico por el Distrito 8, Jos\u00e9 Antonio Hern\u00e1ndez Fraguas y Mariana Nassar Pi\u00f1eyro.<\/p>\n<p style=\"text-align: justify;\">Esta es la segunda ocasi\u00f3n que gente cercana al candidato del y diputado federal del PT, Benjam\u00edn Robles Montoya intenta desestabilizar a esta campa\u00f1a. En d\u00edas pasados circularon una falsa convocatoria, en la cual presuntamente se invitaba a un evento con el candidato Hern\u00e1ndez Fraguas, la cual nunca estuvo considerada en su agenda.<\/p>\n<p style=\"text-align: justify;\">Hern\u00e1ndez Fraguas se\u00f1al\u00f3 que esta guerra sucia es tambi\u00e9n una respuesta a las denuncias presentadas ante la autoridad electoral por gastos anticipados de campa\u00f1a realizados por Robles Montoya y a su esposa la actual diputada federal y candidata plurinominal, Maribel L\u00f3pez Mart\u00ednez, por destinar cerca de medio mill\u00f3n de pesos en promoci\u00f3n de su imagen en Facebook.<\/p>\n<p style=\"text-align: justify;\">A esta queja se suma la derivada de los audios que circularon donde se evidencia el uso de los padrones de beneficiarios de los programas sociales del Gobierno Federal por parte del suplente de Benjam\u00edn Robles, Lenin L\u00f3pez Nelio.<\/p>\n<p style=\"text-align: justify;\">Los hechos en el fraccionamiento Esmeralda, se registraron la tarde del pasado s\u00e1bado, cuando un grupo que indic\u00f3 ser af\u00edn a Morena y seguidor de Robles Montoya, amedrentaron y amenazaron al personal operativo de esta campa\u00f1a, as\u00ed como a ciudadanos que simpatizan con la alianza Va por M\u00e9xico, quienes se encontraban preparando el encuentro que se llevar\u00eda a cabo en la cancha de b\u00e1squetbol de ese fraccionamiento.<\/p>\n<p style=\"text-align: justify;\">\u201c<em>Ante la presencia e intento de agresiones por parte de un grupo de personas identificadas con el PT y Morena, decidimos retirar a nuestra gente. Es claro que vamos en la ruta correcta, el descontento de la ciudadan\u00eda con el mal desempe\u00f1o del Gobierno Federal y de sus aliados es evidente, cada d\u00eda m\u00e1s sectores y personas se unen a nuestro proyecto de campa\u00f1a, hecho que claramente incomoda a Robles Montoya<\/em>\u201d, enfatiz\u00f3 el candidato To\u00f1o Hern\u00e1ndez Fraguas.<\/p>\n<p style=\"text-align: justify;\">Lament\u00f3 que dicho candidato tenga que valerse de este tipo de acciones para querer confundir, atemorizar y enga\u00f1ar a la ciudadan\u00eda. \u201c<em>Basta de guerra sucia, nuestra campa\u00f1a es de propuestas, no caeremos en actos de provocaci\u00f3n<\/em>\u201d, indic\u00f3.<\/p>\n<p style=\"text-align: justify;\">El candidato de la alianza Va por M\u00e9xico reiter\u00f3 que no van a frenar su campa\u00f1a, pues seguir\u00e1 recorriendo el Distrito 8 para compartir su proyecto de trabajo, \u201c<em>hoy est\u00e1 en juego la democracia y libertad de nuestro pa\u00eds, nadie nos va a detener para alcanzar el triunfo el 6 de junio\u201d.<\/em><\/p>\n","protected":false},"excerpt":{"rendered":"<p>#Redacci\u00f3nOaxaca #Oaxaca Jaime GUERRERO Simpatizantes del Movimiento de Regeneraci\u00f3n Nacional (Morena) y del Partido del Trabajo, impidieron agresivamente la realizaci\u00f3n de un evento en el fraccionamiento La Esmeralda, en San Pablo Etla, de los candidatos a diputados Federales de la alianza Va Por M\u00e9xico por el Distrito 8, Jos\u00e9 Antonio Hern\u00e1ndez Fraguas y Mariana Nassar [&hellip;]<\/p>\n","protected":false},"author":9,"featured_media":0,"comment_status":"open","ping_status":"open","sticky":false,"template":"","format":"standard","meta":{"jetpack_post_was_ever_published":false,"_jetpack_newsletter_access":"","_jetpack_dont_email_post_to_subs":false,"_jetpack_newsletter_tier_id":0,"_jetpack_memberships_contains_paywalled_content":false,"_jetpack_memberships_contains_paid_content":false,"footnotes":"","jetpack_publicize_message":"","jetpack_publicize_feature_enabled":true,"jetpack_social_post_already_shared":false,"jetpack_social_options":{"image_generator_settings":{"template":"highway","default_image_id":0,"font":"","enabled":false},"version":2}},"categories":[4,7,5,3,6,1],"tags":[],"class_list":{"0":"post-18693","1":"post","2":"type-post","3":"status-publish","4":"format-standard","6":"category-agenda-politica","7":"category-al-cierre","8":"category-imagen","9":"category-mesa-de-redaccion","10":"category-tendencias","11":"category-uncategorized"},"jetpack_publicize_connections":[],"jetpack_featured_media_url":"","jetpack_sharing_enabled":true,"jetpack_shortlink":"https:\/\/wp.me\/p9Ynjw-4Rv","jetpack-related-posts":[{"id":18456,"url":"https:\/\/redaccionoaxaca.com\/index.php\/2021\/04\/22\/fraguas-y-mariana-nassar-presentarian-accion-colectiva-vs-padron-de-usuarios-de-telefonia-movil\/","url_meta":{"origin":18693,"position":0},"title":"Fraguas y Mariana Nassar, presentar\u00edan acci\u00f3n colectiva vs Padr\u00f3n de Usuarios de Telefon\u00eda M\u00f3vil.","author":"ariadna","date":"abril 22, 2021","format":false,"excerpt":"#Redacci\u00f3nOaxaca #Oaxaca Jaime GUERRERO La creaci\u00f3n del Padr\u00f3n Nacional de Usuarios de Telefon\u00eda M\u00f3vil, aprobado por el Congreso de la Uni\u00f3n, que establece la obligaci\u00f3n de entregar los datos biom\u00e9tricos de los ciudadanos, viola la Constituci\u00f3n y atenta contra los derechos humanos, toda vez que se exponen datos personales, huellas\u2026","rel":"","context":"En &quot;Agenda Pol\u00edtica&quot;","block_context":{"text":"Agenda Pol\u00edtica","link":"https:\/\/redaccionoaxaca.com\/index.php\/category\/agenda-politica\/"},"img":{"alt_text":"","src":"","width":0,"height":0},"classes":[]},{"id":17298,"url":"https:\/\/redaccionoaxaca.com\/index.php\/2021\/03\/05\/fiscal-de-oaxaca-renuncia-para-enrolarse-a-gabinete-de-gobernador-y-dos-secretarias-de-murat-se-separan-del-cargo-para-ir-a-campana\/","url_meta":{"origin":18693,"position":1},"title":"Fiscal de Oaxaca renuncia para enrolarse a Gabinete de Gobernador  y dos Secretarias de Murat se separan del cargo para ir a campa\u00f1a.","author":"ariadna","date":"marzo 5, 2021","format":false,"excerpt":"#Redacci\u00f3nOaxaca #Oaxaca Jaime GUERRERO Este viernes, en medio del proceso electoral federal y local intermedio, el Fiscal General de Oaxaca, Rub\u00e9n Vasconcelos M\u00e9ndez, present\u00f3 hoy su renuncia ante el Congreso local sin especificar el motivo. Del mismo, modo, presentaron su renuncia Mariana Nassar Pi\u00f1eyro, a la titularidad de la Secretar\u00eda\u2026","rel":"","context":"En &quot;Agenda Pol\u00edtica&quot;","block_context":{"text":"Agenda Pol\u00edtica","link":"https:\/\/redaccionoaxaca.com\/index.php\/category\/agenda-politica\/"},"img":{"alt_text":"","src":"","width":0,"height":0},"classes":[]},{"id":24825,"url":"https:\/\/redaccionoaxaca.com\/index.php\/2022\/03\/31\/en-morena-hay-pleitos-afirma-aviles-y-adelanta-que-se-sumaran-a-su-campana-los-inconformes-del-partido-de-amlo-y-del-pan\/","url_meta":{"origin":18693,"position":2},"title":"En Morena hay pleitos, afirma Avil\u00e9s y adelanta que se sumaran  a su campa\u00f1a los inconformes del partido de AMLO y del PAN.","author":"ariadna","date":"marzo 31, 2022","format":false,"excerpt":"#Redacci\u00f3nOaxaca #Oaxaca Jaime GUERRERO \u201cAqu\u00ed no tenemos fobias, no tenemos pleitos, los que se pelean son ellos (Morena) aqu\u00ed nuestro \u00fanico compromiso es con Oaxaca, el \u00fanico proposito se llama Oaxaca, por eso a partir de hoy hacemos un gran pacto por Oaxaca\u201d, afirm\u00f3 el candidato com\u00fan del PRI-PRD la\u2026","rel":"","context":"En &quot;Agenda Pol\u00edtica&quot;","block_context":{"text":"Agenda Pol\u00edtica","link":"https:\/\/redaccionoaxaca.com\/index.php\/category\/agenda-politica\/"},"img":{"alt_text":"","src":"","width":0,"height":0},"classes":[]},{"id":3300,"url":"https:\/\/redaccionoaxaca.com\/index.php\/2018\/10\/16\/ambulantes-del-centro-historico-no-se-instalaran-miercoles-fraguas-anuncia-acuerdo-con-organizaciones\/","url_meta":{"origin":18693,"position":3},"title":"Ambulantes del Centro Hist\u00f3rico no se instalaran  mi\u00e9rcoles, Fraguas anuncia acuerdo con organizaciones","author":"jaime","date":"octubre 16, 2018","format":false,"excerpt":"#Redacci\u00f3nOaxaca #Oaxaca Jaime GUERRERO Tras un acuerdo con 25 organizaciones de comerciantes ambulantes, el Presidente Municipal, Jos\u00e9 Antonio Hern\u00e1ndez Fraguas anunci\u00f3 el programa \u201cMi\u00e9rcoles sin comercio en la v\u00eda p\u00fablica en el centro hist\u00f3rico\u201d, el cual se pondr\u00e1 en marcha a partir de este 17 de octubre. Aproximadamente mil puestos\u2026","rel":"","context":"Entrada similar ","block_context":{"text":"Entrada similar ","link":""},"img":{"alt_text":"","src":"","width":0,"height":0},"classes":[]},{"id":4663,"url":"https:\/\/redaccionoaxaca.com\/index.php\/2018\/12\/27\/fraguas-pide-permiso-para-ausentarse-a-5-dias-culminar-su-gobierno-y-entregarlo-a-morena\/","url_meta":{"origin":18693,"position":4},"title":"Fraguas pide permiso para ausentarse,  a 5 d\u00edas culminar su Gobierno y entregarlo a Morena.","author":"jaime","date":"diciembre 27, 2018","format":false,"excerpt":"#Redacci\u00f3nOaxaca #Oaxaca Jaime GUERRERO\u00a0 El Presidente Municipal Capitalino, Jos\u00e9 Antonio Hern\u00e1ndez Fraguas, pidi\u00f3 permiso para ausentarse los 5 d\u00edas que le faltan para culminar su mandato. El pr\u00f3ximo 1 de enero, entrar\u00e1 en funciones la administraci\u00f3n de Oswaldo Garc\u00eda Jarqu\u00edn, edil electo emanado de la coalici\u00f3n \u201cJuntos Haremos Historia\u201d, integrada\u2026","rel":"","context":"Entrada similar ","block_context":{"text":"Entrada similar ","link":""},"img":{"alt_text":"","src":"","width":0,"height":0},"classes":[]},{"id":7159,"url":"https:\/\/redaccionoaxaca.com\/index.php\/2019\/06\/11\/sin-sorpresa-enroques-en-gabinete-de-murat-reciclan-a-castro-en-sedafpa-y-a-gurrion-en-semaedeso-fraguas-a-enlace-federal-subsisten-4\/","url_meta":{"origin":18693,"position":5},"title":"Sin sorpresa, enroques en Gabinete de Murat; reciclan a Castro en Sedafpa y a Gurri\u00f3n en Semaedeso, Fraguas a Enlace Federal. Subsisten 4","author":"denise","date":"junio 11, 2019","format":false,"excerpt":"#Redacci\u00f3noaxaca Jaime GUERRERO El gobernador del estado Alejandro Murat Hinojosa, oficializ\u00f3 cambios y enroques en su gabinete legal y ampliado, que no present\u00f3 ninguna novedad y en algunos casos el perfil es por dem\u00e1s cuestionable, entre los que destacan la llegada de Sof\u00eda Castro R\u00edos en la Secretar\u00eda de Desarrollo\u2026","rel":"","context":"Entrada similar ","block_context":{"text":"Entrada similar ","link":""},"img":{"alt_text":"","src":"","width":0,"height":0},"classes":[]}],"_links":{"self":[{"href":"https:\/\/redaccionoaxaca.com\/index.php\/wp-json\/wp\/v2\/posts\/18693","targetHints":{"allow":["GET"]}}],"collection":[{"href":"https:\/\/redaccionoaxaca.com\/index.php\/wp-json\/wp\/v2\/posts"}],"about":[{"href":"https:\/\/redaccionoaxaca.com\/index.php\/wp-json\/wp\/v2\/types\/post"}],"author":[{"embeddable":true,"href":"https:\/\/redaccionoaxaca.com\/index.php\/wp-json\/wp\/v2\/users\/9"}],"replies":[{"embeddable":true,"href":"https:\/\/redaccionoaxaca.com\/index.php\/wp-json\/wp\/v2\/comments?post=18693"}],"version-history":[{"count":1,"href":"https:\/\/redaccionoaxaca.com\/index.php\/wp-json\/wp\/v2\/posts\/18693\/revisions"}],"predecessor-version":[{"id":18695,"href":"https:\/\/redaccionoaxaca.com\/index.php\/wp-json\/wp\/v2\/posts\/18693\/revisions\/18695"}],"wp:attachment":[{"href":"https:\/\/redaccionoaxaca.com\/index.php\/wp-json\/wp\/v2\/media?parent=18693"}],"wp:term":[{"taxonomy":"category","embeddable":true,"href":"https:\/\/redaccionoaxaca.com\/index.php\/wp-json\/wp\/v2\/categories?post=18693"},{"taxonomy":"post_tag","embeddable":true,"href":"https:\/\/redaccionoaxaca.com\/index.php\/wp-json\/wp\/v2\/tags?post=18693"}],"curies":[{"name":"wp","href":"https:\/\/api.w.org\/{rel}","templated":true}]}}