{"id":18776,"date":"2021-05-06T07:31:39","date_gmt":"2021-05-06T12:31:39","guid":{"rendered":"http:\/\/redaccionoaxaca.com\/?p=18776"},"modified":"2021-05-06T08:05:23","modified_gmt":"2021-05-06T13:05:23","slug":"video-con-el-viento-a-su-favor","status":"publish","type":"post","link":"https:\/\/redaccionoaxaca.com\/index.php\/2021\/05\/06\/video-con-el-viento-a-su-favor\/","title":{"rendered":"VIDEO: CON EL VIENTO A SU FAVOR."},"content":{"rendered":"<p><strong>#Redacci\u00f3nOaxaca<\/strong><\/p>\n<p><strong>#Oaxaca<\/strong><\/p>\n<p><strong>Humberto Cruz<\/strong><\/p>\n<p style=\"text-align: justify;\">La ventosa es tierra de osos y cuando las cosas se ponen de la patada, ellos son los mejores.<\/p>\n<p style=\"text-align: justify;\">Con una inversi\u00f3n de 650 mil pesos, la compa\u00f1\u00eda e\u00f3lica, Iberdrola, construy\u00f3 un pozo de 33 metro de profundidad y habilit\u00f3 el sistema de riego que cuenta con aspersores, mangueras, conexiones, sistema el\u00e9ctrico, bomba de agua y todo lo necesario para empastar el campo de futbol de la comunidad.<\/p>\n<p style=\"text-align: justify;\">Como en todas las dem\u00e1s obras y acciones, Iberdrola entreg\u00f3 los trabajos realizados ante notario p\u00fablico, con documentos y especificaciones detalladas de la inversi\u00f3n para los beneficiarios y las autoridades municipales y agrarias.<\/p>\n<p style=\"text-align: justify;\">El campo de futbol tiene un profundo significado para La Ventosa, es la madriguera del club deportivo Osos Grises, cuna de campeones y cantera de jugadores valiosos que han debutado en equipos profesionales de la regi\u00f3n y del pa\u00eds, explic\u00f3 Carlos Rasgado G\u00f3mez uno de los promotores de la gesti\u00f3n.<\/p>\n<p style=\"text-align: justify;\">Cuando la comunidad decidi\u00f3 que gesti\u00f3n presentar\u00edan ante la empresa e\u00f3lica, todos estuvieron de acuerdo, el campo de Futbol, la cueva de los osos, gan\u00f3 los consensos.<\/p>\n<p style=\"text-align: justify;\">desde 1977, hace 44 a\u00f1os, Oscar P\u00e9rez L\u00f3pez registr\u00f3 sus primeros logro en el balompi\u00e9 regional, jug\u00f3 en equipos de Oaxaca, Chiapas y Veracruz; toda su experiencia sirve hoy para entrenar a las nuevas generaciones de La Ventosa<\/p>\n<p style=\"text-align: justify;\">entrenar en La Ventosa no es f\u00e1cil, tanto en los entrenamientos como en los partidos, el viento siempre juega, pateas a la izquierda y el aire se lleva el bal\u00f3n a donde quiera. Acepta en entrenador en jefe de los Osos Grises.<\/p>\n<p style=\"text-align: justify;\">para el veterano entrenador, el juego es cosa seria, el deporte y la convivencia, el juego en equipo SALVAN VIDAS.<\/p>\n<p style=\"text-align: justify;\">El campo pronto lucir\u00e1 empastado, casi 900 personas tendr\u00e1n un lugar digno para jugar y entrenar, todas las categor\u00edas tendr\u00e1n que convivir en esa cancha desde los infantiles hasta los veteranos\u2026 cuando Oscar P\u00e9rez, el oso mayor, paso a firmar el acta de entrega del pozo profundo y el sistema de riego, por un instante parec\u00eda que el viento tambi\u00e9n pas\u00f3 a dejar su consentimiento.<\/p>\n<p style=\"text-align: justify;\">Al pie de la carretera en La Ventosa, en ese nudo en donde confluyen 3 carreteras federales, con el fondo de los gigantescos aerogeneradores, un ni\u00f1o caminaba de la mano con su se\u00f1ora madre, volteo a mirar el campo de FutBol y apretaron el paso, alg\u00fan d\u00eda podr\u00e1 sumarse a una nueva camada de campeones en la vida y en el juego.<\/p>\n<div style=\"width: 640px;\" class=\"wp-video\"><video class=\"wp-video-shortcode\" id=\"video-18776-1\" width=\"640\" height=\"360\" preload=\"metadata\" controls=\"controls\"><source type=\"video\/mp4\" src=\"http:\/\/redaccionoaxaca.com\/wp-content\/uploads\/2021\/05\/VID-20210506-WA0020-2.mp4?_=1\" \/><a href=\"http:\/\/redaccionoaxaca.com\/wp-content\/uploads\/2021\/05\/VID-20210506-WA0020-2.mp4\">http:\/\/redaccionoaxaca.com\/wp-content\/uploads\/2021\/05\/VID-20210506-WA0020-2.mp4<\/a><\/video><\/div>\n","protected":false},"excerpt":{"rendered":"<p>#Redacci\u00f3nOaxaca #Oaxaca Humberto Cruz La ventosa es tierra de osos y cuando las cosas se ponen de la patada, ellos son los mejores. Con una inversi\u00f3n de 650 mil pesos, la compa\u00f1\u00eda e\u00f3lica, Iberdrola, construy\u00f3 un pozo de 33 metro de profundidad y habilit\u00f3 el sistema de riego que cuenta con aspersores, mangueras, conexiones, sistema [&hellip;]<\/p>\n","protected":false},"author":9,"featured_media":0,"comment_status":"open","ping_status":"open","sticky":false,"template":"","format":"video","meta":{"jetpack_post_was_ever_published":false,"_jetpack_newsletter_access":"","_jetpack_dont_email_post_to_subs":false,"_jetpack_newsletter_tier_id":0,"_jetpack_memberships_contains_paywalled_content":false,"_jetpack_memberships_contains_paid_content":false,"footnotes":"","jetpack_publicize_message":"","jetpack_publicize_feature_enabled":true,"jetpack_social_post_already_shared":false,"jetpack_social_options":{"image_generator_settings":{"template":"highway","default_image_id":0,"font":"","enabled":false},"version":2}},"categories":[4,7,844,5,3,6,1],"tags":[],"class_list":{"0":"post-18776","1":"post","2":"type-post","3":"status-publish","4":"format-video","6":"category-agenda-politica","7":"category-al-cierre","8":"category-dulce-veneno","9":"category-imagen","10":"category-mesa-de-redaccion","11":"category-tendencias","12":"category-uncategorized","13":"post_format-post-format-video"},"jetpack_publicize_connections":[],"jetpack_featured_media_url":"","jetpack_sharing_enabled":true,"jetpack_shortlink":"https:\/\/wp.me\/p9Ynjw-4SQ","jetpack-related-posts":[{"id":20592,"url":"https:\/\/redaccionoaxaca.com\/index.php\/2021\/09\/03\/en-oaxaca-gobierno-del-estado-e-iniciativa-privada-construyen-para-educar\/","url_meta":{"origin":18776,"position":0},"title":"En Oaxaca, Gobierno del Estado e iniciativa privada construyen para educar.","author":"ariadna","date":"septiembre 3, 2021","format":false,"excerpt":"#Redacci\u00f3nOaxaca #Oaxaca \u2022 Iberdrola M\u00e9xico finaliz\u00f3 la reconstrucci\u00f3n de las tres primeras escuelas y avanza en las obras de reconstrucci\u00f3n de otros cinco planteles educativos \u2022 Con una inversi\u00f3n de 125 millones de pesos, el programa Construir para Educar reconstruir\u00e1 50 escuelas da\u00f1adas, las cuales tendr\u00e1n paneles solares para contar\u2026","rel":"","context":"En &quot;Imagen&quot;","block_context":{"text":"Imagen","link":"https:\/\/redaccionoaxaca.com\/index.php\/category\/imagen\/"},"img":{"alt_text":"","src":"https:\/\/i0.wp.com\/redaccionoaxaca.com\/wp-content\/uploads\/2021\/09\/IMG-20210903-WA0093-300x200.jpg?resize=350%2C200&ssl=1","width":350,"height":200},"classes":[]},{"id":20302,"url":"https:\/\/redaccionoaxaca.com\/index.php\/2021\/08\/24\/oaxaca-apuesta-por-la-educacion-de-los-jovenes15-mdp-se-invertiran-en-becas-para-su-formacion-en-campos-de-ciencia-tecnologia-ingenieria-y-matematicas\/","url_meta":{"origin":18776,"position":1},"title":"Oaxaca apuesta por la Educaci\u00f3n de los j\u00f3venes;15 mdp se invertir\u00e1n en becas para su formaci\u00f3n en campos de ciencia, tecnolog\u00eda, ingenier\u00eda y matem\u00e1ticas.","author":"ariadna","date":"agosto 24, 2021","format":false,"excerpt":"#Redacci\u00f3nOaxaca #Oaxaca Ariadna Mendoza Este martes se llev\u00f3 a cabo la entrega de Becas Impulso STEM, a 20 j\u00f3venes estudiantes oaxaque\u00f1os, el cual es un programa promovido por IBERDROLA M\u00e9xico y el Gobierno del Estado, en alianza con la Universidad Tecnol\u00f3gica de los Valles Centrales de Oaxaca (UTVCO) y el\u2026","rel":"","context":"En &quot;Imagen&quot;","block_context":{"text":"Imagen","link":"https:\/\/redaccionoaxaca.com\/index.php\/category\/imagen\/"},"img":{"alt_text":"","src":"","width":0,"height":0},"classes":[]},{"id":28435,"url":"https:\/\/redaccionoaxaca.com\/index.php\/2022\/10\/25\/obtienen-beca-19-estudiantes-de-la-utvco-iberdrola-mexico-apuesta-por-las-mujeres-oaxaquenas-en-carreras-stem\/","url_meta":{"origin":18776,"position":2},"title":"Obtienen beca 19 estudiantes de la UTVCO; Iberdrola M\u00e9xico apuesta por las mujeres oaxaque\u00f1as en carreras STEM","author":"ariadna","date":"octubre 25, 2022","format":"video","excerpt":"#Redacci\u00f3nOaxaca #Oaxaca Ariadna Mendoza 19 j\u00f3venes estudiantes de la Universidad Tecnol\u00f3gica de los Valles Centrales de Oaxaca, (UTVCO) recibieron este martes una beca por parte de Iberdrola M\u00e9xico, formando as\u00ed la tercera generaci\u00f3n del programa Impulso STEM cuyo objetivo es incentivar la educaci\u00f3n, romper la brecha de g\u00e9nero, impulsando a\u2026","rel":"","context":"En &quot;Imagen&quot;","block_context":{"text":"Imagen","link":"https:\/\/redaccionoaxaca.com\/index.php\/category\/imagen\/"},"img":{"alt_text":"","src":"https:\/\/i0.wp.com\/redaccionoaxaca.com\/wp-content\/uploads\/2022\/10\/IMG-20221025-WA0121-300x174.jpg?resize=350%2C200&ssl=1","width":350,"height":200},"classes":[]},{"id":29629,"url":"https:\/\/redaccionoaxaca.com\/index.php\/2023\/11\/07\/gobierno-del-estado-e-iberdrola-mexico-embelleceran-10-edificios-historicos-con-proyecto-de-iluminacion-oaxaca-brilla\/","url_meta":{"origin":18776,"position":3},"title":"Gobierno del Estado e Iberdrola M\u00e9xico embellecer\u00e1n 10 edificios hist\u00f3ricos con proyecto de iluminaci\u00f3n Oaxaca Brilla","author":"ariadna","date":"noviembre 7, 2023","format":false,"excerpt":"#Redacci\u00f3nOaxaca #Oaxaca \u2022 Este proyecto de iluminaci\u00f3n art\u00edstica, vanguardista y sostenible fijar\u00e1 una hoja de ruta que colocar\u00e1 a la ciudad de Oaxaca en el nivel de grandes capitales mundiales como Madrid, Roma o Par\u00eds \u2022 Oaxaca Brilla iluminar\u00e1 10 edificios hist\u00f3ricos en un tiempo de cinco a\u00f1os, dos edificios\u2026","rel":"","context":"En &quot;Agenda Pol\u00edtica&quot;","block_context":{"text":"Agenda Pol\u00edtica","link":"https:\/\/redaccionoaxaca.com\/index.php\/category\/agenda-politica\/"},"img":{"alt_text":"","src":"https:\/\/i0.wp.com\/redaccionoaxaca.com\/wp-content\/uploads\/2023\/11\/IMG-20231107-WA0070-300x200.jpg?resize=350%2C200&ssl=1","width":350,"height":200},"classes":[]},{"id":10832,"url":"https:\/\/redaccionoaxaca.com\/index.php\/2020\/02\/25\/sct-pago-40-8-mdp-en-obras-irregulares-y-fantasma-en-autopista-acayucan-la-ventosa\/","url_meta":{"origin":18776,"position":4},"title":"SCT pag\u00f3 40.8 mdp en obras irregulares y fantasma en autopista Acayucan-La Ventosa.","author":"ariadna","date":"febrero 25, 2020","format":false,"excerpt":"#Redacci\u00f3nOaxaca #Oaxaca Jaime GUERRERO La Auditor\u00eda Superior de la Federaci\u00f3n emiti\u00f3 una Promoci\u00f3n de Responsabilidad Administrativa Sancionatoria a la Secretar\u00eda de Comunicaciones y Transportes o que su equivalente realice las investigaciones pertinentes y, en su caso, inicie el procedimiento administrativo correspondiente por las irregularidades de servidores p\u00fablicos que, en su\u2026","rel":"","context":"Entrada similar ","block_context":{"text":"Entrada similar ","link":""},"img":{"alt_text":"","src":"","width":0,"height":0},"classes":[]},{"id":20390,"url":"https:\/\/redaccionoaxaca.com\/index.php\/2021\/08\/26\/reportaje-dos-generaciones-de-ingenieras-e-ingenieros-oaxaquenos-se-preparan-en-la-utvo-para-contribuir-en-el-desarrollo-del-estado\/","url_meta":{"origin":18776,"position":5},"title":"REPORTAJE: Dos generaciones de ingenieras e ingenieros oaxaque\u00f1os, se preparan en la UTVO, para contribuir en el desarrollo del estado.","author":"ariadna","date":"agosto 26, 2021","format":"video","excerpt":"#Redacci\u00f3nOaxaca #Oaxaca Ariadna Mendoza Buscando reducir las brechas de g\u00e9nero e impulsar el desarrollo intelectual de las y los j\u00f3venes oaxaque\u00f1os otorg\u00e1ndoles herramientas en carreras STEM como Ciencia, Tecnolog\u00eda, Ingenier\u00eda y Matem\u00e1ticas; Iberdrola M\u00e9xico en alianza con el Gobierno de Oaxaca entregaron 20 becas \u201cImpulso STEM\u201d, a 10 mujeres y\u2026","rel":"","context":"En &quot;Imagen&quot;","block_context":{"text":"Imagen","link":"https:\/\/redaccionoaxaca.com\/index.php\/category\/imagen\/"},"img":{"alt_text":"","src":"","width":0,"height":0},"classes":[]}],"_links":{"self":[{"href":"https:\/\/redaccionoaxaca.com\/index.php\/wp-json\/wp\/v2\/posts\/18776","targetHints":{"allow":["GET"]}}],"collection":[{"href":"https:\/\/redaccionoaxaca.com\/index.php\/wp-json\/wp\/v2\/posts"}],"about":[{"href":"https:\/\/redaccionoaxaca.com\/index.php\/wp-json\/wp\/v2\/types\/post"}],"author":[{"embeddable":true,"href":"https:\/\/redaccionoaxaca.com\/index.php\/wp-json\/wp\/v2\/users\/9"}],"replies":[{"embeddable":true,"href":"https:\/\/redaccionoaxaca.com\/index.php\/wp-json\/wp\/v2\/comments?post=18776"}],"version-history":[{"count":3,"href":"https:\/\/redaccionoaxaca.com\/index.php\/wp-json\/wp\/v2\/posts\/18776\/revisions"}],"predecessor-version":[{"id":18782,"href":"https:\/\/redaccionoaxaca.com\/index.php\/wp-json\/wp\/v2\/posts\/18776\/revisions\/18782"}],"wp:attachment":[{"href":"https:\/\/redaccionoaxaca.com\/index.php\/wp-json\/wp\/v2\/media?parent=18776"}],"wp:term":[{"taxonomy":"category","embeddable":true,"href":"https:\/\/redaccionoaxaca.com\/index.php\/wp-json\/wp\/v2\/categories?post=18776"},{"taxonomy":"post_tag","embeddable":true,"href":"https:\/\/redaccionoaxaca.com\/index.php\/wp-json\/wp\/v2\/tags?post=18776"}],"curies":[{"name":"wp","href":"https:\/\/api.w.org\/{rel}","templated":true}]}}