{"id":18783,"date":"2021-05-06T13:29:43","date_gmt":"2021-05-06T18:29:43","guid":{"rendered":"http:\/\/redaccionoaxaca.com\/?p=18783"},"modified":"2021-05-06T13:30:09","modified_gmt":"2021-05-06T18:30:09","slug":"video-desestabilizadores-de-la-nacion","status":"publish","type":"post","link":"https:\/\/redaccionoaxaca.com\/index.php\/2021\/05\/06\/video-desestabilizadores-de-la-nacion\/","title":{"rendered":"VIDEO: DESESTABILIZADORES DE LA NACION."},"content":{"rendered":"<p><strong>#Redacci\u00f3nOaxaca<\/strong><\/p>\n<p><strong>#Oaxaca<\/strong><\/p>\n<p style=\"text-align: justify;\">Coraje, indignaci\u00f3n y cansancio provocaron los llamados &#8220;servidores de la naci\u00f3n&#8221; qu\u00e9 lejos de facilitar la jornada de vacunaci\u00f3n ignoraron y ridiculizaron al agente municipal de Dolores e impusieron sus propias reglas por encima de la organizaci\u00f3n de la gente.<\/p>\n<p style=\"text-align: justify;\">Los hechos ocurrieron ayer en la zona norte de la Cd de #Oaxaca -por cierto, gobernada por <strong>#MORENA,<\/strong>\u00a0ante la aglomeraci\u00f3n de personas de 50 a 59 a\u00f1os que buscan aplicarse la vacuna contra el COVID19, el agente municipal Omar Silva se present\u00f3 al lugar habilitado como centro de vacunaci\u00f3n y junto con la ciudadan\u00eda acordaron un mecanismo de coordinaci\u00f3n y se repartieron fichas numeradas y selladas para evitar que se quedaran en la v\u00eda p\u00fablica durante la noche, sin embargo horas m\u00e1s tarde, los empleados federales, autonombrados servidores de la naci\u00f3n, llegaron y de inmediato rechazaron \u00e9ste mecanismo.<\/p>\n<p style=\"text-align: justify;\">&#8220;<em>Qui\u00e9n es el agente municipal para venir a ordenar? dijeron, luego cerraron la puerta y por varios minutos ignoraron las preguntas, s\u00faplicas y reclamos de la gente, incluso aquellos que se hab\u00edan retirado con su ficha tuvieron que regresar para enterarse de la conducta de quienes ah\u00ed mismo fueron calificados como &#8220;desestabilizadores de la naci\u00f3n&#8221;.<\/em><\/p>\n<p style=\"text-align: justify;\">El enojo subi\u00f3 de tono, por algunos minutos hubo voces qu\u00e9 invitaban a derribar la puerta y sacar a los empleados de la Secretar\u00eda de BIENESTAR; de nueva cuenta la intervenci\u00f3n del agente municipal impidi\u00f3 que las cosas se salieran de control y consigui\u00f3 qu\u00e9 se respetaran los lugares de las 214 fichas entregadas.<\/p>\n<div style=\"width: 696px;\" class=\"wp-video\"><video class=\"wp-video-shortcode\" id=\"video-18783-1\" width=\"696\" height=\"394\" preload=\"metadata\" controls=\"controls\"><source type=\"video\/mp4\" src=\"http:\/\/redaccionoaxaca.com\/wp-content\/uploads\/2021\/05\/VID-20210506-WA0104.mp4?_=1\" \/><a href=\"http:\/\/redaccionoaxaca.com\/wp-content\/uploads\/2021\/05\/VID-20210506-WA0104.mp4\">http:\/\/redaccionoaxaca.com\/wp-content\/uploads\/2021\/05\/VID-20210506-WA0104.mp4<\/a><\/video><\/div>\n","protected":false},"excerpt":{"rendered":"<p>#Redacci\u00f3nOaxaca #Oaxaca Coraje, indignaci\u00f3n y cansancio provocaron los llamados &#8220;servidores de la naci\u00f3n&#8221; qu\u00e9 lejos de facilitar la jornada de vacunaci\u00f3n ignoraron y ridiculizaron al agente municipal de Dolores e impusieron sus propias reglas por encima de la organizaci\u00f3n de la gente. Los hechos ocurrieron ayer en la zona norte de la Cd de #Oaxaca [&hellip;]<\/p>\n","protected":false},"author":9,"featured_media":0,"comment_status":"open","ping_status":"open","sticky":false,"template":"","format":"video","meta":{"jetpack_post_was_ever_published":false,"_jetpack_newsletter_access":"","_jetpack_dont_email_post_to_subs":false,"_jetpack_newsletter_tier_id":0,"_jetpack_memberships_contains_paywalled_content":false,"_jetpack_memberships_contains_paid_content":false,"footnotes":"","jetpack_publicize_message":"","jetpack_publicize_feature_enabled":true,"jetpack_social_post_already_shared":false,"jetpack_social_options":{"image_generator_settings":{"template":"highway","default_image_id":0,"font":"","enabled":false},"version":2}},"categories":[4,7,5,3,6,1],"tags":[],"class_list":{"0":"post-18783","1":"post","2":"type-post","3":"status-publish","4":"format-video","6":"category-agenda-politica","7":"category-al-cierre","8":"category-imagen","9":"category-mesa-de-redaccion","10":"category-tendencias","11":"category-uncategorized","12":"post_format-post-format-video"},"jetpack_publicize_connections":[],"jetpack_featured_media_url":"","jetpack_sharing_enabled":true,"jetpack_shortlink":"https:\/\/wp.me\/p9Ynjw-4SX","jetpack-related-posts":[{"id":17338,"url":"https:\/\/redaccionoaxaca.com\/index.php\/2021\/03\/10\/video-diputada-del-pan-en-oaxaca-se-presenta-fila-de-vacunacion-de-adultos-mayores-vs-covid-y-se-gana-repudio\/","url_meta":{"origin":18783,"position":0},"title":"VIDEO: Diputada del PAN en Oaxaca, se presenta fila de  vacunaci\u00f3n de adultos mayores vs COVID y se gana repudio.","author":"ariadna","date":"marzo 10, 2021","format":"video","excerpt":"#Redacci\u00f3nOaxaca #Oaxaca Jaime GUERRERO En franca acci\u00f3n de protagonismo y carro\u00f1a pol\u00edtica, la diputada federal del Partido Acci\u00f3n Nacional (PAN) y aspirante a la Presidencia Municipal de Oaxaca de Ju\u00e1rez, Alejandra Garc\u00eda Morl\u00e1n, volvi\u00f3 a acaparar reflectores. Esta vez, se apareci\u00f3 en el proceso desorganizado de vacunaci\u00f3n a adultos mayores\u2026","rel":"","context":"En &quot;Agenda Pol\u00edtica&quot;","block_context":{"text":"Agenda Pol\u00edtica","link":"https:\/\/redaccionoaxaca.com\/index.php\/category\/agenda-politica\/"},"img":{"alt_text":"","src":"","width":0,"height":0},"classes":[]},{"id":17713,"url":"https:\/\/redaccionoaxaca.com\/index.php\/2021\/03\/24\/videos-a-servidores-de-la-nacion-se-les-acabaron-las-vacunas-y-lo-retienen-en-municipio-de-oaxaca\/","url_meta":{"origin":18783,"position":1},"title":"VIDEOS: A Servidores de la Naci\u00f3n se les acabaron las vacunas y lo retienen en municipio de Oaxaca.","author":"ariadna","date":"marzo 24, 2021","format":"video","excerpt":"#Redacci\u00f3nOaxaca #Oaxaca Citlalli L\u00f3pez Vel\u00e1zquez Servidores de la Naci\u00f3n y personal de la Secretar\u00eda de Bienestar fueron retenidos por habitantes de la Villa de #Zaachila, municipio de Oaxaca, luego de que se terminaran las vacunas contra la Covid-19 y quedara una larga fila de personas adultas mayores que no alcanzaron\u2026","rel":"","context":"En &quot;Agenda Pol\u00edtica&quot;","block_context":{"text":"Agenda Pol\u00edtica","link":"https:\/\/redaccionoaxaca.com\/index.php\/category\/agenda-politica\/"},"img":{"alt_text":"","src":"","width":0,"height":0},"classes":[]},{"id":23693,"url":"https:\/\/redaccionoaxaca.com\/index.php\/2022\/01\/28\/video-en-la-cuarta-ola-por-omicron-se-llevo-a-cabo-la-vacunacion-anticovid-sin-guardar-sana-distancia-servidores-de-la-nacion-no-previeron-la-situacion\/","url_meta":{"origin":18783,"position":2},"title":"VIDEO: En la cuarta ola por \u00d3micron, se llev\u00f3 a cabo la vacunaci\u00f3n anticovid, sin guardar sana distancia; Servidores de la Naci\u00f3n no previeron la situaci\u00f3n.","author":"ariadna","date":"enero 28, 2022","format":"video","excerpt":"#Redacci\u00f3nOaxaca #Oaxaca #AriadnaMendoza En el \u00faltimo d\u00eda de vacunaci\u00f3n, larga fila de personas se registraron en los puntos, del Tecnol\u00f3gico de Oaxaca, la Zona Militar y en Ciudad Universitaria. Una gran cantidad de j\u00f3venes se dieron cita este viernes, toda vez que se aplic\u00f3 la dosis primera y segunda dosis\u2026","rel":"","context":"En &quot;Imagen&quot;","block_context":{"text":"Imagen","link":"https:\/\/redaccionoaxaca.com\/index.php\/category\/imagen\/"},"img":{"alt_text":"","src":"","width":0,"height":0},"classes":[]},{"id":17390,"url":"https:\/\/redaccionoaxaca.com\/index.php\/2021\/03\/11\/barricadas-bloqueos-y-protestas-genera-suspension-de-vacunacion-vs-covid19-en-municipios-de-oaxaca\/","url_meta":{"origin":18783,"position":3},"title":"Barricadas, bloqueos y protestas genera suspensi\u00f3n  de vacunaci\u00f3n vs COVID19 en municipios de Oaxaca.","author":"ariadna","date":"marzo 11, 2021","format":false,"excerpt":"#Redacci\u00f3nOaxaca #Oaxaca Jaime GUERRERO La suspensi\u00f3n de vacunas contra el Virus SARS COV2 (Covid-19) en 11 municipios de Oaxaca, por la ineficacia en el proceso de organizaci\u00f3n que encabeza la delegada de programas sociales para el desarrollo del Gobierno Federal de la Secretar\u00eda de Bienestar, Nancy Ortiz Cabrera, provoc\u00f3 la\u2026","rel":"","context":"En &quot;Agenda Pol\u00edtica&quot;","block_context":{"text":"Agenda Pol\u00edtica","link":"https:\/\/redaccionoaxaca.com\/index.php\/category\/agenda-politica\/"},"img":{"alt_text":"","src":"","width":0,"height":0},"classes":[]},{"id":17345,"url":"https:\/\/redaccionoaxaca.com\/index.php\/2021\/03\/10\/oaxaca-de-juarez-cerro-con-2o-dia-de-pernocta-en-las-calles-aledanas-a-los-11-puntos-de-vacunacion\/","url_meta":{"origin":18783,"position":4},"title":"VIDEO: Oaxaca de Ju\u00e1rez cerr\u00f3 con 2o d\u00eda de pernocta en las calles aleda\u00f1as a los 11 puntos de vacunaci\u00f3n.","author":"ariadna","date":"marzo 10, 2021","format":"video","excerpt":"#Redacci\u00f3nOaxaca #Oaxaca Maira Ric\u00e1rdez *Este martes la aplicaci\u00f3n concluy\u00f3 m\u00e1s all\u00e1 de las 7pm Pese a estar marcado el anuncio de horario de vacunaci\u00f3n hasta las 16 horas, ante la concentraci\u00f3n masiva de personas y debido al retraso de m\u00e1s de 2 horas con que arranc\u00f3 la jornada, los denominados\u2026","rel":"","context":"En &quot;Agenda Pol\u00edtica&quot;","block_context":{"text":"Agenda Pol\u00edtica","link":"https:\/\/redaccionoaxaca.com\/index.php\/category\/agenda-politica\/"},"img":{"alt_text":"","src":"","width":0,"height":0},"classes":[]},{"id":16386,"url":"https:\/\/redaccionoaxaca.com\/index.php\/2021\/01\/21\/representantes-del-gobierno-de-lopez-obrador-inalcanzables-en-oaxaca-sria-de-bienestar-evade-informar-sobre-llamadas-que-servidores-de-la-nacion-realizan\/","url_meta":{"origin":18783,"position":5},"title":"Representantes del Gobierno de L\u00f3pez Obrador inalcanzables en Oaxaca, Sria. De Bienestar evade informar sobre llamadas que \u201cservidores de la naci\u00f3n\u201d realizan.","author":"ariadna","date":"enero 21, 2021","format":false,"excerpt":"#Redacci\u00f3nOaxaca #Oaxaca Maira Ric\u00e1rdez *Fue el Subsecretario de Salud federal quien inform\u00f3 que actualmente realizan un cuestionario en zonas rurales para conocer las necesidades y armar el operativo de vacunaci\u00f3n Personal que asiste a la Secretar\u00eda de Bienestar del Gobierno de M\u00e9xico representante del Gobierno del pa\u00eds en Oaxaca, Nancy\u2026","rel":"","context":"En &quot;Agenda Pol\u00edtica&quot;","block_context":{"text":"Agenda Pol\u00edtica","link":"https:\/\/redaccionoaxaca.com\/index.php\/category\/agenda-politica\/"},"img":{"alt_text":"","src":"","width":0,"height":0},"classes":[]}],"_links":{"self":[{"href":"https:\/\/redaccionoaxaca.com\/index.php\/wp-json\/wp\/v2\/posts\/18783","targetHints":{"allow":["GET"]}}],"collection":[{"href":"https:\/\/redaccionoaxaca.com\/index.php\/wp-json\/wp\/v2\/posts"}],"about":[{"href":"https:\/\/redaccionoaxaca.com\/index.php\/wp-json\/wp\/v2\/types\/post"}],"author":[{"embeddable":true,"href":"https:\/\/redaccionoaxaca.com\/index.php\/wp-json\/wp\/v2\/users\/9"}],"replies":[{"embeddable":true,"href":"https:\/\/redaccionoaxaca.com\/index.php\/wp-json\/wp\/v2\/comments?post=18783"}],"version-history":[{"count":1,"href":"https:\/\/redaccionoaxaca.com\/index.php\/wp-json\/wp\/v2\/posts\/18783\/revisions"}],"predecessor-version":[{"id":18786,"href":"https:\/\/redaccionoaxaca.com\/index.php\/wp-json\/wp\/v2\/posts\/18783\/revisions\/18786"}],"wp:attachment":[{"href":"https:\/\/redaccionoaxaca.com\/index.php\/wp-json\/wp\/v2\/media?parent=18783"}],"wp:term":[{"taxonomy":"category","embeddable":true,"href":"https:\/\/redaccionoaxaca.com\/index.php\/wp-json\/wp\/v2\/categories?post=18783"},{"taxonomy":"post_tag","embeddable":true,"href":"https:\/\/redaccionoaxaca.com\/index.php\/wp-json\/wp\/v2\/tags?post=18783"}],"curies":[{"name":"wp","href":"https:\/\/api.w.org\/{rel}","templated":true}]}}