{"id":23432,"date":"2022-01-12T21:56:24","date_gmt":"2022-01-13T03:56:24","guid":{"rendered":"https:\/\/redaccionoaxaca.com\/?p=23432"},"modified":"2022-01-12T21:56:24","modified_gmt":"2022-01-13T03:56:24","slug":"video-por-omicron-congreso-pide-gobernador-de-oaxaca-aplicacion-de-pruebas-gratuitas-pcr-en-570-municipios","status":"publish","type":"post","link":"https:\/\/redaccionoaxaca.com\/index.php\/2022\/01\/12\/video-por-omicron-congreso-pide-gobernador-de-oaxaca-aplicacion-de-pruebas-gratuitas-pcr-en-570-municipios\/","title":{"rendered":"VIDEO: Por \u201c\u00f3micron\u201d, Congreso pide Gobernador de Oaxaca   aplicaci\u00f3n de pruebas gratuitas &#8220;PCR&#8221; en 570 municipios."},"content":{"rendered":"<p><strong>#Redacci\u00f3nOaxaca<\/strong><\/p>\n<p><strong>#Oaxaca<\/strong><\/p>\n<p><strong>Jaime GUERRERO<\/strong><\/p>\n<p style=\"text-align: justify;\">Ante la presencia de la variante \u00d3micron en Oaxaca, el Congreso del Estado, exhort\u00f3 al Gobernador, Alejandro Murat Hinojosa, a la instalaci\u00f3n de m\u00f3dulos de aplicaci\u00f3n de pruebas gratuitas &#8220;PCR&#8221; para la detecci\u00f3n del Covid-19.<\/p>\n<p style=\"text-align: justify;\">Con 28 votos a favor, fue aprobado por el pleno de la 65 Legislatura local el punto de acuerdo, de urgente y obvia resoluci\u00f3n.<\/p>\n<p style=\"text-align: justify;\">En el acuerdo aprobado, se establece que, a la Secretar\u00eda de Finanzas, corresponde autorizar las adecuaciones presupuestarias que permitan un mejor cumplimiento de los programas a cargo de las dependencias y entidades.<\/p>\n<p style=\"text-align: justify;\">En el caso concreto de la pandemia, constituyen un objetivo a erradicar por parte del Ejecutivo del Estado.<\/p>\n<p style=\"text-align: justify;\">Para ello, se pidi\u00f3 al gobierno del estado a establecer dichos m\u00f3dulos en las 570 cabeceras municipales para que acudan quienes hayan estado en contacto con una persona contagiada o presenten alg\u00fan s\u00edntoma, independientemente de que tengan o no, alg\u00fan servicio m\u00e9dico.<\/p>\n<p style=\"text-align: justify;\">El exhorto fue presentado por la diputada de la bancada de Morena, Dennis Garc\u00eda Guti\u00e9rrez, y va dirigido tambi\u00e9n a los titulares de la Secretar\u00eda de Salud, Jorge Alcocer y el director de los Servicios de Salud de Oaxaca, Juan Carlos M\u00e1rquez Heine y de la Secretar\u00eda de Finanzas, Jorge Hidalgo.<\/p>\n<p style=\"text-align: justify;\">La legisladora justific\u00f3 que el Gobierno, debe realizar un esfuerzo de coordinaci\u00f3n institucional, con sus dependencias encargadas de garantizar tanto la protecci\u00f3n del derecho humano a la salud, como la de proveer los recursos necesarios en casos de contingencias como las sanitarias, tal es el caso de la Secretar\u00eda de Salud.<\/p>\n<p style=\"text-align: justify;\">Destac\u00f3 que en Oaxaca existe un rezago en la atenci\u00f3n a la salud, que va desde la falta de m\u00e9dicos en las comunidades, hasta la carencia de insumos y unidades m\u00e9dicas que garanticen una atenci\u00f3n oportuna respecto de cualquier enfermedad.<\/p>\n<p style=\"text-align: justify;\">Garc\u00eda Guti\u00e9rrez, refiri\u00f3 que el haberse aplicado la vacuna a gran parte de la poblaci\u00f3n, durante diciembre acudieron de manera masiva a lugares p\u00fablicos, centros comerciales, reuniones familiares, playas, ciudades, situaci\u00f3n que provoc\u00f3 la generaci\u00f3n de la denominada cuarta ola de la pandemia de Covid-19 en el pa\u00eds.<\/p>\n<p style=\"text-align: justify;\">Y a\u00fan cuando ya se ejecuta ese tipo de campa\u00f1as, solicit\u00f3 al Ejecutivo a intensificar la difusi\u00f3n de informaci\u00f3n relacionada con las variantes del virus SARS-CoV2, con la finalidad de que la ciudadan\u00eda mantenga los cuidados de salud personales y se evite la propagaci\u00f3n de dicha enfermedad.<\/p>\n<div style=\"width: 696px;\" class=\"wp-video\"><video class=\"wp-video-shortcode\" id=\"video-23432-1\" width=\"696\" height=\"394\" preload=\"metadata\" controls=\"controls\"><source type=\"video\/mp4\" src=\"https:\/\/redaccionoaxaca.com\/wp-content\/uploads\/2022\/01\/VID-20220112-WA0132.mp4?_=1\" \/><a href=\"https:\/\/redaccionoaxaca.com\/wp-content\/uploads\/2022\/01\/VID-20220112-WA0132.mp4\">https:\/\/redaccionoaxaca.com\/wp-content\/uploads\/2022\/01\/VID-20220112-WA0132.mp4<\/a><\/video><\/div>\n","protected":false},"excerpt":{"rendered":"<p>#Redacci\u00f3nOaxaca #Oaxaca Jaime GUERRERO Ante la presencia de la variante \u00d3micron en Oaxaca, el Congreso del Estado, exhort\u00f3 al Gobernador, Alejandro Murat Hinojosa, a la instalaci\u00f3n de m\u00f3dulos de aplicaci\u00f3n de pruebas gratuitas &#8220;PCR&#8221; para la detecci\u00f3n del Covid-19. Con 28 votos a favor, fue aprobado por el pleno de la 65 Legislatura local el [&hellip;]<\/p>\n","protected":false},"author":9,"featured_media":0,"comment_status":"open","ping_status":"open","sticky":false,"template":"","format":"video","meta":{"jetpack_post_was_ever_published":false,"_jetpack_newsletter_access":"","_jetpack_dont_email_post_to_subs":false,"_jetpack_newsletter_tier_id":0,"_jetpack_memberships_contains_paywalled_content":false,"_jetpack_memberships_contains_paid_content":false,"footnotes":"","jetpack_publicize_message":"","jetpack_publicize_feature_enabled":true,"jetpack_social_post_already_shared":true,"jetpack_social_options":{"image_generator_settings":{"template":"highway","default_image_id":0,"font":"","enabled":false},"version":2}},"categories":[4,5,6],"tags":[],"class_list":{"0":"post-23432","1":"post","2":"type-post","3":"status-publish","4":"format-video","6":"category-agenda-politica","7":"category-imagen","8":"category-tendencias","9":"post_format-post-format-video"},"jetpack_publicize_connections":[],"jetpack_featured_media_url":"","jetpack_sharing_enabled":true,"jetpack_shortlink":"https:\/\/wp.me\/p9Ynjw-65W","jetpack-related-posts":[{"id":23684,"url":"https:\/\/redaccionoaxaca.com\/index.php\/2022\/01\/27\/revela-clinica-osmo-que-en-oaxaca-ya-se-han-registrado-las-primeras-muertes-por-covid-subraya-la-importancia-de-la-aplicacion-de-las-pruebas-rapidas-de-deteccion\/","url_meta":{"origin":23432,"position":0},"title":"Revela cl\u00ednica OSMO que en Oaxaca ya se han registrado las primeras muertes por COVID, subraya la importancia de la aplicaci\u00f3n de las pruebas r\u00e1pidas de detecci\u00f3n.","author":"ariadna","date":"enero 27, 2022","format":false,"excerpt":"#Redacci\u00f3nOaxaca #Oaxaca Maira Ric\u00e1rdez El Director de la Red de Estudios OSMO Oaxaca, Dr. V\u00edctor Boh\u00f3rquez inform\u00f3 en entrevista, que de acuerdo a los datos de esta cl\u00ednica que realiza estudios especializados en el tema covid en coordinaci\u00f3n con laboratorios internacionales, en Oaxaca ya ha se han registrado las primeras\u2026","rel":"","context":"En &quot;Imagen&quot;","block_context":{"text":"Imagen","link":"https:\/\/redaccionoaxaca.com\/index.php\/category\/imagen\/"},"img":{"alt_text":"","src":"","width":0,"height":0},"classes":[]},{"id":20905,"url":"https:\/\/redaccionoaxaca.com\/index.php\/2021\/09\/15\/congreso-de-oaxaca-aprueba-juicio-sumario-a-gobernador-por-violar-veda-en-periodo-electoral\/","url_meta":{"origin":23432,"position":1},"title":"Congreso de Oaxaca, aprueba Juicio Sumario a Gobernador, por violar veda en periodo electoral.","author":"ariadna","date":"septiembre 15, 2021","format":false,"excerpt":"#Redacci\u00f3nOaxaca #Oaxaca Jaime GUERRERO A propuesta de la Comisi\u00f3n Instructora, la LXIV Legislatura de Oaxaca, aprob\u00f3 los lineamientos para el inicio de un juicio sumario al Gobernador del Estado, Alejandro Murat Hinojosa -por violar la veda en el pasado proceso electoral federal y local intermedio- que conducir\u00e1, una vez determinada\u2026","rel":"","context":"En &quot;Agenda Pol\u00edtica&quot;","block_context":{"text":"Agenda Pol\u00edtica","link":"https:\/\/redaccionoaxaca.com\/index.php\/category\/agenda-politica\/"},"img":{"alt_text":"","src":"","width":0,"height":0},"classes":[]},{"id":18152,"url":"https:\/\/redaccionoaxaca.com\/index.php\/2021\/04\/07\/de-cada-100-pruebas-covid-20-estan-resultando-positivas-en-la-ciudad-de-oaxaca-red-osmo\/","url_meta":{"origin":23432,"position":2},"title":"De cada 100 pruebas covid 20 est\u00e1n resultando positivas en la ciudad de Oaxaca: Red OSMO.","author":"ariadna","date":"abril 7, 2021","format":false,"excerpt":"#Redacci\u00f3nOaxaca #Oaxaca Maira\u00a0Ric\u00e1rdez De 100 pruebas COVID promedio al d\u00eda realizadas por la Red Osmo en colaboraci\u00f3n con el Ayuntamiento de Oaxaca de Ju\u00e1rez, al menos 20 est\u00e1n resultando positivas, inform\u00f3 el Director de la Red Osmo, V\u00edctor Boh\u00f3rquez L\u00f3pez, esto a 3 d\u00edas del inicio del programa de pruebas\u2026","rel":"","context":"En &quot;Al Cierre&quot;","block_context":{"text":"Al Cierre","link":"https:\/\/redaccionoaxaca.com\/index.php\/category\/al-cierre\/"},"img":{"alt_text":"","src":"","width":0,"height":0},"classes":[]},{"id":20857,"url":"https:\/\/redaccionoaxaca.com\/index.php\/2021\/09\/14\/recula-comision-instructora-no-aplicara-juicio-politico-a-gobernador-de-oaxaca-va-juicio-sumario-con-grado-de-sancion\/","url_meta":{"origin":23432,"position":3},"title":"Recula Comisi\u00f3n Instructora, no aplicar\u00e1 Juicio Pol\u00edtico a  Gobernador de Oaxaca; va juicio sumario con grado de sanci\u00f3n.","author":"ariadna","date":"septiembre 14, 2021","format":false,"excerpt":"#Redacci\u00f3nOaxaca #Oaxaca Jaime GUERRERO La Comisi\u00f3n Instructora de la saliente LXIV Legislatura de Oaxaca, dio marcha atr\u00e1s en su pretensi\u00f3n de incoar Juicio Pol\u00edtico al Gobernador, Alejandro Murat Hinojosa. Los sedicentes legisladores y legisladoras, por fin, acordaron presentar al pleno el acuerdo del inicio de un juicio sumario que conducir\u00e1,\u2026","rel":"","context":"En &quot;Agenda Pol\u00edtica&quot;","block_context":{"text":"Agenda Pol\u00edtica","link":"https:\/\/redaccionoaxaca.com\/index.php\/category\/agenda-politica\/"},"img":{"alt_text":"","src":"https:\/\/i0.wp.com\/redaccionoaxaca.com\/wp-content\/uploads\/2021\/09\/IMG-20210914-WA0123-158x300.jpg?resize=350%2C200&ssl=1","width":350,"height":200},"classes":[]},{"id":30635,"url":"https:\/\/redaccionoaxaca.com\/index.php\/2024\/02\/22\/llama-congreso-a-fomentar-realizacion-de-auto-pruebas-para-deteccion-oportuna-del-vih\/","url_meta":{"origin":23432,"position":4},"title":"Llama Congreso a fomentar realizaci\u00f3n de auto pruebas para detecci\u00f3n oportuna del VIH","author":"ariadna","date":"febrero 22, 2024","format":false,"excerpt":"#Redacci\u00f3nOaxaca #Oaxaca \u2022 El objetivo es la prevenci\u00f3n y atenci\u00f3n oportuna de esta enfermedad de transmisi\u00f3n sexual. San Raymundo Jalpan, Oax. 21 de febrero de 2024.- La LXV Legislatura del H. Congreso del Estado de Oaxaca exhorta al Consejo Estatal para la Prevenci\u00f3n y Control del Sida (#Coesida) a coordinarse\u2026","rel":"","context":"En &quot;Agenda Pol\u00edtica&quot;","block_context":{"text":"Agenda Pol\u00edtica","link":"https:\/\/redaccionoaxaca.com\/index.php\/category\/agenda-politica\/"},"img":{"alt_text":"","src":"","width":0,"height":0},"classes":[]},{"id":13677,"url":"https:\/\/redaccionoaxaca.com\/index.php\/2020\/07\/30\/inicia-secretaria-de-salud-aplicacion-de-pruebas-rapidas-en-istmo-y-cuenca-prioritariamente-seran-20-mil-reactivos\/","url_meta":{"origin":23432,"position":5},"title":"Inicia Secretar\u00eda de Salud aplicaci\u00f3n de pruebas r\u00e1pidas en Istmo y Cuenca prioritariamente, ser\u00e1n 20 mil reactivos.","author":"ariadna","date":"julio 30, 2020","format":false,"excerpt":"#Redacci\u00f3nOaxaca #Oaxaca Maira Ric\u00e1rdez *Al momento han aplicado 5 mil pruebas y de estas el 95% han resultado negativas, inform\u00f3 el Subsecretario de Salud del Estado La Secretar\u00eda de Salud del Estado inici\u00f3 la aplicaci\u00f3n en Municipios de la Regi\u00f3n del istmo y de la Cuenca de pruebas r\u00e1pidas para\u2026","rel":"","context":"En &quot;Mesa de Redacci\u00f3n&quot;","block_context":{"text":"Mesa de Redacci\u00f3n","link":"https:\/\/redaccionoaxaca.com\/index.php\/category\/mesa-de-redaccion\/"},"img":{"alt_text":"","src":"","width":0,"height":0},"classes":[]}],"_links":{"self":[{"href":"https:\/\/redaccionoaxaca.com\/index.php\/wp-json\/wp\/v2\/posts\/23432","targetHints":{"allow":["GET"]}}],"collection":[{"href":"https:\/\/redaccionoaxaca.com\/index.php\/wp-json\/wp\/v2\/posts"}],"about":[{"href":"https:\/\/redaccionoaxaca.com\/index.php\/wp-json\/wp\/v2\/types\/post"}],"author":[{"embeddable":true,"href":"https:\/\/redaccionoaxaca.com\/index.php\/wp-json\/wp\/v2\/users\/9"}],"replies":[{"embeddable":true,"href":"https:\/\/redaccionoaxaca.com\/index.php\/wp-json\/wp\/v2\/comments?post=23432"}],"version-history":[{"count":1,"href":"https:\/\/redaccionoaxaca.com\/index.php\/wp-json\/wp\/v2\/posts\/23432\/revisions"}],"predecessor-version":[{"id":23436,"href":"https:\/\/redaccionoaxaca.com\/index.php\/wp-json\/wp\/v2\/posts\/23432\/revisions\/23436"}],"wp:attachment":[{"href":"https:\/\/redaccionoaxaca.com\/index.php\/wp-json\/wp\/v2\/media?parent=23432"}],"wp:term":[{"taxonomy":"category","embeddable":true,"href":"https:\/\/redaccionoaxaca.com\/index.php\/wp-json\/wp\/v2\/categories?post=23432"},{"taxonomy":"post_tag","embeddable":true,"href":"https:\/\/redaccionoaxaca.com\/index.php\/wp-json\/wp\/v2\/tags?post=23432"}],"curies":[{"name":"wp","href":"https:\/\/api.w.org\/{rel}","templated":true}]}}