{"id":23438,"date":"2022-01-12T22:01:48","date_gmt":"2022-01-13T04:01:48","guid":{"rendered":"https:\/\/redaccionoaxaca.com\/?p=23438"},"modified":"2022-01-12T22:02:16","modified_gmt":"2022-01-13T04:02:16","slug":"por-intereses-fuerza-por-mexico-se-pega-a-morena-por-gubernatura-de-oaxaca-en-concejalias-va-en-contra","status":"publish","type":"post","link":"https:\/\/redaccionoaxaca.com\/index.php\/2022\/01\/12\/por-intereses-fuerza-por-mexico-se-pega-a-morena-por-gubernatura-de-oaxaca-en-concejalias-va-en-contra\/","title":{"rendered":"VIDEO: Por intereses, Fuerza por M\u00e9xico se \u201cpega\u201d a Morena   por Gubernatura de Oaxaca; en Concejal\u00edas va en contra."},"content":{"rendered":"<p><strong>#Redacci\u00f3nOaxaca<\/strong><\/p>\n<p><strong>#Oaxaca<\/strong><\/p>\n<p><strong>Jaime GUERRERO<\/strong><\/p>\n<p style=\"text-align: justify;\">En una franca contradicci\u00f3n pol\u00edtica y exhibiendo intereses grupales-personales, Gerardo Islas, quien se ostenta como l\u00edder de extinto partido \u201cFuerza Por M\u00e9xico\u201d -filial de sindicato <strong>#CATEM<\/strong>-, confirm\u00f3 que competir\u00e1n en la pr\u00f3xima elecci\u00f3n a gobernador, apoyando al abanderado del Partido Morena, Salom\u00f3n Jara Cruz.<\/p>\n<p style=\"text-align: justify;\">Mientras que en las elecciones extraordinarias de concejal\u00edas, como en el municipio de Santa Cruz Xoxocotl\u00e1n, va contra el Partido del Presidente, Andr\u00e9s Manuel L\u00f3pez Obrador.<\/p>\n<p style=\"text-align: justify;\">Por lo pronto reiter\u00f3 que, buscar\u00e1n obtener el registro como partido pol\u00edtico local -pese a que el Instituto Estatal Electoral y de Participaci\u00f3n Ciudadana de Oaxaca (IEEPCO), fundament\u00f3 legalmente su negativa para otorgarle su registro local- bebido a que no alcanz\u00f3 el 3 por ciento de la votaci\u00f3n total estatal emitida en las diputaciones locales, para poder competir en la pr\u00f3xima contienda electoral.<\/p>\n<p style=\"text-align: justify;\">La Ley de Instituciones Pol\u00edticas y Procedimientos Electorales para el Estado de Oaxaca (LIPPEO), establece que para los partidos pol\u00edticos de registro nacional, para mantener el registro local, deben de obtener al menos el 3 por ciento de la votaci\u00f3n en la elecci\u00f3n Gubernatura y diputaciones locales.<\/p>\n<p style=\"text-align: justify;\">No obstante, esa determinaci\u00f3n tambi\u00e9n esta impugnada en el Tribunal Electoral del Estado de Oaxaca.<\/p>\n<p style=\"text-align: justify;\">En lo que eso se resuelve, anunci\u00f3 que ir\u00e1n de facto con la coalici\u00f3n Juntos Hacemos Historia Por Oaxaca para la gubernatura con el senador de la rep\u00fablica, Salom\u00f3n Jara Cruz, mientras que en las elecciones extraordinarias, impulsar\u00e1n un candidato propio.<\/p>\n<p style=\"text-align: justify;\">En un franca contradicci\u00f3n, neg\u00f3 que se pretenda desde la elecci\u00f3n de la gubernatura, entregar las presidencias municipales a Morena, como ha trascendido en Santa Cruz Xoxocotl\u00e1n.<\/p>\n<p style=\"text-align: justify;\">Gerardo Islas, insisti\u00f3 que en Xoxocotl\u00e1n, es Vicente Castellanos quien ser\u00e1 su pr\u00f3ximo candidato.<\/p>\n<p style=\"text-align: justify;\">Salom\u00e9 Mart\u00ednez, ex dirigente estatal de Fuerza X M\u00e9xico -quien el pasado mes de agosto renunci\u00f3 a su cargo- reiter\u00f3 que para la elecci\u00f3n de la gubernatura van con Salom\u00f3n Jara, pero que se deber\u00e1 de separar el apoyo al senador, a lo que pueda ocurrir en las presidencias municipales.<\/p>\n<p style=\"text-align: justify;\">\u201c<em>Son temas apartes<\/em>\u201d, justific\u00f3 la ex pri\u00edsta.<\/p>\n<div style=\"width: 640px;\" class=\"wp-video\"><video class=\"wp-video-shortcode\" id=\"video-23438-1\" width=\"640\" height=\"304\" preload=\"metadata\" controls=\"controls\"><source type=\"video\/mp4\" src=\"https:\/\/redaccionoaxaca.com\/wp-content\/uploads\/2022\/01\/VID-20220112-WA0133.mp4?_=1\" \/><a href=\"https:\/\/redaccionoaxaca.com\/wp-content\/uploads\/2022\/01\/VID-20220112-WA0133.mp4\">https:\/\/redaccionoaxaca.com\/wp-content\/uploads\/2022\/01\/VID-20220112-WA0133.mp4<\/a><\/video><\/div>\n<p>&nbsp;<\/p>\n","protected":false},"excerpt":{"rendered":"<p>#Redacci\u00f3nOaxaca #Oaxaca Jaime GUERRERO En una franca contradicci\u00f3n pol\u00edtica y exhibiendo intereses grupales-personales, Gerardo Islas, quien se ostenta como l\u00edder de extinto partido \u201cFuerza Por M\u00e9xico\u201d -filial de sindicato #CATEM-, confirm\u00f3 que competir\u00e1n en la pr\u00f3xima elecci\u00f3n a gobernador, apoyando al abanderado del Partido Morena, Salom\u00f3n Jara Cruz. Mientras que en las elecciones extraordinarias de [&hellip;]<\/p>\n","protected":false},"author":9,"featured_media":0,"comment_status":"open","ping_status":"open","sticky":false,"template":"","format":"video","meta":{"jetpack_post_was_ever_published":false,"_jetpack_newsletter_access":"","_jetpack_dont_email_post_to_subs":false,"_jetpack_newsletter_tier_id":0,"_jetpack_memberships_contains_paywalled_content":false,"_jetpack_memberships_contains_paid_content":false,"footnotes":"","jetpack_publicize_message":"","jetpack_publicize_feature_enabled":true,"jetpack_social_post_already_shared":true,"jetpack_social_options":{"image_generator_settings":{"template":"highway","default_image_id":0,"font":"","enabled":false},"version":2}},"categories":[4,7],"tags":[],"class_list":{"0":"post-23438","1":"post","2":"type-post","3":"status-publish","4":"format-video","6":"category-agenda-politica","7":"category-al-cierre","8":"post_format-post-format-video"},"jetpack_publicize_connections":[],"jetpack_featured_media_url":"","jetpack_sharing_enabled":true,"jetpack_shortlink":"https:\/\/wp.me\/p9Ynjw-662","jetpack-related-posts":[{"id":19646,"url":"https:\/\/redaccionoaxaca.com\/index.php\/2021\/06\/08\/en-antesala-de-sucesion-gubernamental-morena-de-amlo-se-posiciona-como-1a-fuerza-politica-en-oaxaca-pri-2a-pt-3a-pan-4a-pvem-5a-y-prd-cae-a-6a\/","url_meta":{"origin":23438,"position":0},"title":"En antesala de sucesi\u00f3n gubernamental, Morena de AMLO, se posiciona como 1\u00aa fuerza pol\u00edtica en Oaxaca; PRI 2\u00aa; PT 3\u00aa; PAN 4\u00aa; PVEM 5\u00aa y PRD cae a 6\u00aa .","author":"ariadna","date":"junio 8, 2021","format":false,"excerpt":"#Redacci\u00f3nOaxaca #Oaxaca Jaime GUERRERO En la antesala de la sucesi\u00f3n gubernamental, culminada la captura de 5 mil 768 actas de escrutinio y computo, en el Programa de Resultados Electorales Preliminares (PREP), la votaci\u00f3n estatal por Partido Pol\u00edtico, posiciona a Movimiento de Regeneraci\u00f3n Nacional (Morena) como la primera fuerza pol\u00edtica de\u2026","rel":"","context":"En &quot;Agenda Pol\u00edtica&quot;","block_context":{"text":"Agenda Pol\u00edtica","link":"https:\/\/redaccionoaxaca.com\/index.php\/category\/agenda-politica\/"},"img":{"alt_text":"","src":"","width":0,"height":0},"classes":[]},{"id":27113,"url":"https:\/\/redaccionoaxaca.com\/index.php\/2022\/08\/08\/ople-entrega-constancia-de-partido-politico-local-a-fuerza-por-mexico-en-oaxaca\/","url_meta":{"origin":23438,"position":1},"title":"OPLE entrega constancia de Partido  Pol\u00edtico Local a Fuerza Por M\u00e9xico en Oaxaca","author":"ariadna","date":"agosto 8, 2022","format":false,"excerpt":"#Redacci\u00f3nOaxaca #Oaxaca Jaime GUERRERO El Instituto Estatal Electoral y de Participaci\u00f3n Ciudadana de Oaxaca (#IEEPCO) entreg\u00f3 la constancia de registro como partido pol\u00edtico local al Partido Fuerza por M\u00e9xico, tras cumplir con al menos 3% de la votaci\u00f3n v\u00e1lida emitida en alguna de las dos elecciones que se celebraron el\u2026","rel":"","context":"En &quot;Agenda Pol\u00edtica&quot;","block_context":{"text":"Agenda Pol\u00edtica","link":"https:\/\/redaccionoaxaca.com\/index.php\/category\/agenda-politica\/"},"img":{"alt_text":"","src":"","width":0,"height":0},"classes":[]},{"id":18034,"url":"https:\/\/redaccionoaxaca.com\/index.php\/2021\/04\/04\/listos-arrancan-campanas-a-diputaciones-federales-en-oaxaca-60-candidatos-disputan-10-curules-para-san-lazaro\/","url_meta":{"origin":23438,"position":2},"title":"Listos. Arrancan campa\u00f1as a diputaciones federales, en Oaxaca 60 candidatos disputan 10 curules para San L\u00e1zaro.","author":"ariadna","date":"abril 4, 2021","format":false,"excerpt":"#Redacci\u00f3nOaxaca #Oaxaca Jaime GUERRERO Este domingo 4 de abril arrancan las campa\u00f1as a diputaciones federales en el pa\u00eds, en las que los diez partidos pol\u00edticos nacionales y sus candidatos tratar\u00e1n de convencerte para que voten por ellos el 6 de junio. Las campa\u00f1as culminar\u00e1n el 2 de junio para que\u2026","rel":"","context":"En &quot;Agenda Pol\u00edtica&quot;","block_context":{"text":"Agenda Pol\u00edtica","link":"https:\/\/redaccionoaxaca.com\/index.php\/category\/agenda-politica\/"},"img":{"alt_text":"","src":"","width":0,"height":0},"classes":[]},{"id":32054,"url":"https:\/\/redaccionoaxaca.com\/index.php\/2024\/06\/07\/morena-1a-fuerza-politica-en-oaxaca-pt-2a-irrumpe-pvem-como-3a-prd-fxmo-y-mujer-pierden-registro\/","url_meta":{"origin":23438,"position":3},"title":"Morena 1\u00aa fuerza pol\u00edtica en Oaxaca, PT 2\u00aa, irrumpe  PVEM como 3\u00aa; PRD, FXMO y Mujer, pierden registro","author":"ariadna","date":"junio 7, 2024","format":false,"excerpt":"#Redacci\u00f3nOaxaca #Oaxaca Jaime GUERRERO Culminados los computos distritales que realizaron los 25 \u00f3rganos desconcentrados del Instituto Estatal Electoral y de Participaci\u00f3n Ciudadana de Oaxaca (IEEPCO) de la elecci\u00f3n de 25 diputaciones locales de mayor\u00eda del pasado 2 de junio, el Partido Movimiento de Regeneraci\u00f3n Nacional (Morena), se afianz\u00f3 como la\u2026","rel":"","context":"En &quot;Agenda Pol\u00edtica&quot;","block_context":{"text":"Agenda Pol\u00edtica","link":"https:\/\/redaccionoaxaca.com\/index.php\/category\/agenda-politica\/"},"img":{"alt_text":"","src":"","width":0,"height":0},"classes":[]},{"id":31721,"url":"https:\/\/redaccionoaxaca.com\/index.php\/2024\/05\/12\/aprueba-ieepco-registro-de-candidaturas-a-concejalias\/","url_meta":{"origin":23438,"position":4},"title":"Aprueba IEEPCO registro de candidaturas a Concejal\u00edas","author":"ariadna","date":"mayo 12, 2024","format":false,"excerpt":"#Redacci\u00f3nOaxaca #Oaxaca OAXACA, Oax.- El Consejo General del Instituto Estatal Electoral y de Participaci\u00f3n Ciudadana de Oaxaca (IEEPCO), aprob\u00f3, en Sesi\u00f3n Extraordinaria Urgente, el registro de candidaturas postuladas por los Partidos Fuerza Por M\u00e9xico, de la Revoluci\u00f3n Democr\u00e1tica y del Revolucionario Institucional, esto en cumplimiento de las sentencias dictadas por\u2026","rel":"","context":"En &quot;Agenda Pol\u00edtica&quot;","block_context":{"text":"Agenda Pol\u00edtica","link":"https:\/\/redaccionoaxaca.com\/index.php\/category\/agenda-politica\/"},"img":{"alt_text":"","src":"","width":0,"height":0},"classes":[]},{"id":26065,"url":"https:\/\/redaccionoaxaca.com\/index.php\/2022\/06\/10\/morena-1a-fuerza-politica-en-oaxaca-pri-2o-pt-3a-pan-4a-mc-5a-pup-6a-pvem-y-prd-al-sotano-nueva-alianza-desaparece\/","url_meta":{"origin":23438,"position":5},"title":"Morena 1\u00aa fuerza pol\u00edtica en Oaxaca; PRI 2\u00ba, PT 3\u00aa, PAN 4\u00aa,   MC 5\u00aa, PUP 6\u00aa, PVEM y PRD al s\u00f3tano; Nueva Alianza desaparece","author":"ariadna","date":"junio 10, 2022","format":false,"excerpt":"#Redacci\u00f3nOaxaca #Oaxaca Jaime GUERRERO Culminado el computo general distrital de la elecci\u00f3n de gubernatura del pasado 5 de junio, el Partido Movimiento de Regeneraci\u00f3n Nacional (Morena), adem\u00e1s de ganar la elecci\u00f3n con Salom\u00f3n Jara Cruz, se afianza como la primera fuerza pol\u00edtica en Oaxaca; mientras que en el otro extremo,\u2026","rel":"","context":"En &quot;Agenda Pol\u00edtica&quot;","block_context":{"text":"Agenda Pol\u00edtica","link":"https:\/\/redaccionoaxaca.com\/index.php\/category\/agenda-politica\/"},"img":{"alt_text":"","src":"","width":0,"height":0},"classes":[]}],"_links":{"self":[{"href":"https:\/\/redaccionoaxaca.com\/index.php\/wp-json\/wp\/v2\/posts\/23438","targetHints":{"allow":["GET"]}}],"collection":[{"href":"https:\/\/redaccionoaxaca.com\/index.php\/wp-json\/wp\/v2\/posts"}],"about":[{"href":"https:\/\/redaccionoaxaca.com\/index.php\/wp-json\/wp\/v2\/types\/post"}],"author":[{"embeddable":true,"href":"https:\/\/redaccionoaxaca.com\/index.php\/wp-json\/wp\/v2\/users\/9"}],"replies":[{"embeddable":true,"href":"https:\/\/redaccionoaxaca.com\/index.php\/wp-json\/wp\/v2\/comments?post=23438"}],"version-history":[{"count":2,"href":"https:\/\/redaccionoaxaca.com\/index.php\/wp-json\/wp\/v2\/posts\/23438\/revisions"}],"predecessor-version":[{"id":23442,"href":"https:\/\/redaccionoaxaca.com\/index.php\/wp-json\/wp\/v2\/posts\/23438\/revisions\/23442"}],"wp:attachment":[{"href":"https:\/\/redaccionoaxaca.com\/index.php\/wp-json\/wp\/v2\/media?parent=23438"}],"wp:term":[{"taxonomy":"category","embeddable":true,"href":"https:\/\/redaccionoaxaca.com\/index.php\/wp-json\/wp\/v2\/categories?post=23438"},{"taxonomy":"post_tag","embeddable":true,"href":"https:\/\/redaccionoaxaca.com\/index.php\/wp-json\/wp\/v2\/tags?post=23438"}],"curies":[{"name":"wp","href":"https:\/\/api.w.org\/{rel}","templated":true}]}}