{"id":23636,"date":"2022-01-25T21:48:51","date_gmt":"2022-01-26T03:48:51","guid":{"rendered":"https:\/\/redaccionoaxaca.com\/?p=23636"},"modified":"2022-01-25T21:48:51","modified_gmt":"2022-01-26T03:48:51","slug":"video-trabajadores-de-ex-fabrica-donde-se-instalara-archivo-agrario-reclaman-indemnizaciones-por-60-mdp-imss-embargo-4-poligonos","status":"publish","type":"post","link":"https:\/\/redaccionoaxaca.com\/index.php\/2022\/01\/25\/video-trabajadores-de-ex-fabrica-donde-se-instalara-archivo-agrario-reclaman-indemnizaciones-por-60-mdp-imss-embargo-4-poligonos\/","title":{"rendered":"VIDEO: Trabajadores de ex fabrica donde se instalar\u00e1 Archivo Agrario,   reclaman indemnizaciones por 60 mdp; IMSS embarg\u00f3 4 pol\u00edgonos."},"content":{"rendered":"<p><strong>#Redacci\u00f3nOaxaca<\/strong><\/p>\n<p><strong>#Oaxaca<\/strong><\/p>\n<p><strong>Jaime GUERRERO<\/strong><\/p>\n<p style=\"text-align: justify;\">Extrabajadores de la Empresa Novopan protestaron en la exf\u00e1brica de triplay de la Ciudad de Oaxaca, durante la presentaci\u00f3n del proyecto del Archivo Agrario Nacional que encabez\u00f3 el Gobernador Alejandro Murat, y Beatriz Guti\u00e9rrez M\u00fcller, Presidenta Honoraria del Consejo Asesor de Memoria Hist\u00f3rica y Cultural de M\u00e9xico, para reclamar pagos de sueldos ca\u00eddos e indemnizaciones por el orden de los 60 millones de pesos.<\/p>\n<p style=\"text-align: justify;\">Los inconformes, pretend\u00edan entregar a la esposa del Presidente de M\u00e9xico Andr\u00e9s Manuel L\u00f3pez Obrador, un escrito de la problem\u00e1tica que padecen.<\/p>\n<p style=\"text-align: justify;\">De acuerdo a los ex trabajadores, tienen la adjudicaci\u00f3n y posesi\u00f3n de 6 hect\u00e1reas del inmueble, sin que hasta el momento se les cubra un adeudo de 60 millones de pesos a favor de 67 extrabajadores.<\/p>\n<p style=\"text-align: justify;\">El terreno en disputa ubicado en jurisdicci\u00f3n de la agencia municipal de San Mart\u00edn Mexic\u00e1pam.<\/p>\n<p style=\"text-align: justify;\">Refirieron que el conflicto comenz\u00f3 en el a\u00f1o 2000 cuando la empresa Novopan les dej\u00f3 de pagar sueldos y prestaciones del contrato colectivo.<\/p>\n<p style=\"text-align: justify;\">Sin embargo, existe un expediente laboral en la Junta de Conciliaci\u00f3n y Arbitraje que el sindicato inici\u00f3 desde el a\u00f1o 2001, se declar\u00f3 la huelga existente por parte de los trabajadores, asimismo, las autoridades les dieron la adjudicaci\u00f3n y mantienen la posesi\u00f3n del predio.<\/p>\n<p style=\"text-align: justify;\">Simult\u00e1neamente, intervino el Instituto Mexicano del Seguro Social (<strong>#IMSS<\/strong>) que declara que tambi\u00e9n tiene la adjudicaci\u00f3n de una parte del predio, pero no se ha realizado el pago a 67 extrabajadores por un monto de m\u00e1s de 60 millones de pesos.<\/p>\n<p style=\"text-align: justify;\">Cabe destacar que una parte de la problem\u00e1tica que padece del predio de la ex fabrica de triplay, deviene de los Procedimientos Administrativos de Ejecuci\u00f3n (PAE) instaurados en contra de Novopan de M\u00e9xico, S.A. de C.V. (NOVOPAN), derivado de los adeudos a su cargo por concepto de Cuotas Obrero Patronales al IMSS por el orden de los 68 millones de pesos.<\/p>\n<p style=\"text-align: justify;\">Tras una serie de procesos legales, el IMSS embarg\u00f3 cuatro pol\u00edgonos con una superficie total de 34 mil 277.2588 m2, en el domicilio ubicado en carretera a Monte Alb\u00e1n, Sin N\u00famero, San Juan Chapultepec, Oaxaca, espec\u00edficamente en inmuebles o terrenos que antes eran de NOVOPAN DE M\u00c9XICO S.A. de C.V..<\/p>\n<p style=\"text-align: justify;\">Los predios fueron sacados a remate y ante la falta de postores, se adjudicaron a favor del IMSS por la Oficina para Cobros de la Subdelegaci\u00f3n Oaxaca, mediante acuerdo de Daci\u00f3n de Pago n\u00famero 020\/2002, el 09 de octubre de 2002.<\/p>\n<p style=\"text-align: justify;\">No obstante, al encontrarse el IMSS efectuando los tr\u00e1mites administrativos correspondientes a la inscripci\u00f3n ante el Registro P\u00fablico de la Propiedad, de los predios que integran la Daci\u00f3n de Pago 020\/2002, en el a\u00f1o 2010 una persona que responde al nombre de Jos\u00e9 Luis Campos Hern\u00e1ndez promovi\u00f3 amparo indirecto, alegando ser propietario de los predios en daci\u00f3n de pago.<\/p>\n<p style=\"text-align: justify;\">Por ello se present\u00f3 la denuncia 216\/2012 de la que se obtuvo sentencia condenatoria en contra de Campos Hern\u00e1ndez por el uso de documento falso en un juicio de amparo; as\u00ed como la reparaci\u00f3n integral del da\u00f1o causado al IMSS como persona moral ofendida, ordenando el Juzgador que los predios volvieran al estado que se encontraban antes de la presentaci\u00f3n de amparo por el presunto due\u00f1o.<\/p>\n<p style=\"text-align: justify;\">Asimismo se present\u00f3 un juicio civil, por parte del IMSS solicitando la nulidad de los instrumentos notariales 1263 y 1264 que Campos Hern\u00e1ndez present\u00f3 en juicio de amparo y que resultaron falsos, juicio que se encuentra en la fase probatoria.<\/p>\n<p style=\"text-align: justify;\">No obstante, el presunto due\u00f1o, insiste en tener derechos de propiedad sobre los bienes del IMSS e interpuso otro amparo.<\/p>\n<p style=\"text-align: justify;\">El IMSS contin\u00faa juicio laboral en la Ciudad de M\u00e9xico en defensa de su patrimonio institucional.<\/p>\n<div style=\"width: 696px;\" class=\"wp-video\"><video class=\"wp-video-shortcode\" id=\"video-23636-1\" width=\"696\" height=\"394\" preload=\"metadata\" controls=\"controls\"><source type=\"video\/mp4\" src=\"https:\/\/redaccionoaxaca.com\/wp-content\/uploads\/2022\/01\/VID-20220125-WA0033.mp4?_=1\" \/><a href=\"https:\/\/redaccionoaxaca.com\/wp-content\/uploads\/2022\/01\/VID-20220125-WA0033.mp4\">https:\/\/redaccionoaxaca.com\/wp-content\/uploads\/2022\/01\/VID-20220125-WA0033.mp4<\/a><\/video><\/div>\n","protected":false},"excerpt":{"rendered":"<p>#Redacci\u00f3nOaxaca #Oaxaca Jaime GUERRERO Extrabajadores de la Empresa Novopan protestaron en la exf\u00e1brica de triplay de la Ciudad de Oaxaca, durante la presentaci\u00f3n del proyecto del Archivo Agrario Nacional que encabez\u00f3 el Gobernador Alejandro Murat, y Beatriz Guti\u00e9rrez M\u00fcller, Presidenta Honoraria del Consejo Asesor de Memoria Hist\u00f3rica y Cultural de M\u00e9xico, para reclamar pagos de [&hellip;]<\/p>\n","protected":false},"author":9,"featured_media":0,"comment_status":"open","ping_status":"open","sticky":false,"template":"","format":"video","meta":{"jetpack_post_was_ever_published":false,"_jetpack_newsletter_access":"","_jetpack_dont_email_post_to_subs":false,"_jetpack_newsletter_tier_id":0,"_jetpack_memberships_contains_paywalled_content":false,"_jetpack_memberships_contains_paid_content":false,"footnotes":"","jetpack_publicize_message":"","jetpack_publicize_feature_enabled":true,"jetpack_social_post_already_shared":true,"jetpack_social_options":{"image_generator_settings":{"template":"highway","default_image_id":0,"font":"","enabled":false},"version":2}},"categories":[5,3,6],"tags":[],"class_list":{"0":"post-23636","1":"post","2":"type-post","3":"status-publish","4":"format-video","6":"category-imagen","7":"category-mesa-de-redaccion","8":"category-tendencias","9":"post_format-post-format-video"},"jetpack_publicize_connections":[],"jetpack_featured_media_url":"","jetpack_sharing_enabled":true,"jetpack_shortlink":"https:\/\/wp.me\/p9Ynjw-69e","jetpack-related-posts":[{"id":23629,"url":"https:\/\/redaccionoaxaca.com\/index.php\/2022\/01\/25\/video-edificaran-en-oaxaca-archivo-agrario-nacional-obra-comprende-parque-hotel-y-complejo-comercial\/","url_meta":{"origin":23636,"position":0},"title":"VIDEO: Edificar\u00e1n en Oaxaca, Archivo Agrario Nacional;   obra comprende Parque, Hotel y Complejo Comercial.","author":"ariadna","date":"enero 25, 2022","format":"video","excerpt":"#Redacci\u00f3nOaxaca #Oaxaca Jaime GUERRERO Oaxaca ser\u00e1 la nueva sede del Archivo General Agrario de M\u00e9xico y su construcci\u00f3n ser\u00e1 en la antigua f\u00e1brica de triplay \u201cNovopan\u201d, cuyo proyecto estar\u00e1 conformado por un proyecto integral que incluye la recuperaci\u00f3n del R\u00edo Atoyac, calles, avenidas adyacentes y la edificaci\u00f3n de un complejo\u2026","rel":"","context":"En &quot;Imagen&quot;","block_context":{"text":"Imagen","link":"https:\/\/redaccionoaxaca.com\/index.php\/category\/imagen\/"},"img":{"alt_text":"","src":"","width":0,"height":0},"classes":[]},{"id":29159,"url":"https:\/\/redaccionoaxaca.com\/index.php\/2023\/08\/21\/gobernador-de-oaxaca-expropio-ex-fabrica-de-triplay-entrampada-en-30-anos-de-disputa-por-cartel-del-despojo-daran-49-2-mdp-de-indemnizacion\/","url_meta":{"origin":23636,"position":1},"title":"Gobernador de Oaxaca, expropi\u00f3 ex F\u00e1brica de Triplay, entrampada en  30 a\u00f1os de disputa por Cartel del Despojo; dar\u00e1n 49.2 mdp de indemnizaci\u00f3n","author":"ariadna","date":"agosto 21, 2023","format":false,"excerpt":"#Redacci\u00f3nOaxaca #Oaxaca Jaime GUERRERO El Gobernador de Oaxaca, Salom\u00f3n Jara Cruz, expropi\u00f3 -haciendo uso de las facultades que le otorga la Constituci\u00f3n y las leyes secundarias- los terrenos de la conocida ex F\u00e1brica de Triplay, ubicada en las agencias de San Juan Chapultepec y San Mart\u00edn Mexicapam, los cuales, est\u00e1n\u2026","rel":"","context":"En &quot;Imagen&quot;","block_context":{"text":"Imagen","link":"https:\/\/redaccionoaxaca.com\/index.php\/category\/imagen\/"},"img":{"alt_text":"","src":"","width":0,"height":0},"classes":[]},{"id":36670,"url":"https:\/\/redaccionoaxaca.com\/index.php\/2025\/04\/29\/trabajadores-del-registro-civil-de-oaxaca-son-manosos-boicotean-servidor-informatico-de-documentos-de-identidad-jara\/","url_meta":{"origin":23636,"position":2},"title":"Trabajadores del Registro Civil de Oaxaca son \u201cma\u00f1osos\u201d, boicotean servidor inform\u00e1tico de documentos de identidad: Jara","author":"ariadna","date":"abril 29, 2025","format":false,"excerpt":"#Redacci\u00f3nOaxaca #Oaxaca Jaime GUERRERO El Gobernador de Oaxaca, Salom\u00f3n Jara Cruz, calific\u00f3 a los trabajadores sindicalizados del Registro Civil, como \u201cma\u00f1osos\u201d porque han pretendido boicotear la operaci\u00f3n del servidor inform\u00e1tico que realiza la validaci\u00f3n, b\u00fasquedas o aclaraciones de actas de nacimientos. El mandatario precis\u00f3 que el servidor funciona correctamente y\u2026","rel":"","context":"En &quot;Agenda Pol\u00edtica&quot;","block_context":{"text":"Agenda Pol\u00edtica","link":"https:\/\/redaccionoaxaca.com\/index.php\/category\/agenda-politica\/"},"img":{"alt_text":"","src":"","width":0,"height":0},"classes":[]},{"id":41190,"url":"https:\/\/redaccionoaxaca.com\/index.php\/2026\/03\/26\/sin-personal-ni-insumos-trabajadores-del-archivo-clinico-del-hospital-civil-paran-labores-y-afectan-operacion-administrativa\/","url_meta":{"origin":23636,"position":3},"title":"Sin personal ni insumos, trabajadores del archivo cl\u00ednico del Hospital Civil paran labores y afectan operaci\u00f3n administrativa","author":"ariadna","date":"marzo 26, 2026","format":false,"excerpt":"#Redacci\u00f3nOaxaca #Oaxaca #JaimeGUERRERO La operaci\u00f3n administrativa del Hospital General \u201cDr. Aurelio Valdivieso\u201d enfrenta una nueva afectaci\u00f3n: trabajadores del archivo cl\u00ednico suspendieron el servicio de entrega de expedientes en demanda de refuerzos de personal, mobiliario funcional y materiales de trabajo que las autoridades no han provisto. El paro fue protagonizado por\u2026","rel":"","context":"En &quot;Agenda Pol\u00edtica&quot;","block_context":{"text":"Agenda Pol\u00edtica","link":"https:\/\/redaccionoaxaca.com\/index.php\/category\/agenda-politica\/"},"img":{"alt_text":"","src":"https:\/\/i0.wp.com\/redaccionoaxaca.com\/wp-content\/uploads\/2026\/03\/HEWAYNubgAAnMAY-scaled.jpg?fit=1200%2C782&ssl=1&resize=350%2C200","width":350,"height":200,"srcset":"https:\/\/i0.wp.com\/redaccionoaxaca.com\/wp-content\/uploads\/2026\/03\/HEWAYNubgAAnMAY-scaled.jpg?fit=1200%2C782&ssl=1&resize=350%2C200 1x, https:\/\/i0.wp.com\/redaccionoaxaca.com\/wp-content\/uploads\/2026\/03\/HEWAYNubgAAnMAY-scaled.jpg?fit=1200%2C782&ssl=1&resize=525%2C300 1.5x, https:\/\/i0.wp.com\/redaccionoaxaca.com\/wp-content\/uploads\/2026\/03\/HEWAYNubgAAnMAY-scaled.jpg?fit=1200%2C782&ssl=1&resize=700%2C400 2x, https:\/\/i0.wp.com\/redaccionoaxaca.com\/wp-content\/uploads\/2026\/03\/HEWAYNubgAAnMAY-scaled.jpg?fit=1200%2C782&ssl=1&resize=1050%2C600 3x"},"classes":[]},{"id":38788,"url":"https:\/\/redaccionoaxaca.com\/index.php\/2025\/10\/20\/oficial-cerrara-sus-puertas-el-hotel-mision-de-los-angeles-en-oaxaca-inicia-liquidacion-de-trabajadores-consejeria-juridica-de-gobierno\/","url_meta":{"origin":23636,"position":4},"title":"Oficial, cerrar\u00e1 sus puertas el Hotel Misi\u00f3n de Los \u00c1ngeles en Oaxaca; inicia liquidaci\u00f3n de trabajadores: Consejer\u00eda Jur\u00eddica de Gobierno","author":"ariadna","date":"octubre 20, 2025","format":false,"excerpt":"#Redacci\u00f3nOaxaca #Oaxaca Jaime GUERRERO El Hotel Misi\u00f3n de Los \u00c1ngeles, emblem\u00e1tico establecimiento de la capital oaxaque\u00f1a, cerr\u00f3 definitivamente sus operaciones el pasado 15 de octubre, confirm\u00f3 el consejero jur\u00eddico del Gobierno del Estado, Geovanny V\u00e1squez Sagrero. El cierre se da en medio de un proceso de liquidaci\u00f3n de parte de\u2026","rel":"","context":"En &quot;Imagen&quot;","block_context":{"text":"Imagen","link":"https:\/\/redaccionoaxaca.com\/index.php\/category\/imagen\/"},"img":{"alt_text":"","src":"","width":0,"height":0},"classes":[]},{"id":20249,"url":"https:\/\/redaccionoaxaca.com\/index.php\/2021\/08\/20\/20249\/","url_meta":{"origin":23636,"position":5},"title":"Registro Civil de Oaxaca reporta 4 contagios de covid-19 entre su personal, 10 m\u00e1s en espera de resultados.","author":"ariadna","date":"agosto 20, 2021","format":false,"excerpt":"#Redacci\u00f3nOaxaca #Oaxaca Ariadna Mendoza Las oficinas del Archivo Central del Registro Civil, ubicada en la calle de Violetas 914, colonia Reforma, han decido cerrar sus puertas este viernes 20 de agosto, hasta el 23 del mismo, esto derivado a que 4 funcionarios p\u00fablicos dieron positivo a covid-19; tres del \u00e1rea\u2026","rel":"","context":"En &quot;Imagen&quot;","block_context":{"text":"Imagen","link":"https:\/\/redaccionoaxaca.com\/index.php\/category\/imagen\/"},"img":{"alt_text":"","src":"","width":0,"height":0},"classes":[]}],"_links":{"self":[{"href":"https:\/\/redaccionoaxaca.com\/index.php\/wp-json\/wp\/v2\/posts\/23636","targetHints":{"allow":["GET"]}}],"collection":[{"href":"https:\/\/redaccionoaxaca.com\/index.php\/wp-json\/wp\/v2\/posts"}],"about":[{"href":"https:\/\/redaccionoaxaca.com\/index.php\/wp-json\/wp\/v2\/types\/post"}],"author":[{"embeddable":true,"href":"https:\/\/redaccionoaxaca.com\/index.php\/wp-json\/wp\/v2\/users\/9"}],"replies":[{"embeddable":true,"href":"https:\/\/redaccionoaxaca.com\/index.php\/wp-json\/wp\/v2\/comments?post=23636"}],"version-history":[{"count":1,"href":"https:\/\/redaccionoaxaca.com\/index.php\/wp-json\/wp\/v2\/posts\/23636\/revisions"}],"predecessor-version":[{"id":23641,"href":"https:\/\/redaccionoaxaca.com\/index.php\/wp-json\/wp\/v2\/posts\/23636\/revisions\/23641"}],"wp:attachment":[{"href":"https:\/\/redaccionoaxaca.com\/index.php\/wp-json\/wp\/v2\/media?parent=23636"}],"wp:term":[{"taxonomy":"category","embeddable":true,"href":"https:\/\/redaccionoaxaca.com\/index.php\/wp-json\/wp\/v2\/categories?post=23636"},{"taxonomy":"post_tag","embeddable":true,"href":"https:\/\/redaccionoaxaca.com\/index.php\/wp-json\/wp\/v2\/tags?post=23636"}],"curies":[{"name":"wp","href":"https:\/\/api.w.org\/{rel}","templated":true}]}}