{"id":23698,"date":"2022-01-28T18:22:31","date_gmt":"2022-01-29T00:22:31","guid":{"rendered":"https:\/\/redaccionoaxaca.com\/?p=23698"},"modified":"2022-01-28T18:22:31","modified_gmt":"2022-01-29T00:22:31","slug":"video-impugnacion-de-harp-por-candidatura-a-la-gubernatura-sin-sustento-legal-no-se-cambiara-decision-a-favor-de-jara-delgado","status":"publish","type":"post","link":"https:\/\/redaccionoaxaca.com\/index.php\/2022\/01\/28\/video-impugnacion-de-harp-por-candidatura-a-la-gubernatura-sin-sustento-legal-no-se-cambiara-decision-a-favor-de-jara-delgado\/","title":{"rendered":"VIDEO: Impugnaci\u00f3n de Harp por candidatura a la Gubernatura, sin  sustento legal; no se cambiara decisi\u00f3n a favor de Jara: Delgado."},"content":{"rendered":"<p><strong>#Redacci\u00f3nOaxaca<\/strong><\/p>\n<p><strong>#Oaxaca<\/strong><\/p>\n<p><strong>Jaime GUERRERO<\/strong><\/p>\n<p style=\"text-align: justify;\">El presidente nacional del Movimiento Regeneraci\u00f3n Nacional (<strong>#Morena<\/strong>), Mario Delgado Carrillo, asegur\u00f3 no hay materia en la impugnaci\u00f3n y no tiene ning\u00fan sustento legal la impugnaci\u00f3n de la Senadora de la Rep\u00fablica, Susana Harp Iturribarria, respecto a la designaci\u00f3n de Salom\u00f3n Jara Cruz, como el virtual candidato a la gubernatura de Oaxaca por ese instituto pol\u00edtico y sus aliados el PT y PVEM.<\/p>\n<p style=\"text-align: justify;\">En conferencia de prensa, recalc\u00f3 que al no existir sustento legal, no se cambiar\u00e1 la decisi\u00f3n que ya han tomado a favor de Jara Cruz.<\/p>\n<p style=\"text-align: justify;\">\u201c<em>Nosotros ya le dimos vuelta a la p\u00e1gina y todos y todas estamos aqu\u00ed unidos en torno a esa decisi\u00f3n (favor de Jara Cruz)\u201d,<\/em> asent\u00f3.<\/p>\n<p style=\"text-align: justify;\">No obstante, afirm\u00f3 que el instituto pol\u00edtico ser\u00e1 respetuoso de los procesos de impugnaci\u00f3n que se iniciaron tras la designaci\u00f3n de Salom\u00f3n Jara Cruz como el precandidato \u00fanico a la gubernatura de Oaxaca<\/p>\n<p style=\"text-align: justify;\">Tras evitar polemizar sobre los calificativos peyorativos que le han proferido Harp Iturribarria y sus afines, reiter\u00f3 que respecto de las impugnaciones respetan el derecho que tienen quienes est\u00e1n inconformes a utilizar la v\u00eda institucional de la impugnaci\u00f3n.<\/p>\n<p style=\"text-align: justify;\"><em>\u201cNosotros estamos seguros de lo que hicimos. Por supuesto vamos a defender nuestras decisiones, y bueno, que resuelvan los Tribunales<\/em>\u201d, apunt\u00f3.<\/p>\n<p style=\"text-align: justify;\">En ese sentido, aclar\u00f3 que controvirtieron la inconstitucionalidad de uno de los art\u00edculos de la Ley Electoral de Oaxaca el 176, donde proh\u00edbe hacer precampa\u00f1a a precandidatos \u00fanicos, porque no va en contra de la legislaci\u00f3n.<\/p>\n<p style=\"text-align: justify;\">Afirm\u00f3 entonces que son prudentes y precavidos, por tanto \u201c<em>no hemos hecho en ning\u00fan momento precampa\u00f1a y no lo vamos a hacer hasta que lo resuelva en definitiva la autoridad aqu\u00ed, justamente para cuidarnos de los posibles frentes que la derecha nos quisiera abrir ante la imposibilidad de ganar por la v\u00eda electoral\u201d.<\/em><\/p>\n<p style=\"text-align: justify;\">Delgado Carrillo, reiter\u00f3 que todos los participantes por la candidatura a la gubernatura, firmaron de conformidad que conoc\u00edan la metodolog\u00eda, que sab\u00edan de qu\u00e9 se trataba la encuesta, que conoc\u00edan los estatutos, pero lo m\u00e1s importante, que se compromet\u00edan a respetar el resultado y a cuidar el partido, a cuidar el movimiento.<\/p>\n<p style=\"text-align: justify;\">\u201c<em>Porque es generoso abri\u00e9ndole las puertas a todos, sin restricci\u00f3n, que est\u00e9n comprometidos con el cambio de este pa\u00eds. \u00bfQu\u00e9 ped\u00edamos \u00fanicamente? Pues cuidar todos el movimiento entre todos. Firmaron de conformidad, nos fuimos al levantamiento de encuestas, tuvimos resultados, convocamos a los participantes; no fueron dos encuestadoras privadas, fueron tres: Mendoza Blanco, Buend\u00eda y Covarrubias, encuestadoras conocidas, con prestigio<\/em>\u201d, record\u00f3.<\/p>\n<p style=\"text-align: justify;\">Delgado Carrillo, advirti\u00f3 que el proyecto de la Cuarta Transformaci\u00f3n, del cual forman parte y que lidera el presidente Andres Manuel L\u00f3pez Obrador, nada puede haber m\u00e1s grande que ello.<\/p>\n<p style=\"text-align: justify;\">\u201c<em>Ning\u00fan inter\u00e9s personal, ninguna aspiraci\u00f3n, por leg\u00edtimo que esto sea. No hay ninguna persona por encima del proyecto, tenemos que unirnos todos en torno de este proyecto y esa es la fortaleza, precisamente, de este gran movimiento, que luchamos por una causa, no luchamos por un puesto<\/em>\u201d, record\u00f3.<\/p>\n<p style=\"text-align: justify;\">Respecto de la participaci\u00f3n de los gobernadores, les pidi\u00f3 dejar de manera libre que la gente decida y no entrometerse. \u201c<em>El llamado es a todos los gobiernos, el de Oaxaca y las otras cinco entidades a que no se metan y respeten la voluntad de la gente<\/em>\u201d, demand\u00f3.<\/p>\n<div style=\"width: 696px;\" class=\"wp-video\"><video class=\"wp-video-shortcode\" id=\"video-23698-1\" width=\"696\" height=\"394\" preload=\"metadata\" controls=\"controls\"><source type=\"video\/mp4\" src=\"https:\/\/redaccionoaxaca.com\/wp-content\/uploads\/2022\/01\/VID-20220128-WA0051.mp4?_=1\" \/><a href=\"https:\/\/redaccionoaxaca.com\/wp-content\/uploads\/2022\/01\/VID-20220128-WA0051.mp4\">https:\/\/redaccionoaxaca.com\/wp-content\/uploads\/2022\/01\/VID-20220128-WA0051.mp4<\/a><\/video><\/div>\n","protected":false},"excerpt":{"rendered":"<p>#Redacci\u00f3nOaxaca #Oaxaca Jaime GUERRERO El presidente nacional del Movimiento Regeneraci\u00f3n Nacional (#Morena), Mario Delgado Carrillo, asegur\u00f3 no hay materia en la impugnaci\u00f3n y no tiene ning\u00fan sustento legal la impugnaci\u00f3n de la Senadora de la Rep\u00fablica, Susana Harp Iturribarria, respecto a la designaci\u00f3n de Salom\u00f3n Jara Cruz, como el virtual candidato a la gubernatura de [&hellip;]<\/p>\n","protected":false},"author":9,"featured_media":0,"comment_status":"open","ping_status":"open","sticky":false,"template":"","format":"video","meta":{"jetpack_post_was_ever_published":false,"_jetpack_newsletter_access":"","_jetpack_dont_email_post_to_subs":false,"_jetpack_newsletter_tier_id":0,"_jetpack_memberships_contains_paywalled_content":false,"_jetpack_memberships_contains_paid_content":false,"footnotes":"","jetpack_publicize_message":"","jetpack_publicize_feature_enabled":true,"jetpack_social_post_already_shared":true,"jetpack_social_options":{"image_generator_settings":{"template":"highway","default_image_id":0,"font":"","enabled":false},"version":2}},"categories":[4,7,5],"tags":[],"class_list":{"0":"post-23698","1":"post","2":"type-post","3":"status-publish","4":"format-video","6":"category-agenda-politica","7":"category-al-cierre","8":"category-imagen","9":"post_format-post-format-video"},"jetpack_publicize_connections":[],"jetpack_featured_media_url":"","jetpack_sharing_enabled":true,"jetpack_shortlink":"https:\/\/wp.me\/p9Ynjw-6ae","jetpack-related-posts":[{"id":24225,"url":"https:\/\/redaccionoaxaca.com\/index.php\/2022\/02\/24\/no-se-discrimino-a-harp-para-candidatura-a-gubernatura-por-morena-designacion-de-jara-acato-lineamientos-de-paridad-de-ine-teeo\/","url_meta":{"origin":23698,"position":0},"title":"No se discrimin\u00f3 a Harp para candidatura a Gubernatura por  Morena; designaci\u00f3n de Jara acat\u00f3 lineamientos de paridad de INE: TEEO.","author":"ariadna","date":"febrero 24, 2022","format":false,"excerpt":"#Redacci\u00f3nOaxaca #Oaxaca Jaime GUERRERO Por unanimidad las y el magistrado del Tribunal Electoral del Estado de Oaxaca (#TEEO) desecho las impugnaciones en contra de la designaci\u00f3n de Salom\u00f3n Jara Cruz como precandidato a la gubernatura de Oaxaca por el partido Morena, interpuesto por la senadora Susana Harp Iturribarr\u00eda, quien busca\u2026","rel":"","context":"En &quot;Agenda Pol\u00edtica&quot;","block_context":{"text":"Agenda Pol\u00edtica","link":"https:\/\/redaccionoaxaca.com\/index.php\/category\/agenda-politica\/"},"img":{"alt_text":"","src":"","width":0,"height":0},"classes":[]},{"id":24067,"url":"https:\/\/redaccionoaxaca.com\/index.php\/2022\/02\/16\/tepjf-ordena-al-teeo-emitir-nueva-sentencia-a-impugnacion-de-susana-harp-por-candidatura-a-gubernatura-de-oaxaca-por-morena\/","url_meta":{"origin":23698,"position":1},"title":"TEPJF ordena al TEEO emitir nueva sentencia a impugnaci\u00f3n de  Susana Harp por candidatura a Gubernatura de Oaxaca por Morena.","author":"ariadna","date":"febrero 16, 2022","format":false,"excerpt":"#Redacci\u00f3nOaxaca #Oaxaca Jaime GUERRERO La Sala Superior del Tribunal Electoral del Poder Judicial de la Federaci\u00f3n (#TEPJF), revoc\u00f3 la sentencia del Tribunal Electoral del Estado de Oaxaca (#TEEO), quien hab\u00eda declarado como inoperantes los agravios de la senadora Susana Harp Iturribarria, cuyo \u00f3rgano jurisdiccional de Oaxaca, confirm\u00f3 la resoluci\u00f3n emitida\u2026","rel":"","context":"En &quot;Agenda Pol\u00edtica&quot;","block_context":{"text":"Agenda Pol\u00edtica","link":"https:\/\/redaccionoaxaca.com\/index.php\/category\/agenda-politica\/"},"img":{"alt_text":"","src":"","width":0,"height":0},"classes":[]},{"id":26265,"url":"https:\/\/redaccionoaxaca.com\/index.php\/2022\/06\/22\/salomon-jara-recibe-constancia-de-gobernador-electo-de-oaxaca-llego-la-hora-de-la-verdad-no-les-voy-a-fallar-promete\/","url_meta":{"origin":23698,"position":2},"title":"Salom\u00f3n Jara recibe constancia de gobernador electo de Oaxaca; \u201clleg\u00f3 la hora de la verdad. No les voy a fallar\u201d, promete","author":"ariadna","date":"junio 22, 2022","format":"video","excerpt":"#Redacci\u00f3nOaxaca #Oaxaca Jaime GUERRERO Al no existir impugnaciones a la elecci\u00f3n de gubernatura del pasado 5 de julio, el pleno del Tribunal Electoral del Estado de Oaxaca, entreg\u00f3 la constancia de Gobernador Electo a Salom\u00f3n Jara Cruz para fungir en el cargo del 1 de diciembre del 2022 al 30\u2026","rel":"","context":"En &quot;Agenda Pol\u00edtica&quot;","block_context":{"text":"Agenda Pol\u00edtica","link":"https:\/\/redaccionoaxaca.com\/index.php\/category\/agenda-politica\/"},"img":{"alt_text":"","src":"https:\/\/i0.wp.com\/redaccionoaxaca.com\/wp-content\/uploads\/2022\/06\/IMG-20220622-WA0074-300x200.jpg?resize=350%2C200&ssl=1","width":350,"height":200},"classes":[]},{"id":23065,"url":"https:\/\/redaccionoaxaca.com\/index.php\/2021\/12\/23\/salomon-jara-el-candidato-de-morena-pvem-pt-para-gubernatura-de-oaxaca-anuncian-dirigencias\/","url_meta":{"origin":23698,"position":3},"title":"Salom\u00f3n Jara el candidato de Morena-PVEM-PT  para Gubernatura de Oaxaca, anuncian dirigencias.","author":"ariadna","date":"diciembre 23, 2021","format":"video","excerpt":"#Redacci\u00f3nOaxaca #Oaxaca Jaime GUERRERO La Comisi\u00f3n Nacional de Elecciones del Partido Movimiento de Regeneraci\u00f3n Nacional, anunci\u00f3 que el Coordinador Estatal en Defensa de la 4T y en consecuencia, el candidato a la gubernatura de Oaxaca es el senador, Salom\u00f3n Jara Cruz. Durante la madrugada de \u00e9ste jueves, tras anunciar el\u2026","rel":"","context":"En &quot;Agenda Pol\u00edtica&quot;","block_context":{"text":"Agenda Pol\u00edtica","link":"https:\/\/redaccionoaxaca.com\/index.php\/category\/agenda-politica\/"},"img":{"alt_text":"","src":"","width":0,"height":0},"classes":[]},{"id":24787,"url":"https:\/\/redaccionoaxaca.com\/index.php\/2022\/03\/30\/chocan-proyectos-sobre-candidatura-a-gubernatura-de-oaxaca-por-morena-magistrado-propone-dejar-firme-candidatura-a-salomon-jara-otro-propone-mujer-no-necesariamente-susana-harp\/","url_meta":{"origin":23698,"position":4},"title":"Chocan proyectos sobre candidatura a gubernatura de Oaxaca por Morena; magistrado propone dejar firme candidatura a Salomon Jara, otro propone mujer, no necesariamente Susana Harp.","author":"ariadna","date":"marzo 30, 2022","format":false,"excerpt":"#Redacci\u00f3nOaxaca #Oaxaca Jaime GUERRERO A 72 horas del arranque de las campa\u00f1as a la gubernatura, al seno de la Sala Superior del Tribunal Electoral del Poder Judicial de la Federaci\u00f3n, se ha puesto a consideraci\u00f3n de las y los magistrados, dos proyectos de sentencia respecto a la candidatura a la\u2026","rel":"","context":"En &quot;Agenda Pol\u00edtica&quot;","block_context":{"text":"Agenda Pol\u00edtica","link":"https:\/\/redaccionoaxaca.com\/index.php\/category\/agenda-politica\/"},"img":{"alt_text":"","src":"","width":0,"height":0},"classes":[]},{"id":23689,"url":"https:\/\/redaccionoaxaca.com\/index.php\/2022\/01\/27\/aspirantes-a-gubernatura-de-oaxaca-por-morena-firmaron-carta-de-consentimiento-no-puede-haber-sorprendidos-se-acato-ley-delgado\/","url_meta":{"origin":23698,"position":5},"title":"Aspirantes a Gubernatura de Oaxaca por Morena firmaron carta de  consentimiento; \u201cno puede haber sorprendidos\u201d; se acat\u00f3 ley: Delgado.","author":"ariadna","date":"enero 27, 2022","format":false,"excerpt":"#Redacci\u00f3nOaxaca #Oaxaca Jaime GUERRERO El Presidente del Comit\u00e9 Ejecutivo Nacional del Partido Movimiento de Regeneraci\u00f3n Nacional (Morena), Mario Delgado Carrillo, afirm\u00f3 que las y los aspirantes a la candidatura a la gubernatura de Oaxaca por ese instituto pol\u00edtico y sus aliados, firmaron una carta de consentimiento del procedimiento, acat\u00e1ndose a\u2026","rel":"","context":"Entrada similar ","block_context":{"text":"Entrada similar ","link":""},"img":{"alt_text":"","src":"","width":0,"height":0},"classes":[]}],"_links":{"self":[{"href":"https:\/\/redaccionoaxaca.com\/index.php\/wp-json\/wp\/v2\/posts\/23698","targetHints":{"allow":["GET"]}}],"collection":[{"href":"https:\/\/redaccionoaxaca.com\/index.php\/wp-json\/wp\/v2\/posts"}],"about":[{"href":"https:\/\/redaccionoaxaca.com\/index.php\/wp-json\/wp\/v2\/types\/post"}],"author":[{"embeddable":true,"href":"https:\/\/redaccionoaxaca.com\/index.php\/wp-json\/wp\/v2\/users\/9"}],"replies":[{"embeddable":true,"href":"https:\/\/redaccionoaxaca.com\/index.php\/wp-json\/wp\/v2\/comments?post=23698"}],"version-history":[{"count":1,"href":"https:\/\/redaccionoaxaca.com\/index.php\/wp-json\/wp\/v2\/posts\/23698\/revisions"}],"predecessor-version":[{"id":23701,"href":"https:\/\/redaccionoaxaca.com\/index.php\/wp-json\/wp\/v2\/posts\/23698\/revisions\/23701"}],"wp:attachment":[{"href":"https:\/\/redaccionoaxaca.com\/index.php\/wp-json\/wp\/v2\/media?parent=23698"}],"wp:term":[{"taxonomy":"category","embeddable":true,"href":"https:\/\/redaccionoaxaca.com\/index.php\/wp-json\/wp\/v2\/categories?post=23698"},{"taxonomy":"post_tag","embeddable":true,"href":"https:\/\/redaccionoaxaca.com\/index.php\/wp-json\/wp\/v2\/tags?post=23698"}],"curies":[{"name":"wp","href":"https:\/\/api.w.org\/{rel}","templated":true}]}}