{"id":23902,"date":"2022-02-08T10:22:04","date_gmt":"2022-02-08T16:22:04","guid":{"rendered":"https:\/\/redaccionoaxaca.com\/?p=23902"},"modified":"2022-02-08T10:22:04","modified_gmt":"2022-02-08T16:22:04","slug":"loma-bonita-de-luto-fallece-su-tres-veces-pdte-municipal-felipe-reyes-asume-el-cargo-como-suplente-su-hermana","status":"publish","type":"post","link":"https:\/\/redaccionoaxaca.com\/index.php\/2022\/02\/08\/loma-bonita-de-luto-fallece-su-tres-veces-pdte-municipal-felipe-reyes-asume-el-cargo-como-suplente-su-hermana\/","title":{"rendered":"Loma Bonita de luto, fallece su tres veces Pdte. Municipal Felipe Reyes, asume el cargo como suplente, su hermana."},"content":{"rendered":"<p><strong>#Redacci\u00f3nOaxaca<\/strong><\/p>\n<p><strong>#Oaxaca<\/strong><\/p>\n<p><strong>#MairaRic\u00e1rdezLuna<\/strong><\/p>\n<p style=\"text-align: justify;\">La ma\u00f1ana de este martes trascendi\u00f3 la muerte del tres veces Presidente Municipal de Loma Bonita, Cuenca del Papaloapan, ING. Felipe Reyes Alvarez.<\/p>\n<p style=\"text-align: justify;\">El Mun\u00edcipe hac\u00eda su mayor esfuerzo pero atravesaba por una situaci\u00f3n cr\u00edtica en materia de salud, las hemodi\u00e1lisis eran m\u00e1s costantes y su estado de salud se iba deteriorando en la \u00faltima recta debido a una insuficiencia renal.<\/p>\n<p style=\"text-align: justify;\">El Ingeniero Reyes \u00c1lvarez gozaba de lo que pocos pol\u00edticos, gran aprecio en su tierra, pol\u00edtico Lomabonitense de experiencia, fue Diputado local y federal electo Alcalde Municipal del pueblo que le vio nacer, tres veces, a trav\u00e9s del Partido de la Revoluci\u00f3n Democr\u00e1tica (PRD).<\/p>\n<p><img data-recalc-dims=\"1\" loading=\"lazy\" decoding=\"async\" class=\"size-medium wp-image-23904 aligncenter\" src=\"https:\/\/i0.wp.com\/redaccionoaxaca.com\/wp-content\/uploads\/2022\/02\/IMG-20220208-WA0020-256x300.jpg?resize=256%2C300&#038;ssl=1\" alt=\"\" width=\"256\" height=\"300\" \/><\/p>\n<p style=\"text-align: justify;\">De acuerdo a lo que marca la ley en estos casos, a la muerte de qui\u00e9n fue electo Mun\u00edcipe, ser\u00e1 su suplente, la joven Denis Reyes C\u00f3rdoba, quien asuma el cargo como Edil suplente de la actual administraci\u00f3n., Denis Reyes es media hermana del extinto, de profesi\u00f3n Ingeniera en Dise\u00f1o.<\/p>\n<p><img data-recalc-dims=\"1\" loading=\"lazy\" decoding=\"async\" class=\"size-medium wp-image-23903 aligncenter\" src=\"https:\/\/i0.wp.com\/redaccionoaxaca.com\/wp-content\/uploads\/2022\/02\/IMG-20220208-WA0021-300x208.jpg?resize=300%2C208&#038;ssl=1\" alt=\"\" width=\"300\" height=\"208\" \/><\/p>\n","protected":false},"excerpt":{"rendered":"<p>#Redacci\u00f3nOaxaca #Oaxaca #MairaRic\u00e1rdezLuna La ma\u00f1ana de este martes trascendi\u00f3 la muerte del tres veces Presidente Municipal de Loma Bonita, Cuenca del Papaloapan, ING. Felipe Reyes Alvarez. El Mun\u00edcipe hac\u00eda su mayor esfuerzo pero atravesaba por una situaci\u00f3n cr\u00edtica en materia de salud, las hemodi\u00e1lisis eran m\u00e1s costantes y su estado de salud se iba deteriorando [&hellip;]<\/p>\n","protected":false},"author":9,"featured_media":0,"comment_status":"open","ping_status":"open","sticky":false,"template":"","format":"standard","meta":{"jetpack_post_was_ever_published":false,"_jetpack_newsletter_access":"","_jetpack_dont_email_post_to_subs":false,"_jetpack_newsletter_tier_id":0,"_jetpack_memberships_contains_paywalled_content":false,"_jetpack_memberships_contains_paid_content":false,"footnotes":"","jetpack_publicize_message":"","jetpack_publicize_feature_enabled":true,"jetpack_social_post_already_shared":true,"jetpack_social_options":{"image_generator_settings":{"template":"highway","default_image_id":0,"font":"","enabled":false},"version":2}},"categories":[4,5,6],"tags":[],"class_list":{"0":"post-23902","1":"post","2":"type-post","3":"status-publish","4":"format-standard","6":"category-agenda-politica","7":"category-imagen","8":"category-tendencias"},"jetpack_publicize_connections":[],"jetpack_featured_media_url":"","jetpack_sharing_enabled":true,"jetpack_shortlink":"https:\/\/wp.me\/p9Ynjw-6dw","jetpack-related-posts":[{"id":23910,"url":"https:\/\/redaccionoaxaca.com\/index.php\/2022\/02\/08\/fallece-auditor-de-oaxaca-congreso-debera-designar-sustituto-que-podra-reelegirse-7-anos-mas-en-el-cargo\/","url_meta":{"origin":23902,"position":0},"title":"Fallece auditor de Oaxaca; Congreso deber\u00e1 designar  sustituto que podr\u00e1 reelegirse 7 a\u00f1os m\u00e1s en el cargo.","author":"ariadna","date":"febrero 8, 2022","format":false,"excerpt":"#Redacci\u00f3nOaxaca #Oaxaca Jaime GUERRERO La madrugada de este martes, falleci\u00f3 por problemas de salud, Guillermo Mengch\u00fa Vel\u00e1squez, titular del Organismo Superior de Fiscalizaci\u00f3n de Oaxaca. El pasado mes de noviembre del 2017 la LXIII Legislatura, design\u00f3 a Mengch\u00fa Vel\u00e1squez como titular del \u00d3rgano Superior de Fiscalizaci\u00f3n del Estado (OSFE), para\u2026","rel":"","context":"En &quot;Agenda Pol\u00edtica&quot;","block_context":{"text":"Agenda Pol\u00edtica","link":"https:\/\/redaccionoaxaca.com\/index.php\/category\/agenda-politica\/"},"img":{"alt_text":"","src":"","width":0,"height":0},"classes":[]},{"id":10915,"url":"https:\/\/redaccionoaxaca.com\/index.php\/2020\/02\/28\/grupo-armado-burla-operativos-de-inteligencia-y-seguridad-de-gn-sedena-ssp-y-fgeo-ejecuta-a-ex-edil-de-soyaltepec\/","url_meta":{"origin":23902,"position":1},"title":"Grupo armado burla operativos de inteligencia y seguridad  de GN, Sedena, SSP y FGEO; ejecuta a ex edil de Soyaltepec.","author":"ariadna","date":"febrero 28, 2020","format":false,"excerpt":"#Redacci\u00f3Oaxaca #Oaxaca Jaime GUERRERO Este jueves, un comando armado ejecut\u00f3 al ex diputado del PRI y ex presidente de San Miguel Soyaltepec, Heriberto Ram\u00edrez Hern\u00e1ndez, a su escolta y a su chofer. La Fiscal\u00eda General del estado, confirm\u00f3 los hechos e inform\u00f3 que inici\u00f3 la carpeta de investigaci\u00f3n 7176\/FCUE\/TUXTEPEC\/2020 por\u2026","rel":"","context":"Entrada similar ","block_context":{"text":"Entrada similar ","link":""},"img":{"alt_text":"","src":"","width":0,"height":0},"classes":[]},{"id":11487,"url":"https:\/\/redaccionoaxaca.com\/index.php\/2020\/03\/29\/asume-la-sspo-la-coordinacion-de-las-policias-municipal-y-vial-de-loma-bonita\/","url_meta":{"origin":23902,"position":2},"title":"Asume la SSPO la coordinaci\u00f3n de las Polic\u00edas Municipal y Vial de Loma Bonita.","author":"ariadna","date":"marzo 29, 2020","format":false,"excerpt":"#Redacci\u00f3nOaxaca #Oaxaca Loma Bonita, Oax. 29 de marzo de 2020. Como parte de los resultados y acuerdos de la reuni\u00f3n de coordinaci\u00f3n interestatal para la Construcci\u00f3n de la Paz y Seguridad de los estados de Oaxaca y Veracruz; la Secretar\u00eda de Seguridad P\u00fablica de Oaxaca (SSPO), asume la coordinaci\u00f3n de\u2026","rel":"","context":"Entrada similar ","block_context":{"text":"Entrada similar ","link":""},"img":{"alt_text":"","src":"https:\/\/i0.wp.com\/redaccionoaxaca.com\/wp-content\/uploads\/2020\/03\/IMG-20200329-WA0013-300x225.jpg?resize=350%2C200","width":350,"height":200},"classes":[]},{"id":16100,"url":"https:\/\/redaccionoaxaca.com\/index.php\/2021\/01\/07\/va-por-oaxaca-la-coalicion-en-la-que-pri-se-queda-11-distritos-pan-7-y-prd-7-para-diputaciones-locales\/","url_meta":{"origin":23902,"position":3},"title":"\u201cVa por Oaxaca\u201d, la coalici\u00f3n en la que PRI se queda 11 distritos, PAN 7 y PRD 7 para diputaciones locales.","author":"ariadna","date":"enero 7, 2021","format":false,"excerpt":"#Redacci\u00f3nOaxaca #Oaxaca Jaime GUERRERO Tras semanas de jaloneos, amagues y advertencias de impugnaci\u00f3n, 6 minutos antes de vencer el plazo, dirigentes del Partido Acci\u00f3n Nacional, el Partido Revolucionario Institucional, y de la Revoluci\u00f3n Democr\u00e1tica registraron ante el Instituto Estatal Electoral y de Participaci\u00f3n Ciudadana de Oaxaca (IEEPCO) la coalici\u00f3n \u201cVa\u2026","rel":"","context":"En &quot;Agenda Pol\u00edtica&quot;","block_context":{"text":"Agenda Pol\u00edtica","link":"https:\/\/redaccionoaxaca.com\/index.php\/category\/agenda-politica\/"},"img":{"alt_text":"","src":"https:\/\/i0.wp.com\/redaccionoaxaca.com\/wp-content\/uploads\/2021\/01\/IMG-20210107-WA0010-300x200.jpg?resize=350%2C200","width":350,"height":200},"classes":[]},{"id":31317,"url":"https:\/\/redaccionoaxaca.com\/index.php\/2024\/04\/19\/ejecutan-a-candidato-a-presidente-municipal-de-morena-en-oaxaca-liberan-a-su-esposa-alcaldesa-de-san-jose-independencia\/","url_meta":{"origin":23902,"position":4},"title":"Ejecutan a candidato a Presidente Municipal de Morena en Oaxaca; liberan a su esposa Alcaldesa de San Jos\u00e9 Independencia","author":"ariadna","date":"abril 19, 2024","format":false,"excerpt":"#Redacci\u00f3nOaxaca #Oaxaca Jaime GUERRERO Alberto Antonio Garc\u00eda, candidato del Partido Movimiento de Regeneraci\u00f3n Nacional (Morena) a presidente municipal de San Jos\u00e9 Independencia, Tuxtepec, fue ejecutado y su cuerpo fue hallado con signos de tortura. El aspirante a edil, fue secuestrado el pasado mi\u00e9rcoles, junto con su esposa, Agar Cancino, presidenta\u2026","rel":"","context":"En &quot;Agenda Pol\u00edtica&quot;","block_context":{"text":"Agenda Pol\u00edtica","link":"https:\/\/redaccionoaxaca.com\/index.php\/category\/agenda-politica\/"},"img":{"alt_text":"","src":"https:\/\/i0.wp.com\/redaccionoaxaca.com\/wp-content\/uploads\/2024\/04\/IMG-20240419-WA0073-300x184.jpg?resize=350%2C200&ssl=1","width":350,"height":200},"classes":[]},{"id":1150,"url":"https:\/\/redaccionoaxaca.com\/index.php\/2018\/07\/09\/por-hipertension-y-mal-del-corazon-extesorero-de-cue-sale-de-la-carcel-juez-le-da-prision-domiciliaria\/","url_meta":{"origin":23902,"position":5},"title":"Por \u201chipertensi\u00f3n y mal del coraz\u00f3n\u201d, extesorero de  Cu\u00e9 sale de la c\u00e1rcel; Juez le da prisi\u00f3n domiciliar\u00eda","author":"denise","date":"julio 9, 2018","format":false,"excerpt":"#Redacci\u00f3nOaxaca Jaime GUERRERO La noche de \u00e9ste domingo, Enrique Arnaud Vi\u00f1as, ex tesorero del ex gobernador, Gabino Cu\u00e9 Monteagudo, fue liberado del penal de Santa Mar\u00eda Ixcotel y seguir\u00e1 bajo proceso penal, ahora bajo la figura de arresto domiciliario en una casa de la agencia municipal de Trinidad de Viguera,\u2026","rel":"","context":"En &quot;Agenda Pol\u00edtica&quot;","block_context":{"text":"Agenda Pol\u00edtica","link":"https:\/\/redaccionoaxaca.com\/index.php\/category\/agenda-politica\/"},"img":{"alt_text":"","src":"","width":0,"height":0},"classes":[]}],"_links":{"self":[{"href":"https:\/\/redaccionoaxaca.com\/index.php\/wp-json\/wp\/v2\/posts\/23902","targetHints":{"allow":["GET"]}}],"collection":[{"href":"https:\/\/redaccionoaxaca.com\/index.php\/wp-json\/wp\/v2\/posts"}],"about":[{"href":"https:\/\/redaccionoaxaca.com\/index.php\/wp-json\/wp\/v2\/types\/post"}],"author":[{"embeddable":true,"href":"https:\/\/redaccionoaxaca.com\/index.php\/wp-json\/wp\/v2\/users\/9"}],"replies":[{"embeddable":true,"href":"https:\/\/redaccionoaxaca.com\/index.php\/wp-json\/wp\/v2\/comments?post=23902"}],"version-history":[{"count":1,"href":"https:\/\/redaccionoaxaca.com\/index.php\/wp-json\/wp\/v2\/posts\/23902\/revisions"}],"predecessor-version":[{"id":23906,"href":"https:\/\/redaccionoaxaca.com\/index.php\/wp-json\/wp\/v2\/posts\/23902\/revisions\/23906"}],"wp:attachment":[{"href":"https:\/\/redaccionoaxaca.com\/index.php\/wp-json\/wp\/v2\/media?parent=23902"}],"wp:term":[{"taxonomy":"category","embeddable":true,"href":"https:\/\/redaccionoaxaca.com\/index.php\/wp-json\/wp\/v2\/categories?post=23902"},{"taxonomy":"post_tag","embeddable":true,"href":"https:\/\/redaccionoaxaca.com\/index.php\/wp-json\/wp\/v2\/tags?post=23902"}],"curies":[{"name":"wp","href":"https:\/\/api.w.org\/{rel}","templated":true}]}}