{"id":23930,"date":"2022-02-09T12:21:08","date_gmt":"2022-02-09T18:21:08","guid":{"rendered":"https:\/\/redaccionoaxaca.com\/?p=23930"},"modified":"2022-02-09T12:21:08","modified_gmt":"2022-02-09T18:21:08","slug":"para-revocacion-de-mandato-de-amlo-habra-1900-casillas-en-oaxaca-y-para-gubernatura-5756-costa-cuenca-e-istmo-focos-de-riesgo","status":"publish","type":"post","link":"https:\/\/redaccionoaxaca.com\/index.php\/2022\/02\/09\/para-revocacion-de-mandato-de-amlo-habra-1900-casillas-en-oaxaca-y-para-gubernatura-5756-costa-cuenca-e-istmo-focos-de-riesgo\/","title":{"rendered":"Para Revocaci\u00f3n de Mandato de AMLO habr\u00e1 1,900 casillas en  Oaxaca y para Gubernatura 5,756; Costa, Cuenca e Istmo focos de riesgo."},"content":{"rendered":"<p style=\"text-align: justify;\"><strong>#Redacci\u00f3nOaxaca<\/strong><\/p>\n<p style=\"text-align: justify;\"><strong>#Oaxaca<\/strong><\/p>\n<p><strong>Jaime GUERRERO<\/strong><\/p>\n<p style=\"text-align: justify;\">Para la consulta de Revocaci\u00f3n de Mandato (del Presidente, Andr\u00e9s Manuel L\u00f3pez Obrador), el Instituto Nacional Electoral (<strong>#INE<\/strong>) instalar\u00e1 en Oaxaca, m\u00e1s de 1 mil 900 casillas y para la elecci\u00f3n del gubernatura del Estado, m\u00e1s de 5 mil 756 en coordinaci\u00f3n con el Instituto Estatal Electoral y de Participaci\u00f3n Ciudadana de Oaxaca (<strong>#IEEPCO<\/strong>).<\/p>\n<p style=\"text-align: justify;\">En medio de la ola de violencia en regiones como la Costa, Cuenca del Papaloapan e Istmo de Tehuantepec, el consejero presidente del INE en Oaxaca, Edgar Humberto Arias Alba, reconoci\u00f3 que esas zonas las ven como focos de riesgo y hay preocupaci\u00f3n del INE y el IEEPCO.<\/p>\n<p style=\"text-align: justify;\">No obstante, dijo que el INE trabaja con las fuerzas federales, estatales y municipales para que todo personal del \u00f3rgano electoral obtenga las medidas de seguridad necesarias.<\/p>\n<p style=\"text-align: justify;\">Entrevistado al termino del banderazo de salida del Supervisores Electorales y Capacitadores Asistentes Electorales en el Z\u00f3calo Capitalino, reconoci\u00f3 que no es posible que se ponga un polic\u00eda para cada personal del INE, por tanto lo que se har\u00e1 es solicitar la vigilancia de las instancias de seguridad en zonas de alto indice de inseguridad.<\/p>\n<p style=\"text-align: justify;\">Arias Alba, confi\u00f3 que habr\u00e1 las condiciones para que la ciudan\u00eda emita una opini\u00f3n y voto libre de la revocaci\u00f3n de mandato y elecci\u00f3n de gubernatura. \u201cCon todas las condiciones para que emitan un voto libre y secreto y sus propios vecinos se encargaran de contar con las representaciones de partidos\u201d.<\/p>\n<p style=\"text-align: justify;\">Los resultados ser\u00e1n debidamente consignados en las actas y si hay dudas los consejos distritales del INE y el IEEPCO podr\u00e1 hacer recuentos en ambos ejercicios electivos.<\/p>\n<p style=\"text-align: justify;\">Estim\u00f3 que m\u00e1s del 50 por ciento del listado nominal puedan participar en ambos ejercicios porque se ha superado la instalaci\u00f3n de casillas extraordinarias en comunidades de dif\u00edcil acceso. En 2016, se instalaron 300 casillas extraordinarias en comunidades de dif\u00edcil acceso y para la elecci\u00f3n de gubernatura del 2022, se instalaran cerca de 1 mil.<\/p>\n<p style=\"text-align: justify;\">Dijo entonces que la participaci\u00f3n ciudadana en Oaxaca, ha superado la media nacional.<\/p>\n<p style=\"text-align: justify;\">El titular del INE en Oaxaca, explic\u00f3 que el ejercicio de revocaci\u00f3n de mandato al que ser\u00e1 sometido el Presidente, Andr\u00e9s Manuel L\u00f3pez Obrador con un fondo total de 1 mil 542 millones de pesos para todo el pa\u00eds.<\/p>\n<p style=\"text-align: justify;\">En el caso de Oaxaca, destac\u00f3 que es dif\u00edcil determinar los costos, porque en cada lugar los costos son diferentes por las ubicaciones lejanas o las cercanas.<\/p>\n<p style=\"text-align: justify;\">Arias Alba, destac\u00f3 que la revocaci\u00f3n de mandato se va organizar para 95 millones de electores que hay en la Lista Nominal, se ve invertir 1 mil 542 millones de pesos, eso da un costo por elector de 16.50 pesos.<\/p>\n<p style=\"text-align: justify;\">Destac\u00f3 que la diferencia de instalaci\u00f3n de casillas para la revocaci\u00f3n de mandato y la gubernatura, radica en que se instalan casillas en cada secci\u00f3n electoral para la elecci\u00f3n de gubernatura, pero con la insuficiencia presupuestal que origin\u00f3 la c\u00e1mara de diputados al no dar el presupuesto requerido por el INE para la revocaci\u00f3n de mandato se hace un agrupamiento de hasta 3 secciones electorales para instalar las casillas per habr\u00e1 la totalidad de boletas.<\/p>\n<p style=\"text-align: justify;\">Para el proceso electoral en Oaxaca se contrataron 194 Supervisores Electorales y 1 mil 158 Capacitadores Asistentes Electorales.<\/p>\n<p style=\"text-align: justify;\">El INE cuenta con un listado nominal de 2 millones 964 mil 646 ciudadanos y ciudadanas.<\/p>\n<p style=\"text-align: justify;\">Se sortear\u00e1 el 13 por ciento del listado nominal lo que implica visitar en sus domicilios a 385 mil 404 ciudadanos y ciudadanas, de ellos se estima que ser\u00e1n funcionarios de Mesa Directiva de Casilla 40 mil 292 en las 5 mil 756 casillas que se tiene proyectado instalar.<\/p>\n<p style=\"text-align: justify;\">El titular del INE destac\u00f3 que la revocaci\u00f3n de mandato tiene efectos contrarios a las elecciones constitucionales en la que se eligen representantes populares, por tanto se deben organizar con m\u00e1s esquemas de seguridad con la participaci\u00f3n ciudadana y de la representaci\u00f3n de los partidos pol\u00edticos.<\/p>\n<p style=\"text-align: justify;\">Respecto a la pol\u00e9mica del hallazgo de personas muertas en las solicitudes de revocaci\u00f3n de mandato, dijo que no tienen informaci\u00f3n de casos en Oaxaca. Sin embargo, el Consejo general del INE, ha interpuesto las denuncias penales correspondientes de los casos que se han descubierto.<\/p>\n<div style=\"width: 696px;\" class=\"wp-video\"><video class=\"wp-video-shortcode\" id=\"video-23930-1\" width=\"696\" height=\"394\" preload=\"metadata\" controls=\"controls\"><source type=\"video\/mp4\" src=\"https:\/\/redaccionoaxaca.com\/wp-content\/uploads\/2022\/02\/VID-20220209-WA0018.mp4?_=1\" \/><a href=\"https:\/\/redaccionoaxaca.com\/wp-content\/uploads\/2022\/02\/VID-20220209-WA0018.mp4\">https:\/\/redaccionoaxaca.com\/wp-content\/uploads\/2022\/02\/VID-20220209-WA0018.mp4<\/a><\/video><\/div>\n","protected":false},"excerpt":{"rendered":"<p>#Redacci\u00f3nOaxaca #Oaxaca Jaime GUERRERO Para la consulta de Revocaci\u00f3n de Mandato (del Presidente, Andr\u00e9s Manuel L\u00f3pez Obrador), el Instituto Nacional Electoral (#INE) instalar\u00e1 en Oaxaca, m\u00e1s de 1 mil 900 casillas y para la elecci\u00f3n del gubernatura del Estado, m\u00e1s de 5 mil 756 en coordinaci\u00f3n con el Instituto Estatal Electoral y de Participaci\u00f3n Ciudadana [&hellip;]<\/p>\n","protected":false},"author":9,"featured_media":0,"comment_status":"open","ping_status":"open","sticky":false,"template":"","format":"video","meta":{"jetpack_post_was_ever_published":false,"_jetpack_newsletter_access":"","_jetpack_dont_email_post_to_subs":false,"_jetpack_newsletter_tier_id":0,"_jetpack_memberships_contains_paywalled_content":false,"_jetpack_memberships_contains_paid_content":false,"footnotes":"","jetpack_publicize_message":"","jetpack_publicize_feature_enabled":true,"jetpack_social_post_already_shared":true,"jetpack_social_options":{"image_generator_settings":{"template":"highway","default_image_id":0,"font":"","enabled":false},"version":2}},"categories":[4,6],"tags":[],"class_list":{"0":"post-23930","1":"post","2":"type-post","3":"status-publish","4":"format-video","6":"category-agenda-politica","7":"category-tendencias","8":"post_format-post-format-video"},"jetpack_publicize_connections":[],"jetpack_featured_media_url":"","jetpack_sharing_enabled":true,"jetpack_shortlink":"https:\/\/wp.me\/p9Ynjw-6dY","jetpack-related-posts":[{"id":478,"url":"https:\/\/redaccionoaxaca.com\/index.php\/2018\/06\/20\/32-municipios-son-focos-rojos-en-oaxaca-para-el-1-de-julio\/","url_meta":{"origin":23930,"position":0},"title":"32 municipios son focos rojos en Oaxaca para el 1 de julio","author":"gaby","date":"junio 20, 2018","format":false,"excerpt":"#Redacci\u00f3nOaxaca #Oaxaca Jaime GUERRERO La Secretar\u00eda de Gobernaci\u00f3n (Segob); el Centro de Seguridad Nacional (Cisen), el Instituto Nacional Electoral (INE), el Instituto Estatal Electoral y de Participaci\u00f3n Ciudadana de Oaxaca (IEEPCO), la Secretar\u00eda de la Defensa Nacional (Sedena), la Secretar\u00eda de Marina Armada de Mexico (Semar), la Polic\u00eda Federal y\u2026","rel":"","context":"Entrada similar ","block_context":{"text":"Entrada similar ","link":""},"img":{"alt_text":"","src":"","width":0,"height":0},"classes":[]},{"id":40014,"url":"https:\/\/redaccionoaxaca.com\/index.php\/2026\/01\/18\/ieepco-traslada-3-1-millones-de-papeletas-de-revocacion-de-mandato-de-gobernador-de-oaxaca-a-25-consejos-distritales\/","url_meta":{"origin":23930,"position":1},"title":"IEEPCO traslada 3.1 millones de papeletas de Revocaci\u00f3n de Mandato de Gobernador de Oaxaca a 25 Consejos Distritales","author":"ariadna","date":"enero 18, 2026","format":false,"excerpt":"#Redacci\u00f3nOaxaca #Oaxaca Jaime GUERRERO El Instituto Estatal Electoral y de Participaci\u00f3n Ciudadana de Oaxaca (IEEPCO) inici\u00f3 este viernes la distribuci\u00f3n de 3,132,592 papeletas a los 25 Consejos Distritales del estado, en preparaci\u00f3n para la jornada de Revocaci\u00f3n de Mandato a la que se someter\u00e1 el Gobernador, Salom\u00f3n Jara Cruz, el\u2026","rel":"","context":"En &quot;Al Cierre&quot;","block_context":{"text":"Al Cierre","link":"https:\/\/redaccionoaxaca.com\/index.php\/category\/al-cierre\/"},"img":{"alt_text":"","src":"https:\/\/i0.wp.com\/redaccionoaxaca.com\/wp-content\/uploads\/2026\/01\/IMG-20260116-WA0191.jpg?fit=1200%2C800&ssl=1&resize=350%2C200","width":350,"height":200,"srcset":"https:\/\/i0.wp.com\/redaccionoaxaca.com\/wp-content\/uploads\/2026\/01\/IMG-20260116-WA0191.jpg?fit=1200%2C800&ssl=1&resize=350%2C200 1x, https:\/\/i0.wp.com\/redaccionoaxaca.com\/wp-content\/uploads\/2026\/01\/IMG-20260116-WA0191.jpg?fit=1200%2C800&ssl=1&resize=525%2C300 1.5x, https:\/\/i0.wp.com\/redaccionoaxaca.com\/wp-content\/uploads\/2026\/01\/IMG-20260116-WA0191.jpg?fit=1200%2C800&ssl=1&resize=700%2C400 2x, https:\/\/i0.wp.com\/redaccionoaxaca.com\/wp-content\/uploads\/2026\/01\/IMG-20260116-WA0191.jpg?fit=1200%2C800&ssl=1&resize=1050%2C600 3x"},"classes":[]},{"id":40145,"url":"https:\/\/redaccionoaxaca.com\/index.php\/2026\/01\/25\/inicia-en-oaxaca-historica-jornada-de-revocacion-de-mandato-del-gobernador\/","url_meta":{"origin":23930,"position":2},"title":"Inicia en Oaxaca hist\u00f3rica jornada de revocaci\u00f3n de mandato del gobernador","author":"ariadna","date":"enero 25, 2026","format":false,"excerpt":"#Redacci\u00f3nOaxaca #Oaxaca Ariadna Mendoza Este domingo dio inicio la jornada de revocaci\u00f3n de mandato de la persona titular del Poder Ejecutivo del estado, un ejercicio in\u00e9dito de democracia directa en Oaxaca, organizado por el Instituto Estatal Electoral y de Participaci\u00f3n Ciudadana de Oaxaca (IEEPCO), con el acompa\u00f1amiento del Instituto Nacional\u2026","rel":"","context":"En &quot;Agenda Pol\u00edtica&quot;","block_context":{"text":"Agenda Pol\u00edtica","link":"https:\/\/redaccionoaxaca.com\/index.php\/category\/agenda-politica\/"},"img":{"alt_text":"","src":"https:\/\/i0.wp.com\/redaccionoaxaca.com\/wp-content\/uploads\/2026\/01\/Screenshot_20260125_082632_WhatsApp-1-scaled.jpg?fit=1200%2C667&ssl=1&resize=350%2C200","width":350,"height":200,"srcset":"https:\/\/i0.wp.com\/redaccionoaxaca.com\/wp-content\/uploads\/2026\/01\/Screenshot_20260125_082632_WhatsApp-1-scaled.jpg?fit=1200%2C667&ssl=1&resize=350%2C200 1x, https:\/\/i0.wp.com\/redaccionoaxaca.com\/wp-content\/uploads\/2026\/01\/Screenshot_20260125_082632_WhatsApp-1-scaled.jpg?fit=1200%2C667&ssl=1&resize=525%2C300 1.5x, https:\/\/i0.wp.com\/redaccionoaxaca.com\/wp-content\/uploads\/2026\/01\/Screenshot_20260125_082632_WhatsApp-1-scaled.jpg?fit=1200%2C667&ssl=1&resize=700%2C400 2x, https:\/\/i0.wp.com\/redaccionoaxaca.com\/wp-content\/uploads\/2026\/01\/Screenshot_20260125_082632_WhatsApp-1-scaled.jpg?fit=1200%2C667&ssl=1&resize=1050%2C600 3x"},"classes":[]},{"id":25000,"url":"https:\/\/redaccionoaxaca.com\/index.php\/2022\/04\/10\/ine-entregara-a-tepjf-informe-de-resultados-e-irregularidades-de-actores-politicos-en-revocacion-de-mandato\/","url_meta":{"origin":23930,"position":3},"title":"INE entregar\u00e1 a TEPJF informe de resultados e   irregularidades de actores pol\u00edticos en Revocaci\u00f3n de Mandato.","author":"ariadna","date":"abril 10, 2022","format":"video","excerpt":"#Redacci\u00f3nOaxaca #Oaxaca Jaime GUERRERO El consejero presidente del Instituto Nacional Electoral (INE), Lorenzo C\u00f3rdova Vianello, reiter\u00f3 que tras la realizaci\u00f3n de la consulta de revocaci\u00f3n de mandato entregar\u00e1n al Tribunal Electoral del Poder Judicial de la Federaci\u00f3n (TEPJF) un informe que, adem\u00e1s de incluir los resultados, contendr\u00e1 lo ocurrido en\u2026","rel":"","context":"En &quot;Agenda Pol\u00edtica&quot;","block_context":{"text":"Agenda Pol\u00edtica","link":"https:\/\/redaccionoaxaca.com\/index.php\/category\/agenda-politica\/"},"img":{"alt_text":"","src":"","width":0,"height":0},"classes":[]},{"id":25892,"url":"https:\/\/redaccionoaxaca.com\/index.php\/2022\/06\/01\/siniestros-de-agatha-impiden-entrega-de-186-paquetes-electorales-en-12-municipios-de-oaxaca-34-casillas-no-se-instalan-por-conflictos\/","url_meta":{"origin":23930,"position":4},"title":"Siniestros de Agatha impiden entrega de 186 paquetes electorales  en 12 municipios de Oaxaca; 34 casillas no se instalan por conflictos","author":"ariadna","date":"junio 1, 2022","format":false,"excerpt":"#Redacci\u00f3nOaxaca #Oaxaca Jaime GUERRERO Pese a los da\u00f1os que dej\u00f3 a su paso el hurac\u00e1n \u201cAgatha\u201d en diversos localidades de la regi\u00f3n del Istmo, Costa y Sierra Sur de Oaxaca, el Instituto Nacional Electoral (INE) y el Instituto Estatal Electoral y de Participaci\u00f3n Ciudadana de Oaxaca (IEEPCO), aseguraron que no\u2026","rel":"","context":"En &quot;Agenda Pol\u00edtica&quot;","block_context":{"text":"Agenda Pol\u00edtica","link":"https:\/\/redaccionoaxaca.com\/index.php\/category\/agenda-politica\/"},"img":{"alt_text":"","src":"","width":0,"height":0},"classes":[]},{"id":18095,"url":"https:\/\/redaccionoaxaca.com\/index.php\/2021\/04\/06\/video-no-clasificamos-focos-rojos-en-elecciones-dice-titular-del-ieepco-solo-3-localidades-les-permiten-ingresar\/","url_meta":{"origin":23930,"position":5},"title":"VIDEO: No clasificamos focos rojos en elecciones, dice titular del  IEEPCO; solo 3 localidades les permiten ingresar.","author":"ariadna","date":"abril 6, 2021","format":"video","excerpt":"\u00a0#Redacci\u00f3nOaxaca #Oaxaca Jaime GUERRERO El Instituto Estatal Electoral y de Participaci\u00f3n Ciudadana de Oaxaca (#IEEPCO), no clasifica ni ha clasificado focos rojos en municipios o distritos para las elecciones de concejal\u00edas y diputaciones locales, el pr\u00f3ximo 6 de junio. Solo son tres localidades (de 570 que hay en Oaxaca) en\u2026","rel":"","context":"En &quot;Agenda Pol\u00edtica&quot;","block_context":{"text":"Agenda Pol\u00edtica","link":"https:\/\/redaccionoaxaca.com\/index.php\/category\/agenda-politica\/"},"img":{"alt_text":"","src":"","width":0,"height":0},"classes":[]}],"_links":{"self":[{"href":"https:\/\/redaccionoaxaca.com\/index.php\/wp-json\/wp\/v2\/posts\/23930","targetHints":{"allow":["GET"]}}],"collection":[{"href":"https:\/\/redaccionoaxaca.com\/index.php\/wp-json\/wp\/v2\/posts"}],"about":[{"href":"https:\/\/redaccionoaxaca.com\/index.php\/wp-json\/wp\/v2\/types\/post"}],"author":[{"embeddable":true,"href":"https:\/\/redaccionoaxaca.com\/index.php\/wp-json\/wp\/v2\/users\/9"}],"replies":[{"embeddable":true,"href":"https:\/\/redaccionoaxaca.com\/index.php\/wp-json\/wp\/v2\/comments?post=23930"}],"version-history":[{"count":1,"href":"https:\/\/redaccionoaxaca.com\/index.php\/wp-json\/wp\/v2\/posts\/23930\/revisions"}],"predecessor-version":[{"id":23933,"href":"https:\/\/redaccionoaxaca.com\/index.php\/wp-json\/wp\/v2\/posts\/23930\/revisions\/23933"}],"wp:attachment":[{"href":"https:\/\/redaccionoaxaca.com\/index.php\/wp-json\/wp\/v2\/media?parent=23930"}],"wp:term":[{"taxonomy":"category","embeddable":true,"href":"https:\/\/redaccionoaxaca.com\/index.php\/wp-json\/wp\/v2\/categories?post=23930"},{"taxonomy":"post_tag","embeddable":true,"href":"https:\/\/redaccionoaxaca.com\/index.php\/wp-json\/wp\/v2\/tags?post=23930"}],"curies":[{"name":"wp","href":"https:\/\/api.w.org\/{rel}","templated":true}]}}