{"id":24017,"date":"2022-02-14T14:20:44","date_gmt":"2022-02-14T20:20:44","guid":{"rendered":"https:\/\/redaccionoaxaca.com\/?p=24017"},"modified":"2022-02-14T14:20:44","modified_gmt":"2022-02-14T20:20:44","slug":"video-vandalismo-en-boda-de-elba-esther-gordillo-tiene-que-ver-con-su-relacion-historica-con-el-magisterio-murat-desestima-autoria","status":"publish","type":"post","link":"https:\/\/redaccionoaxaca.com\/index.php\/2022\/02\/14\/video-vandalismo-en-boda-de-elba-esther-gordillo-tiene-que-ver-con-su-relacion-historica-con-el-magisterio-murat-desestima-autoria\/","title":{"rendered":"VIDEO: Vandalismo en boda de Elba Esther Gordillo, tiene que ver con  su relaci\u00f3n hist\u00f3rica con el magisterio: Murat; desestima autor\u00eda."},"content":{"rendered":"<p style=\"text-align: justify;\"><strong>#Redacci\u00f3nOaxaca<\/strong><\/p>\n<p style=\"text-align: justify;\"><strong>#Oaxaca<\/strong><\/p>\n<p style=\"text-align: justify;\"><strong>Jaime GUERRERO<\/strong><\/p>\n<p style=\"text-align: justify;\">El Gobernador del Estado, Alejandro Murat Hinojosa, desestim\u00f3 los se\u00f1alamientos de la ex dirigente del Sindicato Nacional de Trabajadores de la Educaci\u00f3n, Elba Esther Gordillo Morales, respecto a que su pap\u00e1 Jos\u00e9 Murat y \u00e9l, estar\u00eda detr\u00e1s de los actos vand\u00e1licos en el recinto cultural y tur\u00edstico del Centro Hist\u00f3rico de Oaxaca, donde se cas\u00f3 la ex l\u00edder del SNTE.<\/p>\n<p style=\"text-align: justify;\">\u201c<em>Tienen que ver con el magisterio y la relaci\u00f3n hist\u00f3rica que han tenido la maestra\u201d<\/em>, ataj\u00f3.<\/p>\n<p style=\"text-align: justify;\">Y es que la llamada \u201cmaestra\u201d, sospech\u00f3 del ex gobernador y el actual mandatario de Oaxaca de estar detr\u00e1s de los actos violentos que protagonizaron organizaciones sociales como el FPR, UACOL, as\u00ed como integrantes de la Secci\u00f3n 22 del SNTE, previo a la ceremonia de su enlace matrimonial con su abogado, Luis Antonio Lagunas Guti\u00e9rrez.<\/p>\n<p style=\"text-align: justify;\">\u201c<em>Esos son eventos privados (las bodas en los inmuebles culturales y tur\u00edsticos) y cada quien asumir la responsabilidad que le toca<\/em>\u201d, ataj\u00f3 el mandatario.<\/p>\n<p style=\"text-align: justify;\">Murat Hinojosa, sostuvo que su gobierno lo que hace es generar condiciones para que todas personas que quieran celebrar sus bodas en Oaxaca lo hagan de manera pacifica.<\/p>\n<p style=\"text-align: justify;\">El mandatario lament\u00f3 que se registraran actos vand\u00e1licos previo la ceremonia matrimonial de Gordillo Morales.<\/p>\n<p style=\"text-align: justify;\">No obstante, dijo: \u201c<em>tienen que ver con el magisterio y la relaci\u00f3n hist\u00f3rica que ha tenido la maestra con ellos y ellos (los integrantes del magisterio) tendr\u00e1n que responder<\/em>\u201d, asent\u00f3.<\/p>\n<p style=\"text-align: justify;\">El pasado s\u00e1bado, al grito de \u00a1Asesina!, integrantes de organizaciones sociales y de la secci\u00f3n 22 del SNTE, irrumpieron y causaron destrozos en el complejo tur\u00edstico y cultural Santo Domingo del Centro Hist\u00f3rico de la capital de Oaxaca, donde Gordillo Morales celebr\u00f3 su enlace matrimonial con Lagunas Guti\u00e9rrez.<\/p>\n<p style=\"text-align: justify;\">Ese d\u00eda -alrededor de las 19:00 horas-, los integrantes del magisterio y organizaciones sociales, realizaron pintas en el acceso al jard\u00edn el Huaje del Jard\u00edn Etnobot\u00e1nico, en donde se ten\u00eda programada una ceremonia de la boda de la ex l\u00edder de la Secci\u00f3n 22 del SNTE.<\/p>\n<p style=\"text-align: justify;\">A patadas los sindicalizados y sus aliados de las organizaciones sociales, lograron abrir la puerta para ingresar al recinto, de igual manera abrieron fuego con sustancias flamables hacia el personal de seguridad quienes controlaban el espacio.<\/p>\n<p style=\"text-align: justify;\">A pesar de haber sido repelidos con gas pimienta, tras varios intentos los manifestantes lograron abrir la puerta e ingresar al interior en donde ya estaban instaladas las sillas para los invitados. Ah\u00ed destrozaron los asientos y arreglos florales colocados para la ceremonia civil.<\/p>\n<p style=\"text-align: justify;\">Los integrantes del magisterio estaban acompa\u00f1ados por gente de las organizaciones de comerciantes ambulantes FPR y UACOL, mismos que destrozaron todo a su paso. El grupo de al menos cien personas se hab\u00eda concentrado en su edificio sindical desde donde partieron en marcha hacia el Jard\u00edn Etnobot\u00e1nico.<\/p>\n<p style=\"text-align: justify;\">\u201c<em>No eres bien recibida en Oaxaca\u201d,<\/em> le lanzaron mientras destru\u00edan el espacio.<br \/>\nAyer por la tarde la exdirigenta anunci\u00f3 a trav\u00e9s de un video publicado en redes sociales que contraer\u00eda nupcias en Oaxaca tras siete a\u00f1os de noviazgo con el abogado que logr\u00f3 su libertad.<\/p>\n<p style=\"text-align: justify;\">Luego de los desmanes que no dur\u00f3 m\u00e1s de 5 minutos, la secci\u00f3n 22 y sus aliados del comercio informal, se replegaron a la espera de que se realice la calenda programada para las 20:30 horas. Los maestros se concentraron en la calle de Reforma a unas cuadras del Jard\u00edn Etnobot\u00e1nico.<\/p>\n<p style=\"text-align: justify;\">Al final -culminado el mitin de la Secci\u00f3n 22 del SNTE y las organizaciones sociales- Gordillo Morales, su abogado Lagunas Guti\u00e9rrez e invitados ingresaran al complejo cultural y tur\u00edstico a celebrar y festejar el enlace matrimonial.<\/p>\n<div style=\"width: 696px;\" class=\"wp-video\"><video class=\"wp-video-shortcode\" id=\"video-24017-1\" width=\"696\" height=\"394\" preload=\"metadata\" controls=\"controls\"><source type=\"video\/mp4\" src=\"https:\/\/redaccionoaxaca.com\/wp-content\/uploads\/2022\/02\/VID-20220214-WA0073.mp4?_=1\" \/><a href=\"https:\/\/redaccionoaxaca.com\/wp-content\/uploads\/2022\/02\/VID-20220214-WA0073.mp4\">https:\/\/redaccionoaxaca.com\/wp-content\/uploads\/2022\/02\/VID-20220214-WA0073.mp4<\/a><\/video><\/div>\n","protected":false},"excerpt":{"rendered":"<p>#Redacci\u00f3nOaxaca #Oaxaca Jaime GUERRERO El Gobernador del Estado, Alejandro Murat Hinojosa, desestim\u00f3 los se\u00f1alamientos de la ex dirigente del Sindicato Nacional de Trabajadores de la Educaci\u00f3n, Elba Esther Gordillo Morales, respecto a que su pap\u00e1 Jos\u00e9 Murat y \u00e9l, estar\u00eda detr\u00e1s de los actos vand\u00e1licos en el recinto cultural y tur\u00edstico del Centro Hist\u00f3rico de [&hellip;]<\/p>\n","protected":false},"author":9,"featured_media":0,"comment_status":"open","ping_status":"open","sticky":false,"template":"","format":"video","meta":{"jetpack_post_was_ever_published":false,"_jetpack_newsletter_access":"","_jetpack_dont_email_post_to_subs":false,"_jetpack_newsletter_tier_id":0,"_jetpack_memberships_contains_paywalled_content":false,"_jetpack_memberships_contains_paid_content":false,"footnotes":"","jetpack_publicize_message":"","jetpack_publicize_feature_enabled":true,"jetpack_social_post_already_shared":true,"jetpack_social_options":{"image_generator_settings":{"template":"highway","default_image_id":0,"font":"","enabled":false},"version":2}},"categories":[4,7],"tags":[],"class_list":{"0":"post-24017","1":"post","2":"type-post","3":"status-publish","4":"format-video","6":"category-agenda-politica","7":"category-al-cierre","8":"post_format-post-format-video"},"jetpack_publicize_connections":[],"jetpack_featured_media_url":"","jetpack_sharing_enabled":true,"jetpack_shortlink":"https:\/\/wp.me\/p9Ynjw-6fn","jetpack-related-posts":[{"id":24448,"url":"https:\/\/redaccionoaxaca.com\/index.php\/2022\/03\/09\/nueva-alianza-de-elba-esther-gordillo-vende-caro-su-amor-y-amaga-con-ir-solo-por-gubernatura-de-oaxaca\/","url_meta":{"origin":24017,"position":0},"title":"Nueva Alianza de Elba Esther Gordillo, vende caro  su amor y amaga con ir solo por Gubernatura de Oaxaca.","author":"ariadna","date":"marzo 9, 2022","format":false,"excerpt":"#Redacci\u00f3nOaxaca #Oaxaca Jaime GUERRERO Partido Nueva Alianza de Oaxaca, vende caro su amor en la elecci\u00f3n a la gubernatura porque mientras en las elecciones extraordinarias que se celebrar\u00e1n el pr\u00f3ximo 27 de marzo, estableci\u00f3 candidaturas comunes en 2 municipios: Mitla y Santa Cruz Xoxocotl\u00e1n, en la del 5 de junio\u2026","rel":"","context":"En &quot;Agenda Pol\u00edtica&quot;","block_context":{"text":"Agenda Pol\u00edtica","link":"https:\/\/redaccionoaxaca.com\/index.php\/category\/agenda-politica\/"},"img":{"alt_text":"","src":"","width":0,"height":0},"classes":[]},{"id":6639,"url":"https:\/\/redaccionoaxaca.com\/index.php\/2019\/05\/06\/s-22-vuelve-a-pedir-a-murat-abrogar-decreto-de-cue-que-les-quito-control-del-ieepo-gobernador-esta-impedido\/","url_meta":{"origin":24017,"position":1},"title":"S-22 vuelve a pedir a Murat abrogar decreto de Cu\u00e9\u00a0que les quit\u00f3 control del IEEPO; Gobernador est\u00e1 impedido.","author":"jaime","date":"mayo 6, 2019","format":false,"excerpt":"#Redacci\u00f3nOaxaca #Oaxaca Jaime GUERRERO\u00a0 A trav\u00e9s de su pliego petitorio de demandas que entregaron al Gobernador del Estado, Alejandro Murat Hinojosa -el pasado 1 de mayo- la Secci\u00f3n 22 del Sindicato Nacional de Trabajadores de la Educaci\u00f3n (SNTE), pidi\u00f3 -por en\u00e9sima ocasi\u00f3n- cancelar el decreto que emiti\u00f3 la administraci\u00f3n del\u2026","rel":"","context":"Entrada similar ","block_context":{"text":"Entrada similar ","link":""},"img":{"alt_text":"","src":"","width":0,"height":0},"classes":[]},{"id":29694,"url":"https:\/\/redaccionoaxaca.com\/index.php\/2023\/11\/14\/gobernador-de-oaxaca-arremete-vs-grupos-y-facciones-del-magisterio-anoran-al-pri-y-a-la-administracion-muratista-dice\/","url_meta":{"origin":24017,"position":2},"title":"Gobernador de Oaxaca, arremete vs grupos y facciones del  magisterio; a\u00f1oran al PRI y a la administraci\u00f3n muratista, dice.","author":"ariadna","date":"noviembre 14, 2023","format":false,"excerpt":"#Redacci\u00f3nOaxaca #Oaxaca Jaime GUERRERO El Gobernador del Estado, Salom\u00f3n Jara Cruz, arremeti\u00f3 contra facciones y grupos al interior del magisterio oaxaque\u00f1o y afirm\u00f3 que \u201cpareciera que algunos profesores de la Secci\u00f3n 22 del Sindicato Nacional de Trabajadores de la Educaci\u00f3n (SNTE), a\u00f1oran al PRI y tambi\u00e9n a la administraci\u00f3n de\u2026","rel":"","context":"En &quot;Agenda Pol\u00edtica&quot;","block_context":{"text":"Agenda Pol\u00edtica","link":"https:\/\/redaccionoaxaca.com\/index.php\/category\/agenda-politica\/"},"img":{"alt_text":"","src":"","width":0,"height":0},"classes":[]},{"id":16235,"url":"https:\/\/redaccionoaxaca.com\/index.php\/2021\/01\/14\/video-no-tengo-interes-en-candidatura-ni-estoy-detras-de-guerras-sucias-afirma-titula-del-ieepo-rechaza-aspiracion-electoral\/","url_meta":{"origin":24017,"position":3},"title":"VIDEO: No tengo inter\u00e9s en candidatura, ni estoy detr\u00e1s de guerras  sucias, afirma titula del IEEPO; rechaza aspiraci\u00f3n electoral.","author":"ariadna","date":"enero 14, 2021","format":"video","excerpt":"#Redacci\u00f3nOaxaca #Oaxaca Jaime GUERRERO Arrancado el proceso electoral, el titular del Instituto Estatal de Educaci\u00f3n P\u00fablica de Oaxaca (IEEPO), Francisco \u00c1ngel Villarreal, rechaz\u00f3 que participar\u00e1 en el proceso electivo de diputados federales, locales y de concejales. Por el contrario, afirm\u00f3 que esta dedicado al 100 por ciento en la tarea\u2026","rel":"","context":"En &quot;Agenda Pol\u00edtica&quot;","block_context":{"text":"Agenda Pol\u00edtica","link":"https:\/\/redaccionoaxaca.com\/index.php\/category\/agenda-politica\/"},"img":{"alt_text":"","src":"","width":0,"height":0},"classes":[]},{"id":21474,"url":"https:\/\/redaccionoaxaca.com\/index.php\/2021\/10\/06\/conmemora-oaxaca-centenario-de-la-creacion-de-la-sep\/","url_meta":{"origin":24017,"position":4},"title":"Conmemora Oaxaca centenario de la creaci\u00f3n de la SEP.","author":"ariadna","date":"octubre 6, 2021","format":false,"excerpt":"#Redacci\u00f3nOaxaca #Oaxaca Al cumplirse el centenario de la creaci\u00f3n de la Secretar\u00eda de Educaci\u00f3n P\u00fablica (SEP) y para conmemorar esta fecha hist\u00f3rica, el gobernador Alejandro Murat Hinojosa junto con el director general Instituto Estatal de Educaci\u00f3n P\u00fablica de Oaxaca (IEEPO) Francisco \u00c1ngel Villarreal y autoridades educativas presidieron una ceremonia cultural\u2026","rel":"","context":"En &quot;Agenda Pol\u00edtica&quot;","block_context":{"text":"Agenda Pol\u00edtica","link":"https:\/\/redaccionoaxaca.com\/index.php\/category\/agenda-politica\/"},"img":{"alt_text":"","src":"","width":0,"height":0},"classes":[]},{"id":9227,"url":"https:\/\/redaccionoaxaca.com\/index.php\/2019\/11\/16\/terso-informe-de-murat-oposicion-y-magisterio-testimonial\/","url_meta":{"origin":24017,"position":5},"title":"Terso informe de Murat, oposici\u00f3n y magisterio testimonial.","author":"ariadna","date":"noviembre 16, 2019","format":"video","excerpt":"#Redacci\u00f3nOaxaca #Oaxaca Jaime GUERRERO Todo estaba pactado. Sin exabruptos, aspavientos, ni gritos. Todo fue terso adentro y afuera del recinto legislativo. As\u00ed el Gobernador del Estado, Alejandro Murat Hinojosa, entreg\u00f3 su tercer informe de Gobierno al Presidente de la Mesa Directiva, C\u00e9sar Morales Ni\u00f1o y rindi\u00f3 un largo mensaje en\u2026","rel":"","context":"Entrada similar ","block_context":{"text":"Entrada similar ","link":""},"img":{"alt_text":"","src":"","width":0,"height":0},"classes":[]}],"_links":{"self":[{"href":"https:\/\/redaccionoaxaca.com\/index.php\/wp-json\/wp\/v2\/posts\/24017","targetHints":{"allow":["GET"]}}],"collection":[{"href":"https:\/\/redaccionoaxaca.com\/index.php\/wp-json\/wp\/v2\/posts"}],"about":[{"href":"https:\/\/redaccionoaxaca.com\/index.php\/wp-json\/wp\/v2\/types\/post"}],"author":[{"embeddable":true,"href":"https:\/\/redaccionoaxaca.com\/index.php\/wp-json\/wp\/v2\/users\/9"}],"replies":[{"embeddable":true,"href":"https:\/\/redaccionoaxaca.com\/index.php\/wp-json\/wp\/v2\/comments?post=24017"}],"version-history":[{"count":1,"href":"https:\/\/redaccionoaxaca.com\/index.php\/wp-json\/wp\/v2\/posts\/24017\/revisions"}],"predecessor-version":[{"id":24020,"href":"https:\/\/redaccionoaxaca.com\/index.php\/wp-json\/wp\/v2\/posts\/24017\/revisions\/24020"}],"wp:attachment":[{"href":"https:\/\/redaccionoaxaca.com\/index.php\/wp-json\/wp\/v2\/media?parent=24017"}],"wp:term":[{"taxonomy":"category","embeddable":true,"href":"https:\/\/redaccionoaxaca.com\/index.php\/wp-json\/wp\/v2\/categories?post=24017"},{"taxonomy":"post_tag","embeddable":true,"href":"https:\/\/redaccionoaxaca.com\/index.php\/wp-json\/wp\/v2\/tags?post=24017"}],"curies":[{"name":"wp","href":"https:\/\/api.w.org\/{rel}","templated":true}]}}