{"id":24225,"date":"2022-02-24T10:20:09","date_gmt":"2022-02-24T16:20:09","guid":{"rendered":"https:\/\/redaccionoaxaca.com\/?p=24225"},"modified":"2022-02-24T10:20:09","modified_gmt":"2022-02-24T16:20:09","slug":"no-se-discrimino-a-harp-para-candidatura-a-gubernatura-por-morena-designacion-de-jara-acato-lineamientos-de-paridad-de-ine-teeo","status":"publish","type":"post","link":"https:\/\/redaccionoaxaca.com\/index.php\/2022\/02\/24\/no-se-discrimino-a-harp-para-candidatura-a-gubernatura-por-morena-designacion-de-jara-acato-lineamientos-de-paridad-de-ine-teeo\/","title":{"rendered":"No se discrimin\u00f3 a Harp para candidatura a Gubernatura por  Morena; designaci\u00f3n de Jara acat\u00f3 lineamientos de paridad de INE: TEEO."},"content":{"rendered":"<p><strong>#Redacci\u00f3nOaxaca<\/strong><\/p>\n<p><strong>#Oaxaca<\/strong><\/p>\n<p><strong>Jaime GUERRERO<\/strong><\/p>\n<p style=\"text-align: justify;\">Por unanimidad las y el magistrado del Tribunal Electoral del Estado de Oaxaca (<strong>#TEEO<\/strong>) desecho las impugnaciones en contra de la designaci\u00f3n de Salom\u00f3n Jara Cruz como precandidato a la gubernatura de Oaxaca por el partido Morena, interpuesto por la senadora Susana Harp Iturribarr\u00eda, quien busca arrebatarle la inminente candidatura a la gubernatura a su par.<\/p>\n<p style=\"text-align: justify;\">Adem\u00e1s de que, contrario a lo que se\u00f1ala Harp Iturribarria, la decisi\u00f3n de la Comisi\u00f3n de Elecciones no fue discriminatoria hacia su persona por su calidad de mujer, es decir, no se acredit\u00f3 que se le haya considerado como una opci\u00f3n que hiciera perder al partido pol\u00edtico MORENA en las elecciones.<\/p>\n<p style=\"text-align: justify;\">Por el contrario, la designaci\u00f3n efectuada acat\u00f3 los lineamientos en materia de paridad de g\u00e9nero establecidos por el Instituto Nacional Electoral, aunado a que dicha designaci\u00f3n, atendi\u00f3 a elementos objetivos y a la estrategia pol\u00edtica del partido pol\u00edtico MORENA en el presente proceso electoral, como as\u00ed se hab\u00eda estipulado desde la propia Convocatoria.<\/p>\n<p style=\"text-align: justify;\">Al resolver los juicios ciudadanos JDC\/19\/2022 y JDC\/43\/2022, interpuestos por HARP ITURRIBARR\u00cdA, magistrados confirmaron las resoluciones dictadas por la Comisi\u00f3n Nacional de Honestidad y Justicia (CNHJ) del partido Movimiento de Regeneraci\u00f3n Nacional en contra de la designaci\u00f3n de la pre candidatura en Oaxaca a favor de Jara Cruz, quien sigue firme como el inminente candidato a la gubernatura.<\/p>\n<p style=\"text-align: justify;\">No obstante, piden a la Comisi\u00f3n Nacional de Elecciones de Morena informe por escrito a Harp Iturribarr\u00eda los razonamientos que hayan considerado para no otorgarle el registro de su solicitud a la candidatura a la Gubernatura de Oaxaca.<\/p>\n<p style=\"text-align: justify;\">Tambi\u00e9n el pleno del TEEO consider\u00f3 infundados los agravios hechos valer por la actora, relativos a violaciones al principios de paridad de g\u00e9nero e inequidad en la contienda, al ser inexactos.<\/p>\n<p style=\"text-align: justify;\">Y es que Harp Iturribaria, impugn\u00f3 la resoluci\u00f3n de la Comisi\u00f3n Nacional de Honestidad y Justicia de MORENA en el expediente CNHJ-OAX-2381\/2021 que sobresey\u00f3 su recurso de queja relativo a la designaci\u00f3n de la candidatura a la rgubernatura, la cual se dicta a su vez, en cumplimiento a la diversa resoluci\u00f3n emitida por la Sala Superior del Tribunal Electoral del Poder Judicial de la Federaci\u00f3n, dentro del diverso expediente identificado con la CLAVE: SUP-JDC-50\/2022.<\/p>\n<p style=\"text-align: justify;\">Tambi\u00e9n controvirti\u00f3 la resoluci\u00f3n de cuatro de febrero, dictada en el expediente CNHJ-OAX-009\/2022, relativa a la designaci\u00f3n de la precandidatura \u00fanica a la gubernatura de Oaxaca por MORENA.<\/p>\n<p style=\"text-align: justify;\">Respecto a que la CNHJ de Morena fue omisa en analizar la equivalencia funcional entre el nombramiento de Coordinador de los Comit\u00e9s para la Defensa de la Cuarta Transformaci\u00f3n en Oaxaca y la Precandidatura a la Gubernatura del Estado por parte de MORENA, debido a que el cargo de Coordinador no se encuentra previsto, no es dable concluir que este tenga estrictamente la finalidad de fomentar el voto, como incorrectamente lo afirm\u00f3 Harp Iturribarria.<\/p>\n<p style=\"text-align: justify;\">Tampoco se acredit\u00f3 que la persona en la que recay\u00f3 dicha designaci\u00f3n -Jara Cruz- hubiera realizado actos abusando de dicho nombramiento para posicionar su persona o que esto haya incidido en el proceso de selecci\u00f3n interna.<\/p>\n<p style=\"text-align: justify;\">Respecto a los agravios encaminados a controvertir diversas violaciones durante las etapas del procedimiento interno de selecci\u00f3n de la candidatura, as\u00ed como violaciones al principio de paridad y alternancia de g\u00e9nero, se declararon infundados los agravios.<\/p>\n<p style=\"text-align: justify;\">En la sentencia, se establece que Harp Iturribarria, parte de m\u00faltiples premisas inexactas, puesto que las encuestas realizadas por la comisi\u00f3n de elecciones, no ten\u00edan el car\u00e1cter de vinculantes, ya que acontecieron en una etapa en la que no estaba previsto su desarrollo.<\/p>\n<p style=\"text-align: justify;\">Por otra parte, el proyecto estim\u00f3 que el agravio presentado por Harp Iturribarria, en el sentido de que la designaci\u00f3n debi\u00f3 atender necesariamente a la alternancia de g\u00e9nero y al contexto hist\u00f3rico de Oaxaca respecto a la postulaci\u00f3n de candidaturas, se desestim\u00f3, ya que tales acciones que la actora pretende sean implementadas, no encuentran sustento jur\u00eddico.<\/p>\n<p style=\"text-align: justify;\">Las y los magistrados del TEEO, determinaron que dichas reglas no se encontraban contempladas previo al inicio del proceso de selecci\u00f3n interna en ninguna normativa tanto nacional como internacional, por lo que su introducci\u00f3n en las condiciones que pretende la actora, atentar\u00edan contra las principios de certeza, legalidad y seguridad jur\u00eddica de todas las personas que participaron en dicho proceso.<\/p>\n<p style=\"text-align: justify;\">No obstante, a fin de garantizar su derecho de acceso a la informaci\u00f3n de la actora, el TEEO vincul\u00f3 a la COMISI\u00d3N DE ELECCIONES que le informe los razonamientos que sustentaron la calificaci\u00f3n de su solicitud.<\/p>\n<p style=\"text-align: justify;\">Bajo esa perspectiva, se confirm\u00f3 las resoluciones controvertidas por Harp Iturribarria.<\/p>\n","protected":false},"excerpt":{"rendered":"<p>#Redacci\u00f3nOaxaca #Oaxaca Jaime GUERRERO Por unanimidad las y el magistrado del Tribunal Electoral del Estado de Oaxaca (#TEEO) desecho las impugnaciones en contra de la designaci\u00f3n de Salom\u00f3n Jara Cruz como precandidato a la gubernatura de Oaxaca por el partido Morena, interpuesto por la senadora Susana Harp Iturribarr\u00eda, quien busca arrebatarle la inminente candidatura a [&hellip;]<\/p>\n","protected":false},"author":9,"featured_media":0,"comment_status":"open","ping_status":"open","sticky":false,"template":"","format":"standard","meta":{"jetpack_post_was_ever_published":false,"_jetpack_newsletter_access":"","_jetpack_dont_email_post_to_subs":false,"_jetpack_newsletter_tier_id":0,"_jetpack_memberships_contains_paywalled_content":false,"_jetpack_memberships_contains_paid_content":false,"footnotes":"","jetpack_publicize_message":"","jetpack_publicize_feature_enabled":true,"jetpack_social_post_already_shared":true,"jetpack_social_options":{"image_generator_settings":{"template":"highway","default_image_id":0,"font":"","enabled":false},"version":2}},"categories":[4,5],"tags":[],"class_list":{"0":"post-24225","1":"post","2":"type-post","3":"status-publish","4":"format-standard","6":"category-agenda-politica","7":"category-imagen"},"jetpack_publicize_connections":[],"jetpack_featured_media_url":"","jetpack_sharing_enabled":true,"jetpack_shortlink":"https:\/\/wp.me\/p9Ynjw-6iJ","jetpack-related-posts":[{"id":23710,"url":"https:\/\/redaccionoaxaca.com\/index.php\/2022\/01\/28\/teeo-desecha-impugnaciones-de-susana-harp-le-niega-detener-proceso-de-seleccion-de-candidatura-a-gubernatura-de-morena\/","url_meta":{"origin":24225,"position":0},"title":"TEEO desecha impugnaciones de Susana Harp; le niega detener   proceso de selecci\u00f3n de candidatura a Gubernatura de Morena.","author":"ariadna","date":"enero 28, 2022","format":"video","excerpt":"#Redacci\u00f3nOaxaca #Oaxaca Jaime GUERRERO El tribunal Electoral del Estado de Oaxaca (#TEEO), desech\u00f3 las impugnaciones de la Senadora de la Rep\u00fablica, Susana Harp Iturribarria, respecto a la definici\u00f3n de la candidatura a la gubernatura de Oaxaca por el partido Morena a favor de su par, Salom\u00f3n Jara Cruz. La legisladora,\u2026","rel":"","context":"En &quot;Agenda Pol\u00edtica&quot;","block_context":{"text":"Agenda Pol\u00edtica","link":"https:\/\/redaccionoaxaca.com\/index.php\/category\/agenda-politica\/"},"img":{"alt_text":"","src":"","width":0,"height":0},"classes":[]},{"id":24067,"url":"https:\/\/redaccionoaxaca.com\/index.php\/2022\/02\/16\/tepjf-ordena-al-teeo-emitir-nueva-sentencia-a-impugnacion-de-susana-harp-por-candidatura-a-gubernatura-de-oaxaca-por-morena\/","url_meta":{"origin":24225,"position":1},"title":"TEPJF ordena al TEEO emitir nueva sentencia a impugnaci\u00f3n de  Susana Harp por candidatura a Gubernatura de Oaxaca por Morena.","author":"ariadna","date":"febrero 16, 2022","format":false,"excerpt":"#Redacci\u00f3nOaxaca #Oaxaca Jaime GUERRERO La Sala Superior del Tribunal Electoral del Poder Judicial de la Federaci\u00f3n (#TEPJF), revoc\u00f3 la sentencia del Tribunal Electoral del Estado de Oaxaca (#TEEO), quien hab\u00eda declarado como inoperantes los agravios de la senadora Susana Harp Iturribarria, cuyo \u00f3rgano jurisdiccional de Oaxaca, confirm\u00f3 la resoluci\u00f3n emitida\u2026","rel":"","context":"En &quot;Agenda Pol\u00edtica&quot;","block_context":{"text":"Agenda Pol\u00edtica","link":"https:\/\/redaccionoaxaca.com\/index.php\/category\/agenda-politica\/"},"img":{"alt_text":"","src":"","width":0,"height":0},"classes":[]},{"id":24787,"url":"https:\/\/redaccionoaxaca.com\/index.php\/2022\/03\/30\/chocan-proyectos-sobre-candidatura-a-gubernatura-de-oaxaca-por-morena-magistrado-propone-dejar-firme-candidatura-a-salomon-jara-otro-propone-mujer-no-necesariamente-susana-harp\/","url_meta":{"origin":24225,"position":2},"title":"Chocan proyectos sobre candidatura a gubernatura de Oaxaca por Morena; magistrado propone dejar firme candidatura a Salomon Jara, otro propone mujer, no necesariamente Susana Harp.","author":"ariadna","date":"marzo 30, 2022","format":false,"excerpt":"#Redacci\u00f3nOaxaca #Oaxaca Jaime GUERRERO A 72 horas del arranque de las campa\u00f1as a la gubernatura, al seno de la Sala Superior del Tribunal Electoral del Poder Judicial de la Federaci\u00f3n, se ha puesto a consideraci\u00f3n de las y los magistrados, dos proyectos de sentencia respecto a la candidatura a la\u2026","rel":"","context":"En &quot;Agenda Pol\u00edtica&quot;","block_context":{"text":"Agenda Pol\u00edtica","link":"https:\/\/redaccionoaxaca.com\/index.php\/category\/agenda-politica\/"},"img":{"alt_text":"","src":"","width":0,"height":0},"classes":[]},{"id":23041,"url":"https:\/\/redaccionoaxaca.com\/index.php\/2021\/12\/22\/salomon-jara-puntea-encuestas-de-candidatura-de-morena-para-gubernatura-de-oaxaca-aun-falta-anuncio-final\/","url_meta":{"origin":24225,"position":3},"title":"Salom\u00f3n Jara puntea encuestas de candidatura de Morena   para Gubernatura de Oaxaca; a\u00fan falta anuncio final.","author":"ariadna","date":"diciembre 22, 2021","format":false,"excerpt":"#Redacci\u00f3nOaxaca #Oaxaca Jaime GUERRERO Luego de semanas de polarizaci\u00f3n de las tribus de Morena, por fin \u00e9ste mi\u00e9rcoles, la Comisi\u00f3n Nacional de Elecciones del Partido Movimiento de Regeneraci\u00f3n Nacional, present\u00f3 el resultado de las cuatro encuestas para definir a la o el candidato por la alianza Morena-PT-PVEM a la gubernatura\u2026","rel":"","context":"En &quot;Agenda Pol\u00edtica&quot;","block_context":{"text":"Agenda Pol\u00edtica","link":"https:\/\/redaccionoaxaca.com\/index.php\/category\/agenda-politica\/"},"img":{"alt_text":"","src":"https:\/\/i0.wp.com\/redaccionoaxaca.com\/wp-content\/uploads\/2021\/12\/IMG-20211222-WA0132-300x170.jpg?resize=350%2C200&ssl=1","width":350,"height":200},"classes":[]},{"id":20358,"url":"https:\/\/redaccionoaxaca.com\/index.php\/2021\/08\/25\/morena-ganara-en-gubernatura-de-oaxaca-en-el-2022-dice-presidente-del-congreso-se-decanta-por-harp-para-candidata\/","url_meta":{"origin":24225,"position":4},"title":"VIDEO: Morena ganar\u00e1 en gubernatura de Oaxaca en el 2022, dice Presidente del Congreso, se decanta por Harp para candidata.","author":"ariadna","date":"agosto 25, 2021","format":"video","excerpt":"#Redacci\u00f3nOaxaca #Oaxaca Jaime GUERRERO Una vez que el pleno del Congreso del Estado, facult\u00f3 al Instituto Estatal Electoral y de Participaci\u00f3n Ciudadana de Oaxaca (#IEEPCO), para convocar a elecci\u00f3n de gobernador o gobernadora de Oaxaca, el Coordinador del Grupo Parlamentario del Partido Movimiento de Regeneraci\u00f3n Nacional (Morena), Fredie Delf\u00edn Avenda\u00f1o,\u2026","rel":"","context":"En &quot;Agenda Pol\u00edtica&quot;","block_context":{"text":"Agenda Pol\u00edtica","link":"https:\/\/redaccionoaxaca.com\/index.php\/category\/agenda-politica\/"},"img":{"alt_text":"","src":"","width":0,"height":0},"classes":[]},{"id":24529,"url":"https:\/\/redaccionoaxaca.com\/index.php\/2022\/03\/15\/mario-delgado-da-control-de-morena-a-salomon-jara-vamos-construir-un-mejor-movimiento-en-oaxaca-viveros\/","url_meta":{"origin":24225,"position":5},"title":"Mario Delgado da control de Morena a Salom\u00f3n Jara;  \u201cvamos construir un mejor movimiento en Oaxaca\u201d: Viveros.","author":"ariadna","date":"marzo 15, 2022","format":false,"excerpt":"#Redacci\u00f3nOaxaca #Oaxaca Jaime GUERRERO En medio de la franca y abierta polarizaci\u00f3n de dos bloques electorales -uno comandado por la Senadora Susana Harp Iturribarria y el otro por su par y virtual candidato a la gubernatura, Salom\u00f3n Jara Cruz- \u00e9ste martes fue presentado Benjam\u00edn Viveros Montalvo como Delegado en funciones\u2026","rel":"","context":"En &quot;Agenda Pol\u00edtica&quot;","block_context":{"text":"Agenda Pol\u00edtica","link":"https:\/\/redaccionoaxaca.com\/index.php\/category\/agenda-politica\/"},"img":{"alt_text":"","src":"","width":0,"height":0},"classes":[]}],"_links":{"self":[{"href":"https:\/\/redaccionoaxaca.com\/index.php\/wp-json\/wp\/v2\/posts\/24225","targetHints":{"allow":["GET"]}}],"collection":[{"href":"https:\/\/redaccionoaxaca.com\/index.php\/wp-json\/wp\/v2\/posts"}],"about":[{"href":"https:\/\/redaccionoaxaca.com\/index.php\/wp-json\/wp\/v2\/types\/post"}],"author":[{"embeddable":true,"href":"https:\/\/redaccionoaxaca.com\/index.php\/wp-json\/wp\/v2\/users\/9"}],"replies":[{"embeddable":true,"href":"https:\/\/redaccionoaxaca.com\/index.php\/wp-json\/wp\/v2\/comments?post=24225"}],"version-history":[{"count":1,"href":"https:\/\/redaccionoaxaca.com\/index.php\/wp-json\/wp\/v2\/posts\/24225\/revisions"}],"predecessor-version":[{"id":24227,"href":"https:\/\/redaccionoaxaca.com\/index.php\/wp-json\/wp\/v2\/posts\/24225\/revisions\/24227"}],"wp:attachment":[{"href":"https:\/\/redaccionoaxaca.com\/index.php\/wp-json\/wp\/v2\/media?parent=24225"}],"wp:term":[{"taxonomy":"category","embeddable":true,"href":"https:\/\/redaccionoaxaca.com\/index.php\/wp-json\/wp\/v2\/categories?post=24225"},{"taxonomy":"post_tag","embeddable":true,"href":"https:\/\/redaccionoaxaca.com\/index.php\/wp-json\/wp\/v2\/tags?post=24225"}],"curies":[{"name":"wp","href":"https:\/\/api.w.org\/{rel}","templated":true}]}}