{"id":24372,"date":"2022-03-04T18:03:21","date_gmt":"2022-03-05T00:03:21","guid":{"rendered":"https:\/\/redaccionoaxaca.com\/?p=24372"},"modified":"2022-03-04T18:03:21","modified_gmt":"2022-03-05T00:03:21","slug":"video-tepjf-tumba-eleccion-extraordinaria-de-diputacion-en-oaxaca-diputado-preso-en-michoacan-aun-goza-de-derechos-politico-electorales","status":"publish","type":"post","link":"https:\/\/redaccionoaxaca.com\/index.php\/2022\/03\/04\/video-tepjf-tumba-eleccion-extraordinaria-de-diputacion-en-oaxaca-diputado-preso-en-michoacan-aun-goza-de-derechos-politico-electorales\/","title":{"rendered":"VIDEO: TEPJF tumba elecci\u00f3n extraordinaria de diputaci\u00f3n en Oaxaca;  diputado preso en Michoac\u00e1n a\u00fan goza de derechos pol\u00edtico-electorales."},"content":{"rendered":"<p><strong>#Redacci\u00f3nOaxaca<\/strong><\/p>\n<p><strong>#Oaxaca<\/strong><\/p>\n<p><strong>Jaime GUERRERO<\/strong><\/p>\n<p style=\"text-align: justify;\">Por unanimidad, la Sala Regional Xalapa del Tribunal Electoral del Poder Judicial de la Federaci\u00f3n (TEPJF), revoc\u00f3 la sentencia del Tribunal Electoral del Estado de Oaxaca (TEEO), y el decreto emitido por la LXV Legislatura del Congreso de Oaxaca, respecto a declarar vacante el cargo de diputaci\u00f3n en el distrito I con cabecera en Acatl\u00e1n de P\u00e9rez Figueroa y la elecci\u00f3n de una elecci\u00f3n extraordinaria por ese cargo.<\/p>\n<p style=\"text-align: justify;\">Al fundamentar su ponencia, el Magistrado Presidente, Enrique Figueroa \u00c1vila, dijo que la pretensi\u00f3n del diputado electo por el PRI, Gustavo D\u00edaz S\u00e1nchez, de tomarle protesta al cargo y se establezca que puede ejercer a\u00fan cuando esta privado de su libertad en el Estado de Michoac\u00e1n -por presuntos delitos contra la salud y portaci\u00f3n de arma de fuego de uso exclusivo del ejercito- aclar\u00f3 que existe un impedimento jur\u00eddico.<\/p>\n<p style=\"text-align: justify;\">Ese impedimento jur\u00eddico durar\u00e1 hasta en tanto se defina su situaci\u00f3n jur\u00eddica.<\/p>\n<p style=\"text-align: justify;\">Destac\u00f3 que si bien la Sala Xalapa del TEPJF, ha se\u00f1alado que la prisi\u00f3n preventiva no implica la perdida de los derechos pol\u00edtico-electorales, lo cierto es que esos derechos se ven restringidos cuando una persona se encuentra privada de su libertad.<\/p>\n<p style=\"text-align: justify;\">D\u00edaz S\u00e1nchez, diputado local del PRI en Oaxaca, fue detenido el pasado 4 de noviembre del 2021, en el municipio de Fort\u00edn de Las Flores, Veracruz, mientras realizaba la b\u00fasqueda de su hijo, quien fue detenido horas antes, presuntamente por elementos de polic\u00eda junto con otros j\u00f3venes por la comisi\u00f3n de delitos.<\/p>\n<p style=\"text-align: justify;\">El priista, conocido como \u201cEl Gato\u201d, ingres\u00f3 a las instalaciones de la Delegaci\u00f3n de Fuerza Civil en Fort\u00edn de Las Flores para pedir informaci\u00f3n sobre el paradero de su hijo, poco despu\u00e9s de las 5 de la tarde, pero ya no se le permiti\u00f3 salir y se le acus\u00f3 de delitos contra la salud y portaci\u00f3n de arma de fuego.<\/p>\n<p style=\"text-align: justify;\">Figueroa \u00c1vila, refiri\u00f3 que el caso de D\u00edaz S\u00e1nchez, se ubica en una controversia con un supuesto extraordinario, si resulta aplicable o no el articulo 47 constitucional de Oaxaca que establece que si tanto el propietario como el suplente no acuden a la toma de protesta se tendr\u00e1 por no aceptado el cargo y si tan poco acudieren los suplentes se declarar\u00e1 vacante el puesto y se convocar\u00e1 a nuevas elecciones.<\/p>\n<p style=\"text-align: justify;\">En el proyecto se estableci\u00f3 que no se puede estimar como vacante el cargo y por tanto no debe convocarse a una elecci\u00f3n extraordinaria porque implicar\u00eda una merma a la esfera jur\u00eddica de D\u00edaz S\u00e1nchez y lo imposibilitar\u00eda para que -de obtener una sentencia absolutoria- ejerza el cargo para el que fue electo.<\/p>\n<p style=\"text-align: justify;\">\u201cNO tendr\u00eda ning\u00fan caso proteger los derechos pol\u00edticos electorales de una persona en prisi\u00f3n preventiva si no tiene la posibilidad eventual para ejercer el cargo para el que fue electo, lo que ocurrir\u00eda, de celebrarse las elecciones extraordinarias en Acatl\u00e1n de P\u00e9rez Figueroa\u201d, destac\u00f3, Figueroa \u00c1vila.<\/p>\n<p style=\"text-align: justify;\">El efecto de la convocatoria emitida por el Congreso da paso a la elecci\u00f3n de una nueva f\u00f3rmula y sustituir\u00eda a D\u00edaz S\u00e1nchez.<\/p>\n<p style=\"text-align: justify;\">Por tanto, la Sala Regional Xalapa, dej\u00f3 sin efecto el acuerdo del Congreso que ordena nuevas elecciones en Acatl\u00e1n de P\u00e9rez Figueroa.<\/p>\n<p style=\"text-align: justify;\">Figueroa \u00c1vila, asegur\u00f3 que el no convocar a nuevas elecciones, no implica una afectaci\u00f3n a la integraci\u00f3n y funcionamiento de la LXV Legislatura, dado que atendiendo a la situaci\u00f3n extraordinaria, hasta en tanto se resuelva la situaci\u00f3n jur\u00eddica de D\u00edaz S\u00e1nchez, el cargo de diputado del distrito de Acatl\u00e1n de P\u00e9rez Figueroa, puede continuar como hasta ahora: sin un titular que desempe\u00f1e las funciones inherentes.<\/p>\n<p style=\"text-align: justify;\">Ponder\u00f3 que la naturaleza del Poder Legislativo, es de car\u00e1cter colegiado el cual esta integrado por las diversas diputaciones que conforman la legislatura.<\/p>\n<p style=\"text-align: justify;\">\u201cAdem\u00e1s, la ley org\u00e1nica del Poder Legislativo de Oaxaca, prev\u00e9 la posibilidad para que un diputado o diputada deje desempe\u00f1ar el cargo de manera temporal por alguna de las causas se\u00f1aladas, sin que dicha situaci\u00f3n afecte la toma de decisiones o la integraci\u00f3n del Congreso Local\u201d, apunt\u00f3.<\/p>\n<p style=\"text-align: justify;\">Bajo esa perspectiva, la Sala Regional Xalapa, ponder\u00f3 privilegiar el derecho pol\u00edtico-electoral de D\u00edaz S\u00e1nchez, para que en su momento, pueda eventualmente ejercer el cargo de diputado como lo sostuvo la Sala Superior del TEPJF al resolver recursos de reconsideraci\u00f3n.<\/p>\n<p style=\"text-align: justify;\">La magistrada Eva Barrientos Zepeda, destac\u00f3 que D\u00edaz S\u00e1nchez esta en prisi\u00f3n preventiva y no tiene sentencia firme y en consecuencia la suspensi\u00f3n de sus derechos pol\u00edtico electorales.<\/p>\n<p style=\"text-align: justify;\">\u201cTiene a salvo sus derechos mientras no tenga una sentencia definitiva. Pudiera regresar al cargo\u201d.<\/p>\n<p style=\"text-align: justify;\">El magistrado, Ad\u00edn Antonio De Le\u00f3n G\u00e1lvez, destac\u00f3 que el 47 constitucional de Oaxaca no se aplica al caso de D\u00edaz S\u00e1nchez, porque mientras se encuentre en un esquema de prisi\u00f3n preventiva y no exista una resoluci\u00f3n firme, no estar\u00e1 privado de sus derechos pol\u00edtico electorales.<\/p>\n<p style=\"text-align: justify;\">Recalc\u00f3 que si se llegara al extremo y se permitiera la elecci\u00f3n extraordinaria en Acatl\u00e1n, se podr\u00eda dar paso a un conflicto de derechos provocado por esa determinaci\u00f3n.<\/p>\n<div style=\"width: 696px;\" class=\"wp-video\"><video class=\"wp-video-shortcode\" id=\"video-24372-1\" width=\"696\" height=\"394\" preload=\"metadata\" controls=\"controls\"><source type=\"video\/mp4\" src=\"https:\/\/redaccionoaxaca.com\/wp-content\/uploads\/2022\/03\/VID-20220304-WA0071.mp4?_=1\" \/><a href=\"https:\/\/redaccionoaxaca.com\/wp-content\/uploads\/2022\/03\/VID-20220304-WA0071.mp4\">https:\/\/redaccionoaxaca.com\/wp-content\/uploads\/2022\/03\/VID-20220304-WA0071.mp4<\/a><\/video><\/div>\n","protected":false},"excerpt":{"rendered":"<p>#Redacci\u00f3nOaxaca #Oaxaca Jaime GUERRERO Por unanimidad, la Sala Regional Xalapa del Tribunal Electoral del Poder Judicial de la Federaci\u00f3n (TEPJF), revoc\u00f3 la sentencia del Tribunal Electoral del Estado de Oaxaca (TEEO), y el decreto emitido por la LXV Legislatura del Congreso de Oaxaca, respecto a declarar vacante el cargo de diputaci\u00f3n en el distrito I [&hellip;]<\/p>\n","protected":false},"author":9,"featured_media":0,"comment_status":"open","ping_status":"open","sticky":false,"template":"","format":"video","meta":{"jetpack_post_was_ever_published":false,"_jetpack_newsletter_access":"","_jetpack_dont_email_post_to_subs":false,"_jetpack_newsletter_tier_id":0,"_jetpack_memberships_contains_paywalled_content":false,"_jetpack_memberships_contains_paid_content":false,"footnotes":"","jetpack_publicize_message":"","jetpack_publicize_feature_enabled":true,"jetpack_social_post_already_shared":true,"jetpack_social_options":{"image_generator_settings":{"template":"highway","default_image_id":0,"font":"","enabled":false},"version":2}},"categories":[4,7],"tags":[],"class_list":{"0":"post-24372","1":"post","2":"type-post","3":"status-publish","4":"format-video","6":"category-agenda-politica","7":"category-al-cierre","8":"post_format-post-format-video"},"jetpack_publicize_connections":[],"jetpack_featured_media_url":"","jetpack_sharing_enabled":true,"jetpack_shortlink":"https:\/\/wp.me\/p9Ynjw-6l6","jetpack-related-posts":[{"id":24382,"url":"https:\/\/redaccionoaxaca.com\/index.php\/2022\/03\/04\/tras-anularse-eleccion-extraordinaria-de-diputacion-en-acatlan-quedan-sin-efecto-las-candidaturas-aprobadas-por-el-ieepco\/","url_meta":{"origin":24372,"position":0},"title":"Tras anularse elecci\u00f3n extraordinaria de diputaci\u00f3n en Acatl\u00e1n,  quedan sin efecto las candidaturas aprobadas por el IEEPCO.","author":"ariadna","date":"marzo 4, 2022","format":false,"excerpt":"#Redacci\u00f3nOaxaca #Oaxaca Jaime GUERRERO Con la resoluci\u00f3n de la Sala Regional Xalapa del Tribunal Electoral del Poder Judicial de la Federaci\u00f3n (TEPJF) de anular la sentencia del Tribunal Electoral del Estado de Oaxaca (TEEO), y el decreto emitido por la LXV Legislatura del Congreso de Oaxaca, respecto a declarar vacante\u2026","rel":"","context":"En &quot;Agenda Pol\u00edtica&quot;","block_context":{"text":"Agenda Pol\u00edtica","link":"https:\/\/redaccionoaxaca.com\/index.php\/category\/agenda-politica\/"},"img":{"alt_text":"","src":"","width":0,"height":0},"classes":[]},{"id":22840,"url":"https:\/\/redaccionoaxaca.com\/index.php\/2021\/12\/08\/congreso-de-oaxaca-declara-vacante-diputacion-que-no-asumio-legislador-del-pri-y-convoca-a-eleccion-extraordinaria-sigue-recluido\/","url_meta":{"origin":24372,"position":1},"title":"Congreso de Oaxaca declara vacante diputaci\u00f3n que no asumi\u00f3  legislador del PRI y convoca a elecci\u00f3n extraordinaria; sigue recluido.","author":"ariadna","date":"diciembre 8, 2021","format":"video","excerpt":"#Redacci\u00f3nOaxaca #Oaxaca Jaime GUERRERO Con 28 votos a favor, la LXV Legislatura, aprob\u00f3 el decreto por el cual declar\u00f3 vacante el puesto de diputado propietario y suplente por el distrito I con cabecera en #Acatl\u00e1n de P\u00e9rez Figueroa, debido a que el legislador electo por el PRI, Gustavo D\u00edaz S\u00e1nchez,\u2026","rel":"","context":"En &quot;Agenda Pol\u00edtica&quot;","block_context":{"text":"Agenda Pol\u00edtica","link":"https:\/\/redaccionoaxaca.com\/index.php\/category\/agenda-politica\/"},"img":{"alt_text":"","src":"","width":0,"height":0},"classes":[]},{"id":23892,"url":"https:\/\/redaccionoaxaca.com\/index.php\/2022\/02\/04\/congreso-de-oaxaca-en-franco-desacato-a-sentencia-del-tepjf\/","url_meta":{"origin":24372,"position":2},"title":"Congreso de Oaxaca en franco desacato a sentencia del TEPJF.","author":"ariadna","date":"febrero 4, 2022","format":false,"excerpt":"#Redacci\u00f3nOaxaca #Oaxaca Jaime GUERRERO Pese al mandato judicial de emitir el decreto para celebraci\u00f3n de la elecci\u00f3n extraordinaria en #Xoxocotl\u00e1n, por instrucci\u00f3n de la Sala Regional Xalapa del Tribunal Electoral del Poder Judicial de la Federaci\u00f3n (#TEPJF) y la amonestaci\u00f3n p\u00fablica a los integrantes de la LXV Legislatura, por no\u2026","rel":"","context":"En &quot;Agenda Pol\u00edtica&quot;","block_context":{"text":"Agenda Pol\u00edtica","link":"https:\/\/redaccionoaxaca.com\/index.php\/category\/agenda-politica\/"},"img":{"alt_text":"","src":"","width":0,"height":0},"classes":[]},{"id":23669,"url":"https:\/\/redaccionoaxaca.com\/index.php\/2022\/01\/27\/congreso-de-oaxaca-simula-acatar-sentencia-del-tepjf-morena-pretenden-empatar-eleccion-extraordinaria-en-xoxo-con-la-de-gubernatura\/","url_meta":{"origin":24372,"position":3},"title":"Congreso de Oaxaca simula acatar sentencia del TEPJF; Morena pretenden empatar elecci\u00f3n extraordinaria en Xoxo con la de Gubernatura.","author":"ariadna","date":"enero 27, 2022","format":false,"excerpt":"#Redacci\u00f3nOaxaca #Oaxaca Jaime GUERRERO La Comisi\u00f3n de Gobernaci\u00f3n y Asuntos Agrarios del Congreso del Estado -por presiones y simulaciones de la bancada de Morena- aprob\u00f3 el dictamen de decreto para que el Instituto Estatal Electoral y de Participaci\u00f3n Ciudadana de Oaxaca (#IEEPCO), emita la convocatoria para la elecci\u00f3n extraordinaria del\u2026","rel":"","context":"En &quot;Agenda Pol\u00edtica&quot;","block_context":{"text":"Agenda Pol\u00edtica","link":"https:\/\/redaccionoaxaca.com\/index.php\/category\/agenda-politica\/"},"img":{"alt_text":"","src":"","width":0,"height":0},"classes":[]},{"id":2926,"url":"https:\/\/redaccionoaxaca.com\/index.php\/2018\/10\/02\/sala-xalapa-del-tepjf-confirma-nulidad-de-eleccion-de-guelache-deja-firme-ayotzintepec-y-tlaxiaco\/","url_meta":{"origin":24372,"position":4},"title":"Sala Xalapa del TEPJF confirma nulidad de elecci\u00f3n de Guelache; deja firme Ayotzintepec y Tlaxiaco,","author":"jaime","date":"octubre 2, 2018","format":false,"excerpt":"#Redacci\u00f3nOaxaca #Oaxaca Jaime GUERRERO\u00a0 La Sala Regional Xalapa del Tribunal Electoral del Poder Judicial de la Federaci\u00f3n (TEPJF), confirm\u00f3 la nulidad de la elecci\u00f3n extraordinaria de integrantes del ayuntamiento de San Juan Bautista Guelache, Etla, Oaxaca Al resolver el juicio ciudadano 822, promovido por Fredy Bautista Cansino y otros ciudadanos,\u2026","rel":"","context":"Entrada similar ","block_context":{"text":"Entrada similar ","link":""},"img":{"alt_text":"","src":"","width":0,"height":0},"classes":[]},{"id":23495,"url":"https:\/\/redaccionoaxaca.com\/index.php\/2022\/01\/17\/por-no-emitir-decreto-de-eleccion-extraordinaria-en-xoxocotlan-tepjf-amonesta-a-congreso-de-oaxaca-y-advierte-multa-economica\/","url_meta":{"origin":24372,"position":5},"title":"Por no emitir decreto de elecci\u00f3n extraordinaria en Xoxocotl\u00e1n,  TEPJF amonesta a Congreso de Oaxaca y advierte multa econ\u00f3mica.","author":"ariadna","date":"enero 17, 2022","format":false,"excerpt":"#Redacci\u00f3nOaxaca #Oaxaca Jaime GUERRERO Por incumplimiento al mandato judicial de emitir el decreto para celebraci\u00f3n de la elecci\u00f3n extraordinaria en el municipio de Santa Cruz Xoxocotl\u00e1n, la y los magistrados de la Sala Regional Xalapa del Tribunal Electoral del Poder Judicial de la Federaci\u00f3n (#TEPJF), amonestaron p\u00fablicamente a los integrantes\u2026","rel":"","context":"En &quot;Agenda Pol\u00edtica&quot;","block_context":{"text":"Agenda Pol\u00edtica","link":"https:\/\/redaccionoaxaca.com\/index.php\/category\/agenda-politica\/"},"img":{"alt_text":"","src":"https:\/\/i0.wp.com\/redaccionoaxaca.com\/wp-content\/uploads\/2022\/01\/IMG-20220117-WA0133-195x300.jpg?resize=350%2C200&ssl=1","width":350,"height":200},"classes":[]}],"_links":{"self":[{"href":"https:\/\/redaccionoaxaca.com\/index.php\/wp-json\/wp\/v2\/posts\/24372","targetHints":{"allow":["GET"]}}],"collection":[{"href":"https:\/\/redaccionoaxaca.com\/index.php\/wp-json\/wp\/v2\/posts"}],"about":[{"href":"https:\/\/redaccionoaxaca.com\/index.php\/wp-json\/wp\/v2\/types\/post"}],"author":[{"embeddable":true,"href":"https:\/\/redaccionoaxaca.com\/index.php\/wp-json\/wp\/v2\/users\/9"}],"replies":[{"embeddable":true,"href":"https:\/\/redaccionoaxaca.com\/index.php\/wp-json\/wp\/v2\/comments?post=24372"}],"version-history":[{"count":1,"href":"https:\/\/redaccionoaxaca.com\/index.php\/wp-json\/wp\/v2\/posts\/24372\/revisions"}],"predecessor-version":[{"id":24375,"href":"https:\/\/redaccionoaxaca.com\/index.php\/wp-json\/wp\/v2\/posts\/24372\/revisions\/24375"}],"wp:attachment":[{"href":"https:\/\/redaccionoaxaca.com\/index.php\/wp-json\/wp\/v2\/media?parent=24372"}],"wp:term":[{"taxonomy":"category","embeddable":true,"href":"https:\/\/redaccionoaxaca.com\/index.php\/wp-json\/wp\/v2\/categories?post=24372"},{"taxonomy":"post_tag","embeddable":true,"href":"https:\/\/redaccionoaxaca.com\/index.php\/wp-json\/wp\/v2\/tags?post=24372"}],"curies":[{"name":"wp","href":"https:\/\/api.w.org\/{rel}","templated":true}]}}