{"id":24482,"date":"2022-03-10T19:13:22","date_gmt":"2022-03-11T01:13:22","guid":{"rendered":"https:\/\/redaccionoaxaca.com\/?p=24482"},"modified":"2022-03-10T19:13:22","modified_gmt":"2022-03-11T01:13:22","slug":"solicitan-la-presencia-de-la-guardia-nacional-para-garantizar-un-proceso-pacifico-en-xoxocotlan-el-dia-27-la-candidata-tania-lopez-acuso-a-su-mas-cercano-rival-de-atentar-contra-su-vida","status":"publish","type":"post","link":"https:\/\/redaccionoaxaca.com\/index.php\/2022\/03\/10\/solicitan-la-presencia-de-la-guardia-nacional-para-garantizar-un-proceso-pacifico-en-xoxocotlan-el-dia-27-la-candidata-tania-lopez-acuso-a-su-mas-cercano-rival-de-atentar-contra-su-vida\/","title":{"rendered":"Solicitan la presencia de la guardia Nacional para garantizar un proceso pac\u00edfico en Xoxocotl\u00e1n el d\u00eda 27; la candidata Tania L\u00f3pez acus\u00f3 a su m\u00e1s cercano rival de atentar contra su vida."},"content":{"rendered":"<p><strong>#Redacci\u00f3nOaxaca<\/strong><\/p>\n<p><strong>#Oaxaca<\/strong><\/p>\n<p><strong>Maira Ric\u00e1rdez <\/strong><\/p>\n<p style=\"text-align: justify;\">La intervenci\u00f3n de la Guardia Nacional y autoridades policiales federales y estatales que custodien el desarrollo del proceso, pidi\u00f3 el equipo que integra la campa\u00f1a de Tania L\u00f3pez L\u00f3pez, de la Coalici\u00f3n Unidos Hacemos Historia, rumbo a la Presidencia de Sta. Cruz Xoxoxcotl\u00e1n, al denunciar en conferencia de prensa un atentado que dijo sufri\u00f3 la tarde noche de este mi\u00e9rcoles durante su arranque de campa\u00f1a.<\/p>\n<p style=\"text-align: justify;\">Hay quienes buscan manchar de sangre el proceso electoral dijo, y acuso directamente al candidato de la coalici\u00f3n PRI, PAN PRD, Inocente Castellanos , de ser el art\u00edfice del ataque en la agencia de Esquipulas, donde con balas de salva impactaron la humanidad de varios de sus compa\u00f1eros que dijo, pusieron el cuerpo para cubrirla.<\/p>\n<p style=\"text-align: justify;\">Estos actos no medrar\u00e1n su intenci\u00f3n de llegar a la Presidencia de Xoxocotl\u00e1n, dejo en claro, e hizo un llamado al Gobierno del Estado y directamente a la Fiscal\u00eda General del Estado para que indague a fondo sobre esta denuncia que ya formaliz\u00f3 y que presente a quien haya ideado y despu\u00e9s materializado el ataque.<\/p>\n<p style=\"text-align: justify;\">Dijo temer por su vida y por la de sus compa\u00f1eros de f\u00f3rmula, y al tiempo que descarto que este haya sido un auto atentado dijo que el proceso electoral del pr\u00f3ximo 27 de marzo se llevar\u00e1 a cabo y llegado el plazo el pueblo de Xoxocotl\u00e1n decidir\u00e1 en las urnas.<\/p>\n<div style=\"width: 640px;\" class=\"wp-video\"><video class=\"wp-video-shortcode\" id=\"video-24482-1\" width=\"640\" height=\"352\" preload=\"metadata\" controls=\"controls\"><source type=\"video\/mp4\" src=\"https:\/\/redaccionoaxaca.com\/wp-content\/uploads\/2022\/03\/VID-20220310-WA0112.mp4?_=1\" \/><a href=\"https:\/\/redaccionoaxaca.com\/wp-content\/uploads\/2022\/03\/VID-20220310-WA0112.mp4\">https:\/\/redaccionoaxaca.com\/wp-content\/uploads\/2022\/03\/VID-20220310-WA0112.mp4<\/a><\/video><\/div>\n","protected":false},"excerpt":{"rendered":"<p>#Redacci\u00f3nOaxaca #Oaxaca Maira Ric\u00e1rdez La intervenci\u00f3n de la Guardia Nacional y autoridades policiales federales y estatales que custodien el desarrollo del proceso, pidi\u00f3 el equipo que integra la campa\u00f1a de Tania L\u00f3pez L\u00f3pez, de la Coalici\u00f3n Unidos Hacemos Historia, rumbo a la Presidencia de Sta. Cruz Xoxoxcotl\u00e1n, al denunciar en conferencia de prensa un atentado [&hellip;]<\/p>\n","protected":false},"author":9,"featured_media":0,"comment_status":"open","ping_status":"open","sticky":false,"template":"","format":"video","meta":{"jetpack_post_was_ever_published":false,"_jetpack_newsletter_access":"","_jetpack_dont_email_post_to_subs":false,"_jetpack_newsletter_tier_id":0,"_jetpack_memberships_contains_paywalled_content":false,"_jetpack_memberships_contains_paid_content":false,"footnotes":"","jetpack_publicize_message":"","jetpack_publicize_feature_enabled":true,"jetpack_social_post_already_shared":true,"jetpack_social_options":{"image_generator_settings":{"template":"highway","default_image_id":0,"font":"","enabled":false},"version":2}},"categories":[4,7],"tags":[],"class_list":{"0":"post-24482","1":"post","2":"type-post","3":"status-publish","4":"format-video","6":"category-agenda-politica","7":"category-al-cierre","8":"post_format-post-format-video"},"jetpack_publicize_connections":[],"jetpack_featured_media_url":"","jetpack_sharing_enabled":true,"jetpack_shortlink":"https:\/\/wp.me\/p9Ynjw-6mS","jetpack-related-posts":[{"id":16156,"url":"https:\/\/redaccionoaxaca.com\/index.php\/2021\/01\/12\/voracidad-de-edil-de-xoxocotlan-acusa-lider-del-prd-desconocido-su-esposa-es-lider-municipal-del-pvem-le-quiere-heredar-cargo-y-el-diputacion\/","url_meta":{"origin":24482,"position":0},"title":"Voracidad de edil de Xoxocotl\u00e1n, acusa l\u00edder del PRD desconocido; su  esposa es l\u00edder municipal del PVEM, le quiere heredar cargo y \u00e9l diputaci\u00f3n.","author":"ariadna","date":"enero 12, 2021","format":false,"excerpt":"#Redacci\u00f3nOaxaca #Oaxaca Jaime GUERRERO Tras insistir que \u00e9l es el Presidente del Comit\u00e9 Directivo del Partido Revolucionario Institucional (PRD), Jos\u00e9 Julio Antonio Aquino, asegur\u00f3 que el edil de Santa Cruz Xoxocotl\u00e1n, Alejandro L\u00f3pez Jarqu\u00edn, coloc\u00f3 a su esposa como dirigente del Partido Verde Ecologista de M\u00e9xico y en contubernio con\u2026","rel":"","context":"En &quot;Agenda Pol\u00edtica&quot;","block_context":{"text":"Agenda Pol\u00edtica","link":"https:\/\/redaccionoaxaca.com\/index.php\/category\/agenda-politica\/"},"img":{"alt_text":"","src":"","width":0,"height":0},"classes":[]},{"id":24622,"url":"https:\/\/redaccionoaxaca.com\/index.php\/2022\/03\/21\/entre-tension-amagues-y-descalificaciones-las-y-el-candidato-a-la-presidencia-municipal-de-xoxocotlan-firman-pacto-de-civilidad\/","url_meta":{"origin":24482,"position":1},"title":"Entre tensi\u00f3n, amagues y descalificaciones las y el candidato  a la presidencia municipal de Xoxocotl\u00e1n, firman \u201cpacto de civilidad\u201d.","author":"ariadna","date":"marzo 21, 2022","format":false,"excerpt":"#Redacci\u00f3nOaxaca #Oaxaca Jaime GUERRERO Entre cuestionamientos, reproches y el amague moment\u00e1neo de no concretarse, la candidata de Morena-PT-PVEM-PUP, Tania L\u00f3pez L\u00f3pez; el candidato del PAN-PRD-PRI-NAO, Inocente Castellanos Alejo; y la candidata de MC, Anel Guadalupe \u00c1ngeles \u00c1ngeles, a la presidencia municipal de Santa Cruz Xoxocotl\u00e1n, firmaron un pacto de civilidad.\u2026","rel":"","context":"En &quot;Agenda Pol\u00edtica&quot;","block_context":{"text":"Agenda Pol\u00edtica","link":"https:\/\/redaccionoaxaca.com\/index.php\/category\/agenda-politica\/"},"img":{"alt_text":"","src":"","width":0,"height":0},"classes":[]},{"id":16575,"url":"https:\/\/redaccionoaxaca.com\/index.php\/2021\/01\/29\/ordena-ieepco-al-mero-mero-retirar-propaganda-por-considerarla-acto-anticipado-de-campana-recurrira-a-tribales-dice-jesus-romero\/","url_meta":{"origin":24482,"position":2},"title":"Ordena IEEPCO al \u201cMero Mero\u201d retirar propaganda por considerarla acto anticipado de campa\u00f1a; recurrir\u00e1 a tribales, dice Jes\u00fas Romero.","author":"ariadna","date":"enero 29, 2021","format":false,"excerpt":"#Redacci\u00f3nOaxaca #Oaxaca Jaime GUERRERO El consejo general del Instituto Estatal Electoral y de Participaci\u00f3n Ciudadana de Oaxaca (#IEEPCO), orden\u00f3 a Jos\u00e9 de Jes\u00fas Romero L\u00f3pez el retiro de propaganda a su nombre, que han sido colocados en unidades de trasporte urbano y espectaculares, al considerarla como actos anticipados de campa\u00f1a.\u2026","rel":"","context":"En &quot;Agenda Pol\u00edtica&quot;","block_context":{"text":"Agenda Pol\u00edtica","link":"https:\/\/redaccionoaxaca.com\/index.php\/category\/agenda-politica\/"},"img":{"alt_text":"","src":"https:\/\/i0.wp.com\/redaccionoaxaca.com\/wp-content\/uploads\/2021\/01\/IMG-20210129-WA0106-229x300.jpg?resize=350%2C200","width":350,"height":200},"classes":[]},{"id":24895,"url":"https:\/\/redaccionoaxaca.com\/index.php\/2022\/04\/04\/en-su-arranque-de-campana-pide-salomon-jara-votar-por-un-oaxaqueno-para-gobernar-el-estado\/","url_meta":{"origin":24482,"position":3},"title":"En su arranque de campa\u00f1a pide Salom\u00f3n Jara votar por un Oaxaque\u00f1o para gobernar el Estado.","author":"ariadna","date":"abril 4, 2022","format":false,"excerpt":"#Redacci\u00f3nOaxaca #Oaxaca Maira Ric\u00e1rdez *Dijo que en breve lanzar\u00e1n un 01800 para denunciar presuntos actos de corrupci\u00f3n en el marco de la contienda Teniendo como flanco la laguna encantada de Guelatao de Ju\u00e1rez en la regi\u00f3n de la Sierra, en la cuna del benem\u00e9rito de las am\u00e9ricas, el ratificado candidato\u2026","rel":"","context":"En &quot;Agenda Pol\u00edtica&quot;","block_context":{"text":"Agenda Pol\u00edtica","link":"https:\/\/redaccionoaxaca.com\/index.php\/category\/agenda-politica\/"},"img":{"alt_text":"","src":"","width":0,"height":0},"classes":[]},{"id":22150,"url":"https:\/\/redaccionoaxaca.com\/index.php\/2021\/11\/08\/video-ni-platicas-ni-acuerdo-para-coalicion-por-gobernatura-de-oaxaca-desmiente-lider-del-pan-a-sus-pares-del-pri-y-prd\/","url_meta":{"origin":24482,"position":4},"title":"VIDEO: Ni pl\u00e1ticas ni acuerdo para coalici\u00f3n por gobernatura de  Oaxaca, desmiente l\u00edder del PAN a sus pares del PRI y PRD.","author":"ariadna","date":"noviembre 8, 2021","format":"video","excerpt":"#Redacci\u00f3nOaxaca #Oaxaca Jaime GUERRERO En la antesala de la definici\u00f3n de las candidaturas a la gubernatura de Oaxaca, la Presidenta del Comit\u00e9 Directivo del Partido Acci\u00f3n Nacional (#PAN), Natividad D\u00edaz Jim\u00e9nez, aclar\u00f3 que no existen pl\u00e1ticas con el PRI y ni el PRD para ir en coalici\u00f3n en el actual\u2026","rel":"","context":"En &quot;Agenda Pol\u00edtica&quot;","block_context":{"text":"Agenda Pol\u00edtica","link":"https:\/\/redaccionoaxaca.com\/index.php\/category\/agenda-politica\/"},"img":{"alt_text":"","src":"","width":0,"height":0},"classes":[]},{"id":16886,"url":"https:\/\/redaccionoaxaca.com\/index.php\/2021\/02\/12\/nepotismo-politico-hermano-del-edil-de-xoxo-dirigente-formal-del-prd-confirma-carmona\/","url_meta":{"origin":24482,"position":5},"title":"Nepotismo pol\u00edtico; hermano del edil  de  Xoxo, dirigente formal del PRD, confirma Carmona.","author":"ariadna","date":"febrero 12, 2021","format":false,"excerpt":"#Redacci\u00f3nOaxaca #Oaxaca Jaime GUERRERO El Secretario General del Partido de la Revoluci\u00f3n Democr\u00e1tica, Raymundo Carmona Laredo, afirm\u00f3 que el Comit\u00e9 Ejecutivo Nacional del Sol Azteca, dej\u00f3 firme en la dirigencia a Carlos L\u00f3pez Jarqu\u00edn, hermano del presidente municipal de Santa Cruz Xoxocotl\u00e1n, Alejandro L\u00f3pez Jarqu\u00edn, como l\u00edder de ese instituto\u2026","rel":"","context":"En &quot;Agenda Pol\u00edtica&quot;","block_context":{"text":"Agenda Pol\u00edtica","link":"https:\/\/redaccionoaxaca.com\/index.php\/category\/agenda-politica\/"},"img":{"alt_text":"","src":"","width":0,"height":0},"classes":[]}],"_links":{"self":[{"href":"https:\/\/redaccionoaxaca.com\/index.php\/wp-json\/wp\/v2\/posts\/24482","targetHints":{"allow":["GET"]}}],"collection":[{"href":"https:\/\/redaccionoaxaca.com\/index.php\/wp-json\/wp\/v2\/posts"}],"about":[{"href":"https:\/\/redaccionoaxaca.com\/index.php\/wp-json\/wp\/v2\/types\/post"}],"author":[{"embeddable":true,"href":"https:\/\/redaccionoaxaca.com\/index.php\/wp-json\/wp\/v2\/users\/9"}],"replies":[{"embeddable":true,"href":"https:\/\/redaccionoaxaca.com\/index.php\/wp-json\/wp\/v2\/comments?post=24482"}],"version-history":[{"count":1,"href":"https:\/\/redaccionoaxaca.com\/index.php\/wp-json\/wp\/v2\/posts\/24482\/revisions"}],"predecessor-version":[{"id":24485,"href":"https:\/\/redaccionoaxaca.com\/index.php\/wp-json\/wp\/v2\/posts\/24482\/revisions\/24485"}],"wp:attachment":[{"href":"https:\/\/redaccionoaxaca.com\/index.php\/wp-json\/wp\/v2\/media?parent=24482"}],"wp:term":[{"taxonomy":"category","embeddable":true,"href":"https:\/\/redaccionoaxaca.com\/index.php\/wp-json\/wp\/v2\/categories?post=24482"},{"taxonomy":"post_tag","embeddable":true,"href":"https:\/\/redaccionoaxaca.com\/index.php\/wp-json\/wp\/v2\/tags?post=24482"}],"curies":[{"name":"wp","href":"https:\/\/api.w.org\/{rel}","templated":true}]}}