{"id":24553,"date":"2022-03-16T10:27:18","date_gmt":"2022-03-16T16:27:18","guid":{"rendered":"https:\/\/redaccionoaxaca.com\/?p=24553"},"modified":"2022-03-16T10:27:18","modified_gmt":"2022-03-16T16:27:18","slug":"por-crisis-de-gobernabilidad-morena-va-por-reforma-a-ley-organica-de-la-uabjo-modelo-universitario-vigente-ya-no-es-funcional","status":"publish","type":"post","link":"https:\/\/redaccionoaxaca.com\/index.php\/2022\/03\/16\/por-crisis-de-gobernabilidad-morena-va-por-reforma-a-ley-organica-de-la-uabjo-modelo-universitario-vigente-ya-no-es-funcional\/","title":{"rendered":"Por crisis de gobernabilidad, Morena va por reforma a ley  org\u00e1nica de la UABJO; \u201cmodelo universitario vigente ya no es funcional\u201d."},"content":{"rendered":"<p><strong>#Redacci\u00f3nOaxaca<\/strong><\/p>\n<p><strong>#Oaxaca<\/strong><\/p>\n<p><strong>Jaime GUERRERO<\/strong><\/p>\n<p style=\"text-align: justify;\">En medio de la sucesi\u00f3n de rector\u00eda en la Universidad Aut\u00f3noma Benito Ju\u00e1rez de Oaxaca (<strong>#UABJO<\/strong>), la bancada del Partido Movimiento de Regeneraci\u00f3n Nacional (<strong>#Morena<\/strong>) de la LXV Legislatura, va por una reforma a la Ley Org\u00e1nica de la m\u00e1xima casa de estudios, debido a la crisis de ingobernabilidad que padece esa instituci\u00f3n de educaci\u00f3n superior.<\/p>\n<p style=\"text-align: justify;\">En su exposici\u00f3n de motivos, la diputada promovente de Morena, Lizett Arroyo Rodr\u00edguez, justifica que a lo largo de varios a\u00f1os, la sociedad oaxaque\u00f1a ha presenciado diversos conflictos internos en el seno de la UABJO, cuyas consecuencias repercuten en los \u00e1mbitos educativo, cultural y pol\u00edtico de Oaxaca.<\/p>\n<p style=\"text-align: justify;\">\u201c<em>La crisis de gobernabilidad que se vive al interior de la UABJO se debe en parte, a que su legislaci\u00f3n no ha tenido los cambios sustanciales que le permitan contribuir a su desarrollo, pues la actual ley org\u00e1nica de la Universidad, cuanta con m\u00e1s de 30 a\u00f1os de existencia, por lo que ya no se ajusta a sus necesidades actuales\u201d,<\/em> plasm\u00f3 la esposa del Presidente Municipal de Tlaxiaco, Miguel P\u00e9rez.<\/p>\n<p style=\"text-align: justify;\">De acuerdo a Arroyo Rodr\u00edguez, es evidente que el modelo universitario vigente ya no es funcional y requiere de una reforma integral que permita a la comunidad universitaria desarrollarse de forma plena, tanto en las aulas como el vida profesional de sus egresados, por lo que una modernizaci\u00f3n exige cambios importantes en su orden interno con pleno respeto a su autonom\u00eda.<\/p>\n<p style=\"text-align: justify;\">Actualmente, la Ley Org\u00e1nica de la universidad, no contempla ning\u00fan posible caso o situaci\u00f3n como la que se vive con la emergencia sanitaria actual por el coronavirus SARS-CoV-2, y que provoc\u00f3 la suspensi\u00f3n de la sucesi\u00f3n en la rector\u00eda, la cual debi\u00f3 realizarse en mayo del 2020, y que sigue posterg\u00e1ndose hasta que haya las condiciones de salud necesarias.<\/p>\n<p style=\"text-align: justify;\">En el 2020, el actual rector de la UABJO, Eduardo Bautista Mart\u00ednez, hab\u00eda anunciado que el Consejo Universitario podr\u00eda realizar una reforma a la Ley Org\u00e1nica en la que se a\u00f1adan nuevas formas de elegir al rector en situaciones de emergencia, como la provocada por el Covid-19.<\/p>\n<p style=\"text-align: justify;\">\u201c<em>La Ley Org\u00e1nica de la UABJO no contempla ninguna posible salida a un caso como el que actualmente se vive [con el Covid-19], por lo que deber\u00e1 ser el Consejo Universitario, nuevamente, el que deber\u00e1 definir lo conducente, ya sea sobre una posible modificaci\u00f3n de la forma en que se nombrar\u00e1 al nuevo Rector o, bien, una nueva fecha para la realizaci\u00f3n de los comicios<\/em>\u201d, declar\u00f3.<\/p>\n<p style=\"text-align: justify;\">\u201c<em>Desafortunadamente y hay que decirlo, nuestra Ley Org\u00e1nica resulta, hasta este momento, insuficiente. Cuando se traz\u00f3 la Ley Org\u00e1nica no se pens\u00f3 en una pandemia, no se pens\u00f3 en una contingencia sanitaria y \u00bfa qu\u00e9 nos lleva?\u201d<\/em><\/p>\n<p style=\"text-align: justify;\"><em>\u201cSi nos apegamos de manera estricta a la Ley Org\u00e1nica, las elecciones deber\u00edan realizarse de manera presencial; en su defecto, es importante que procedamos y consideremos que la alternativa es la construcci\u00f3n de consensos al interior del Consejo Universitario para que podamos ponernos de acuerdo para proceder a los t\u00e9rminos de la elecci\u00f3n\u201d,<\/em> declar\u00f3 en ese entonces.<\/p>\n<p style=\"text-align: justify;\">En diciembre del 2021, la Comisi\u00f3n Electoral de la UABJO, aprob\u00f3 reanudar el proceso electoral para elegir al nuevo Rector o Rectora de la casa de estudios, tras suspender el procedimiento a causa de la pandemia del Covid-19.<\/p>\n<p style=\"text-align: justify;\">Seg\u00fan el acuerdo aprobado por la comisi\u00f3n, presidida por la secretaria Leticia Mendoza Toro, las elecciones se celebrar\u00e1n el 13 de mayo de 2022.<\/p>\n<p style=\"text-align: justify;\"><em>\u201cConsideramos prudente, legal y oportuna la determinaci\u00f3n del d\u00eda 13 de mayo de 2022, para que se realice a trav\u00e9s del voto uninominal, libre, universal, directo y secreto, el proceso de elecci\u00f3n de Rector o Rectora de nuestra m\u00e1xima casa de estudios\u201d<\/em>, argument\u00f3.<\/p>\n<p style=\"text-align: justify;\">El 19 de abril de 2020, la Comisi\u00f3n Electoral de la UABJO pospuso la elecci\u00f3n para la designaci\u00f3n del nuevo Rector de la casa de estudios del estado, a causa de la emergencia sanitaria por el coronavirus.<\/p>\n<p style=\"text-align: justify;\">En la sesi\u00f3n de ese d\u00eda acordaron aplazar la jornada electoral para el proceso de cambio de Rector y se aprob\u00f3 que la suspensi\u00f3n de los plazos hasta finales de septiembre de este a\u00f1o.<\/p>\n<p style=\"text-align: justify;\">La elecci\u00f3n en la UABJO estaba prevista realizarse el pr\u00f3ximo 15 de mayo de 2020. Desde finales de marzo, profesores y sindicatos hab\u00edan solicitado a las autoridades universitarias no emitir la convocatoria para el proceso de elecci\u00f3n del Rector.<\/p>\n<p style=\"text-align: justify;\">Mientras que el 11 de mayo de 2020 tambi\u00e9n aprobaron ampliar el periodo del rector Eduardo Bautista Mart\u00ednez y dem\u00e1s funcionarios universitarios, ya que sus funciones, competencia y acciones se encontraban suspendidas y constre\u00f1idas exclusivamente a las funciones esenciales, a causa de la emergencia sanitaria por el coronavirus Covid-19.<\/p>\n<p style=\"text-align: justify;\">El acuerdo de la Comisi\u00f3n Electoral estableci\u00f3 que para <em>\u201cprivilegiar la estabilidad institucional, la vida, la salud y pleno ejercicio del sufragio dem\u00f3crata\u201d<\/em>, el Rector de la UABJO deber\u00e1 permanecer en el desarrollo de sus funciones esenciales y ampliar su campo de acci\u00f3n hacia las actividades no esenciales en la forma y t\u00e9rminos que se\u00f1alan las autoridades de gobierno federal y estatal, \u201c<em>hasta que se celebre la jornada electoral por la cual fuimos nombrados\u201d.<\/em><\/p>\n<p style=\"text-align: justify;\">Sin embargo, recientemente la universidad ha enfrentado protestas de sindicalizados \u2013 como la toma de Ciudad Universitaria y bloqueos carreteros \u2013 para exigir, entre otras demandas, la realizaci\u00f3n del proceso electoral para renovar la Rector\u00eda.<\/p>\n<p style=\"text-align: justify;\">Particularmente del Sindicato de Trabajadores Acad\u00e9micos de la Universidad de Oaxaca (STAUO), adem\u00e1s de que tras la liberaci\u00f3n del ex rector, Eduardo Mart\u00ednez Helmes, detenido por el presunto delito de defraudaci\u00f3n fiscal, se habr\u00eda pactado la sucesi\u00f3n en favor de un actor af\u00edn al Gobernador del Estado, Alejandro Murat Hinojosa.<\/p>\n","protected":false},"excerpt":{"rendered":"<p>#Redacci\u00f3nOaxaca #Oaxaca Jaime GUERRERO En medio de la sucesi\u00f3n de rector\u00eda en la Universidad Aut\u00f3noma Benito Ju\u00e1rez de Oaxaca (#UABJO), la bancada del Partido Movimiento de Regeneraci\u00f3n Nacional (#Morena) de la LXV Legislatura, va por una reforma a la Ley Org\u00e1nica de la m\u00e1xima casa de estudios, debido a la crisis de ingobernabilidad que padece [&hellip;]<\/p>\n","protected":false},"author":9,"featured_media":0,"comment_status":"open","ping_status":"open","sticky":false,"template":"","format":"standard","meta":{"jetpack_post_was_ever_published":false,"_jetpack_newsletter_access":"","_jetpack_dont_email_post_to_subs":false,"_jetpack_newsletter_tier_id":0,"_jetpack_memberships_contains_paywalled_content":false,"_jetpack_memberships_contains_paid_content":false,"footnotes":"","jetpack_publicize_message":"","jetpack_publicize_feature_enabled":true,"jetpack_social_post_already_shared":true,"jetpack_social_options":{"image_generator_settings":{"template":"highway","default_image_id":0,"font":"","enabled":false},"version":2}},"categories":[4,5,3],"tags":[],"class_list":{"0":"post-24553","1":"post","2":"type-post","3":"status-publish","4":"format-standard","6":"category-agenda-politica","7":"category-imagen","8":"category-mesa-de-redaccion"},"jetpack_publicize_connections":[],"jetpack_featured_media_url":"","jetpack_sharing_enabled":true,"jetpack_shortlink":"https:\/\/wp.me\/p9Ynjw-6o1","jetpack-related-posts":[{"id":24579,"url":"https:\/\/redaccionoaxaca.com\/index.php\/2022\/03\/17\/a-propuesta-de-diputada-de-morena-congreso-analiza-depurar-consejo-universitario-directores-y-rector-de-la-uabjo\/","url_meta":{"origin":24553,"position":0},"title":"A propuesta de diputada de Morena, Congreso analiza  depurar Consejo Universitario, Directores y rector de la UABJO.","author":"ariadna","date":"marzo 17, 2022","format":false,"excerpt":"#Redacci\u00f3nOaxaca #Oaxaca Jaime GUERRERO En la iniciativa de reforma a la Ley Org\u00e1nica de la Universidad Auton\u00f3ma Benito Ju\u00e1rez de Oaxaca (#UABJO) que present\u00f3 la diputada del Partido Movimiento de Regeneraci\u00f3n Nacional (#Morena), Lizett Arroyo Rodr\u00edguez, -en medio de la sucesi\u00f3n de rector\u00eda- se propone la depuraci\u00f3n total del Consejo\u2026","rel":"","context":"En &quot;Agenda Pol\u00edtica&quot;","block_context":{"text":"Agenda Pol\u00edtica","link":"https:\/\/redaccionoaxaca.com\/index.php\/category\/agenda-politica\/"},"img":{"alt_text":"","src":"","width":0,"height":0},"classes":[]},{"id":41268,"url":"https:\/\/redaccionoaxaca.com\/index.php\/2026\/04\/01\/con-etiqueta-hechoenuabjo-farid-acevedo-lopez-se-destapa-oficialmente-para-la-rectoria\/","url_meta":{"origin":24553,"position":1},"title":"Con etiqueta \u201c#HechoEnUABJO\u201d, Farid Acevedo L\u00f3pez se destapa oficialmente para la rector\u00eda","author":"ariadna","date":"abril 1, 2026","format":false,"excerpt":"#Redacci\u00f3nOaxaca #Oaxaca #JaimeGUERRERO Tres semanas despu\u00e9s de haber renunciado a la Secretar\u00eda de Finanzas del gobierno de Oaxaca, Farid Acevedo L\u00f3pez hizo oficial este mi\u00e9rcoles su aspiraci\u00f3n a la rector\u00eda de la Universidad Aut\u00f3noma \u201cBenito Ju\u00e1rez\u201d de Oaxaca (UABJO). Lo hizo a trav\u00e9s de publicaciones en sus redes sociales en\u2026","rel":"","context":"En &quot;Imagen&quot;","block_context":{"text":"Imagen","link":"https:\/\/redaccionoaxaca.com\/index.php\/category\/imagen\/"},"img":{"alt_text":"","src":"https:\/\/i0.wp.com\/redaccionoaxaca.com\/wp-content\/uploads\/2026\/04\/IMG-20260401-WA0078.jpg?fit=647%2C1200&ssl=1&resize=350%2C200","width":350,"height":200,"srcset":"https:\/\/i0.wp.com\/redaccionoaxaca.com\/wp-content\/uploads\/2026\/04\/IMG-20260401-WA0078.jpg?fit=647%2C1200&ssl=1&resize=350%2C200 1x, https:\/\/i0.wp.com\/redaccionoaxaca.com\/wp-content\/uploads\/2026\/04\/IMG-20260401-WA0078.jpg?fit=647%2C1200&ssl=1&resize=525%2C300 1.5x"},"classes":[]},{"id":24839,"url":"https:\/\/redaccionoaxaca.com\/index.php\/2022\/04\/01\/bloque-de-consejeros-universitarios-nombra-a-cristian-carreno-como-rector-interino-de-la-uabjo\/","url_meta":{"origin":24553,"position":2},"title":"Bloque de consejeros universitarios nombra a Cristian Carre\u00f1o como rector interino de la UABJO.","author":"ariadna","date":"abril 1, 2022","format":"video","excerpt":"#Redacci\u00f3nOaxaca #Oaxaca Citlalli L\u00f3pez Vel\u00e1zquez Un bloque de consejeros universitarios nombr\u00f3 este viernes a Cristian Eder Carre\u00f1o L\u00f3pez como rector interino de la Universidad Aut\u00f3noma Benito Ju\u00e1rez de Oaxaca (#UABJO) y a Abraham Mart\u00ednez Helmes como secretario general por un lapso de dos a\u00f1os. A la sesi\u00f3n realizada en la\u2026","rel":"","context":"En &quot;Agenda Pol\u00edtica&quot;","block_context":{"text":"Agenda Pol\u00edtica","link":"https:\/\/redaccionoaxaca.com\/index.php\/category\/agenda-politica\/"},"img":{"alt_text":"","src":"","width":0,"height":0},"classes":[]},{"id":24315,"url":"https:\/\/redaccionoaxaca.com\/index.php\/2022\/03\/01\/choca-pri-morena-y-pt-en-congreso-por-sucesion-en-la-uabjo-exhortan-a-murat-a-no-entrometerse-en-eleccion-de-rectoria\/","url_meta":{"origin":24553,"position":3},"title":"Choca PRI, Morena y PT en Congreso, por sucesi\u00f3n en la  UABJO; exhortan a Murat a no entrometerse en elecci\u00f3n de rector\u00eda.","author":"ariadna","date":"marzo 1, 2022","format":"video","excerpt":"#Redacci\u00f3nOaxaca #Oaxaca Jaime GUERRERO El proceso de elecci\u00f3n de Rector\u00eda de la Universidad Aut\u00f3noma Benito Ju\u00e1rez de Oaxaca (#UABJO) lleg\u00f3 a la sede del Poder Legislativo y provoc\u00f3 el choque verbal de diputados y diputadas del Morena, PRI y el PT, por la supuesta intromisi\u00f3n del Gobernador, Alejandro Murat Hinojosa\u2026","rel":"","context":"En &quot;Agenda Pol\u00edtica&quot;","block_context":{"text":"Agenda Pol\u00edtica","link":"https:\/\/redaccionoaxaca.com\/index.php\/category\/agenda-politica\/"},"img":{"alt_text":"","src":"","width":0,"height":0},"classes":[]},{"id":24858,"url":"https:\/\/redaccionoaxaca.com\/index.php\/2022\/04\/02\/reconozco-como-rector-a-quien-diga-la-ley-murat-llama-a-liderazgos-de-la-uabjo-a-abrir-conversacion-hoy-vemos-facetas-desafortunadas\/","url_meta":{"origin":24553,"position":4},"title":"Reconozco como rector a quien diga la ley: Murat; llama a liderazgos de la UABJO a abrir conversaci\u00f3n; \u201choy vemos facetas desafortunadas\u201d .","author":"ariadna","date":"abril 2, 2022","format":false,"excerpt":"#Redacci\u00f3nOaxaca #Oaxaca Jaime GUERRERO En medio de la crisis, disputa de poder y de la rector\u00eda de la Universidad Aut\u00f3noma Benito Ju\u00e1rez de Oaxaca (#UABJO), el Gobernador del Estado, Alejandro Murat Hinojosa, invit\u00f3 a los liderazgos a ser consistentes y congruentes con lo que representan porque la llamada \u201cM\u00e1xima Casa\u2026","rel":"","context":"En &quot;Agenda Pol\u00edtica&quot;","block_context":{"text":"Agenda Pol\u00edtica","link":"https:\/\/redaccionoaxaca.com\/index.php\/category\/agenda-politica\/"},"img":{"alt_text":"","src":"","width":0,"height":0},"classes":[]},{"id":21410,"url":"https:\/\/redaccionoaxaca.com\/index.php\/2021\/10\/05\/video-amlo-tomara-decision-inteligente-para-candidatura-a-gobernatura-de-oaxaca-mi-administracion-no-sera-de-tribus-neri\/","url_meta":{"origin":24553,"position":5},"title":"VIDEO: AMLO tomar\u00e1 decisi\u00f3n inteligente para candidatura a\u00a0  gobernatura de Oaxaca; mi administraci\u00f3n NO ser\u00e1 de tribus: Neri.","author":"ariadna","date":"octubre 5, 2021","format":"video","excerpt":"#Redacci\u00f3nOaxaca #Oaxaca Jaime GUERRERO\u00a0 A pesar de que la dirigencia de nacional del Partido Movimiento de Regeneraci\u00f3n Nacional, inform\u00f3 que ser\u00e1 una encuesta el m\u00e9todo para elegir a la o el candidato a gobernador, el edil electo de Morena en el municipio de Oaxaca de Ju\u00e1rez, Francisco Mart\u00ednez Neri, confi\u00f3\u2026","rel":"","context":"En &quot;Agenda Pol\u00edtica&quot;","block_context":{"text":"Agenda Pol\u00edtica","link":"https:\/\/redaccionoaxaca.com\/index.php\/category\/agenda-politica\/"},"img":{"alt_text":"","src":"","width":0,"height":0},"classes":[]}],"_links":{"self":[{"href":"https:\/\/redaccionoaxaca.com\/index.php\/wp-json\/wp\/v2\/posts\/24553","targetHints":{"allow":["GET"]}}],"collection":[{"href":"https:\/\/redaccionoaxaca.com\/index.php\/wp-json\/wp\/v2\/posts"}],"about":[{"href":"https:\/\/redaccionoaxaca.com\/index.php\/wp-json\/wp\/v2\/types\/post"}],"author":[{"embeddable":true,"href":"https:\/\/redaccionoaxaca.com\/index.php\/wp-json\/wp\/v2\/users\/9"}],"replies":[{"embeddable":true,"href":"https:\/\/redaccionoaxaca.com\/index.php\/wp-json\/wp\/v2\/comments?post=24553"}],"version-history":[{"count":1,"href":"https:\/\/redaccionoaxaca.com\/index.php\/wp-json\/wp\/v2\/posts\/24553\/revisions"}],"predecessor-version":[{"id":24555,"href":"https:\/\/redaccionoaxaca.com\/index.php\/wp-json\/wp\/v2\/posts\/24553\/revisions\/24555"}],"wp:attachment":[{"href":"https:\/\/redaccionoaxaca.com\/index.php\/wp-json\/wp\/v2\/media?parent=24553"}],"wp:term":[{"taxonomy":"category","embeddable":true,"href":"https:\/\/redaccionoaxaca.com\/index.php\/wp-json\/wp\/v2\/categories?post=24553"},{"taxonomy":"post_tag","embeddable":true,"href":"https:\/\/redaccionoaxaca.com\/index.php\/wp-json\/wp\/v2\/tags?post=24553"}],"curies":[{"name":"wp","href":"https:\/\/api.w.org\/{rel}","templated":true}]}}