{"id":24597,"date":"2022-03-17T19:19:23","date_gmt":"2022-03-18T01:19:23","guid":{"rendered":"https:\/\/redaccionoaxaca.com\/?p=24597"},"modified":"2022-03-17T19:19:23","modified_gmt":"2022-03-18T01:19:23","slug":"video-morena-se-pelea-por-cargos-y-no-saben-si-tendran-candidato-o-candidata-a-gubernatura-aaa-prd-no-descarta-intromision-de-delincuencia","status":"publish","type":"post","link":"https:\/\/redaccionoaxaca.com\/index.php\/2022\/03\/17\/video-morena-se-pelea-por-cargos-y-no-saben-si-tendran-candidato-o-candidata-a-gubernatura-aaa-prd-no-descarta-intromision-de-delincuencia\/","title":{"rendered":"VIDEO: Morena se pelea por cargos y no saben si tendr\u00e1n candidato  o candidata a Gubernatura: AAA; PRD no descarta intromisi\u00f3n de delincuencia."},"content":{"rendered":"<p><strong>#Redacci\u00f3nOaxaca<\/strong><\/p>\n<p><strong>#Oaxaca<\/strong><\/p>\n<p><strong>Jaime GUERRERO<\/strong><\/p>\n<p style=\"text-align: justify;\">El candidato com\u00fan del Partido Revolucionario Institucional (<strong>#PRI<\/strong>) y de la Revoluci\u00f3n Democr\u00e1tica (<strong>#PRD<\/strong>) por la Gubernatura de Oaxaca, Alejandro Avil\u00e9s \u00c1lvarez, destac\u00f3 que mientras los grupos y tribus del Partido Movimiento de Regeneraci\u00f3n Nacional (<strong>#Morena<\/strong>) se est\u00e1n peleando por los cargos partidistas y no se sabe si van a tener candidata (Susana Harp Iturribarria) o candidato (Salom\u00f3n Jara Cruz), en el PRI y PRD ya caminan por la gubernatura.<\/p>\n<p style=\"text-align: justify;\">Antes, la Secretaria General del Partido del PRD, Adriana D\u00edaz Contreras, no descart\u00f3 la intromisi\u00f3n del crimen organizado en el proceso electoral \u201c<em>principalmente en algunos partidos por lo que la Fiscal\u00eda General de la Rep\u00fablica debe informar en torno a este il\u00edcito\u201d.<\/em><\/p>\n<p style=\"text-align: justify;\">\u201c<em>Nosotros ya llevamos varios pasos adelante. Mientras los de enfrente se est\u00e1n peleando su dirigencia estatal y no saben si va ser fulano o mengano, nosotros (PRI-PRD) ya tenemos nombre del proyecto: se llama PRD, PRI y Alejandro Avil\u00e9s que vamos por una gran causa que se llama Oaxaca\u201d<\/em>, asent\u00f3, Avil\u00e9s \u00c1lvarez al ser presentado como el candidato a la gubernatura ante las estructuras del Sol Azteca.<\/p>\n<p style=\"text-align: justify;\">\u201cAAA\u201d como es conocido en la clase pol\u00edtica, prometi\u00f3 que pelearan muy duro ante la elecci\u00f3n de estado que denunci\u00f3 la dirigencia del PRD.<\/p>\n<p style=\"text-align: justify;\">Antes, la Secretaria General del Partido del PRD, Adriana D\u00edaz Contreras, no descart\u00f3 la intromisi\u00f3n del crimen organizado en el proceso electoral \u201c<em>principalmente en algunos partidos por lo que la Fiscal\u00eda General de la Rep\u00fablica debe informar en torno a este il\u00edcito\u201d.<\/em><\/p>\n<p style=\"text-align: justify;\">No descart\u00f3 que en este proceso electoral en los seis estados en donde se renovar\u00e1n las gubernaturas haya presencia de las bandas delincuenciales, que aporten recursos para financiar campa\u00f1as electorales.<\/p>\n<p style=\"text-align: justify;\">Sentenci\u00f3 que Morena en Oaxaca est\u00e1 destrozado gracias a las pugnas internas de sus diversas corrientes.<\/p>\n<p style=\"text-align: justify;\">En contra parte, afirm\u00f3 que el PRD va en unidad para hacer frente a una elecci\u00f3n de estado. <em>\u201cLos pleitos internos no est\u00e1n en el PRD por los espacios de poder<\/em>\u201d, ataj\u00f3.<\/p>\n<div style=\"width: 696px;\" class=\"wp-video\"><video class=\"wp-video-shortcode\" id=\"video-24597-1\" width=\"696\" height=\"394\" preload=\"metadata\" controls=\"controls\"><source type=\"video\/mp4\" src=\"https:\/\/redaccionoaxaca.com\/wp-content\/uploads\/2022\/03\/VID-20220317-WA0110.mp4?_=1\" \/><a href=\"https:\/\/redaccionoaxaca.com\/wp-content\/uploads\/2022\/03\/VID-20220317-WA0110.mp4\">https:\/\/redaccionoaxaca.com\/wp-content\/uploads\/2022\/03\/VID-20220317-WA0110.mp4<\/a><\/video><\/div>\n","protected":false},"excerpt":{"rendered":"<p>#Redacci\u00f3nOaxaca #Oaxaca Jaime GUERRERO El candidato com\u00fan del Partido Revolucionario Institucional (#PRI) y de la Revoluci\u00f3n Democr\u00e1tica (#PRD) por la Gubernatura de Oaxaca, Alejandro Avil\u00e9s \u00c1lvarez, destac\u00f3 que mientras los grupos y tribus del Partido Movimiento de Regeneraci\u00f3n Nacional (#Morena) se est\u00e1n peleando por los cargos partidistas y no se sabe si van a tener [&hellip;]<\/p>\n","protected":false},"author":9,"featured_media":0,"comment_status":"open","ping_status":"open","sticky":false,"template":"","format":"video","meta":{"jetpack_post_was_ever_published":false,"_jetpack_newsletter_access":"","_jetpack_dont_email_post_to_subs":false,"_jetpack_newsletter_tier_id":0,"_jetpack_memberships_contains_paywalled_content":false,"_jetpack_memberships_contains_paid_content":false,"footnotes":"","jetpack_publicize_message":"","jetpack_publicize_feature_enabled":true,"jetpack_social_post_already_shared":true,"jetpack_social_options":{"image_generator_settings":{"template":"highway","default_image_id":0,"font":"","enabled":false},"version":2}},"categories":[4,7],"tags":[],"class_list":{"0":"post-24597","1":"post","2":"type-post","3":"status-publish","4":"format-video","6":"category-agenda-politica","7":"category-al-cierre","8":"post_format-post-format-video"},"jetpack_publicize_connections":[],"jetpack_featured_media_url":"","jetpack_sharing_enabled":true,"jetpack_shortlink":"https:\/\/wp.me\/p9Ynjw-6oJ","jetpack-related-posts":[{"id":22154,"url":"https:\/\/redaccionoaxaca.com\/index.php\/2021\/11\/08\/prd-llama-al-pan-pup-pt-mc-y-panal-a-coalicion-por-gubernatura-de-oaxaca-de-paso-invita-a-salomon-y-susana-como-candidatos\/","url_meta":{"origin":24597,"position":0},"title":"PRD llama al PAN, PUP, PT, MC y Panal a coalici\u00f3n por gubernatura  de Oaxaca; de paso invita a Salom\u00f3n y Susana como candidatos.","author":"ariadna","date":"noviembre 8, 2021","format":"video","excerpt":"#Redacci\u00f3nOaxaca #Oaxaca Jaime GUERRERO Para la elecci\u00f3n de la gubernatura de Oaxaca, el Presidente del Partido de la Revoluci\u00f3n Democr\u00e1tica (#PRD), Tom\u00e1s Basald\u00fa Guti\u00e9rrez, propuso una alianza no solo con el PAN, invit\u00f3 al Partido Unidad Popular (#PUP), del Trabajo (#PT), Movimiento Ciudadano (#MC) y con Nueva Alianza. De paso\u2026","rel":"","context":"En &quot;Agenda Pol\u00edtica&quot;","block_context":{"text":"Agenda Pol\u00edtica","link":"https:\/\/redaccionoaxaca.com\/index.php\/category\/agenda-politica\/"},"img":{"alt_text":"","src":"","width":0,"height":0},"classes":[]},{"id":25841,"url":"https:\/\/redaccionoaxaca.com\/index.php\/2022\/05\/27\/lider-del-prd-presiona-a-candidata-a-gubernatura-de-oaxaca-del-pan-a-declinar-por-ancdidato-del-pri-no-le-responde-naty-diaz\/","url_meta":{"origin":24597,"position":1},"title":"Lider del PRD presiona a candidata a gubernatura de Oaxaca   del PAN a declinar por ancdidato del PRI; \u201cNO\u201d, le responde Naty D\u00edaz","author":"ariadna","date":"mayo 27, 2022","format":"video","excerpt":"#Redacci\u00f3nOaxaca #Oaxaca Jaime GUERRERO El dirigente Nacional del Partido de la Revoluci\u00f3n Democr\u00e1tica, Jes\u00fas Zambrano Grijalva, pidi\u00f3 a la candidata a la Gubernatura de Oaxaca, del Partido Acci\u00f3n Nacional (PAN), Natividad D\u00edaz Jim\u00e9nez, reflexionar sobre la conveniencia de declinar a favor del candidato com\u00fan del PRD-PRI, Alejandro Avil\u00e9s \u00c1lvarez. En\u2026","rel":"","context":"En &quot;Agenda Pol\u00edtica&quot;","block_context":{"text":"Agenda Pol\u00edtica","link":"https:\/\/redaccionoaxaca.com\/index.php\/category\/agenda-politica\/"},"img":{"alt_text":"","src":"","width":0,"height":0},"classes":[]},{"id":22055,"url":"https:\/\/redaccionoaxaca.com\/index.php\/2021\/11\/03\/video-pri-apuesta-por-gran-alianza-con-pan-prd-en-oaxaca-y-contrario-a-derrota-de-lider-nacional-del-an-si-pueden-ganarle-a-morena-dice-lider\/","url_meta":{"origin":24597,"position":2},"title":"VIDEO: PRI apuesta por gran alianza con PAN-PRD en Oaxaca y contrario  a derrota de l\u00edder nacional del AN, s\u00ed pueden ganarle a Morena, dice l\u00edder.","author":"ariadna","date":"noviembre 3, 2021","format":"video","excerpt":"#Redacci\u00f3nOaxaca #Oaxaca Jaime GUERRERO El Presidente del Comit\u00e9 Directivo Estatal del Partido Revolucionario Institucional (#PRI), Eviel P\u00e9rez Maga\u00f1a, le apost\u00f3 a una alianza con el #PRD, #PAN y todas las fuerzas pol\u00edticas, para las elecciones gubernamentales del 2022 y contrario a lo dicho por el l\u00edder nacional de Acci\u00f3n Nacional,\u2026","rel":"","context":"En &quot;Agenda Pol\u00edtica&quot;","block_context":{"text":"Agenda Pol\u00edtica","link":"https:\/\/redaccionoaxaca.com\/index.php\/category\/agenda-politica\/"},"img":{"alt_text":"","src":"","width":0,"height":0},"classes":[]},{"id":24601,"url":"https:\/\/redaccionoaxaca.com\/index.php\/2022\/03\/17\/video-gobierno-federal-utilizara-a-servidores-de-la-nacion-para-acosar-a-electorado-a-votar-por-morena-en-eleccion-de-gubernatura-de-oaxaca-pri-prd\/","url_meta":{"origin":24597,"position":3},"title":"VIDEO: Gobierno Federal utilizar\u00e1 a Servidores de la Naci\u00f3n para acosar a  electorado a votar por Morena en elecci\u00f3n de Gubernatura de Oaxaca: PRI-PRD.","author":"ariadna","date":"marzo 17, 2022","format":"video","excerpt":"#Redacci\u00f3nOaxaca #Oaxaca Jaime GUERRERO La dirigencia del Partido de la Revoluci\u00f3n Democr\u00e1tica (#PRD), justific\u00f3 su convenio de candidatura com\u00fan con el Partido Revolucionario Institucional (#PRI) por la Gubernatura de Oaxaca, en que se enfrentaran a una \u201cElecci\u00f3n de Estado\u201d donde el Gobierno Federal echar\u00e1 mano de los \u201cServidores de la\u2026","rel":"","context":"En &quot;Agenda Pol\u00edtica&quot;","block_context":{"text":"Agenda Pol\u00edtica","link":"https:\/\/redaccionoaxaca.com\/index.php\/category\/agenda-politica\/"},"img":{"alt_text":"","src":"","width":0,"height":0},"classes":[]},{"id":23573,"url":"https:\/\/redaccionoaxaca.com\/index.php\/2022\/01\/21\/dirigencia-nacional-perredista-puede-cambiar-rechazo-al-pri-en-oaxaca-pan-prd-nao-alistan-candidatura-comun-por-gubernatura\/","url_meta":{"origin":24597,"position":4},"title":"Dirigencia Nacional perredista puede cambiar rechazo al PRI  en Oaxaca; PAN-PRD-NAO alistan candidatura com\u00fan por gubernatura.","author":"ariadna","date":"enero 21, 2022","format":false,"excerpt":"#Redacci\u00f3nOaxaca #Oaxaca Jaime GUERRERO Los dirigentes estatales de los partidos Acci\u00f3n Nacional (#PAN), de la Revoluci\u00f3n Democr\u00e1tica (#PRD) y Nueva Alianza anunciaron este jueves el inicio de las negociaciones para impulsar una candidatura com\u00fan en las elecciones para la gubernatura del estado. En conferencia de prensa, primero leyeron un pronunciamiento\u2026","rel":"","context":"En &quot;Agenda Pol\u00edtica&quot;","block_context":{"text":"Agenda Pol\u00edtica","link":"https:\/\/redaccionoaxaca.com\/index.php\/category\/agenda-politica\/"},"img":{"alt_text":"","src":"","width":0,"height":0},"classes":[]},{"id":19173,"url":"https:\/\/redaccionoaxaca.com\/index.php\/2021\/05\/24\/video-candidatas-y-candidatos-del-pt-pvem-de-la-costa-de-oaxaca-declinan-por-coalicion-pri-pan-prd-diputada-federal-de-morena-engano-a-la-gente\/","url_meta":{"origin":24597,"position":5},"title":"VIDEO: Candidatas y candidatos del PT-PVEM de la costa de Oaxaca, declinan   por coalici\u00f3n PRI-PAN-PRD; diputada federal de Morena enga\u00f1\u00f3 a la gente.","author":"ariadna","date":"mayo 24, 2021","format":"video","excerpt":"#Redacci\u00f3nOaxaca #Oaxaca Jaime GUERRERO El candidato del Partido Verde Ecologista de M\u00e9xico (PVEM) y la candidata a diputada local del Partido del Trabajo (PT) -actualmente suplente de diputada de Morena, Mar\u00eda de Carmen Bautista Pel\u00e1ez que, busca la reelecci\u00f3n por el distrito IX de Puerto Escondido- anunciaron su renuncia para\u2026","rel":"","context":"En &quot;Agenda Pol\u00edtica&quot;","block_context":{"text":"Agenda Pol\u00edtica","link":"https:\/\/redaccionoaxaca.com\/index.php\/category\/agenda-politica\/"},"img":{"alt_text":"","src":"","width":0,"height":0},"classes":[]}],"_links":{"self":[{"href":"https:\/\/redaccionoaxaca.com\/index.php\/wp-json\/wp\/v2\/posts\/24597","targetHints":{"allow":["GET"]}}],"collection":[{"href":"https:\/\/redaccionoaxaca.com\/index.php\/wp-json\/wp\/v2\/posts"}],"about":[{"href":"https:\/\/redaccionoaxaca.com\/index.php\/wp-json\/wp\/v2\/types\/post"}],"author":[{"embeddable":true,"href":"https:\/\/redaccionoaxaca.com\/index.php\/wp-json\/wp\/v2\/users\/9"}],"replies":[{"embeddable":true,"href":"https:\/\/redaccionoaxaca.com\/index.php\/wp-json\/wp\/v2\/comments?post=24597"}],"version-history":[{"count":1,"href":"https:\/\/redaccionoaxaca.com\/index.php\/wp-json\/wp\/v2\/posts\/24597\/revisions"}],"predecessor-version":[{"id":24600,"href":"https:\/\/redaccionoaxaca.com\/index.php\/wp-json\/wp\/v2\/posts\/24597\/revisions\/24600"}],"wp:attachment":[{"href":"https:\/\/redaccionoaxaca.com\/index.php\/wp-json\/wp\/v2\/media?parent=24597"}],"wp:term":[{"taxonomy":"category","embeddable":true,"href":"https:\/\/redaccionoaxaca.com\/index.php\/wp-json\/wp\/v2\/categories?post=24597"},{"taxonomy":"post_tag","embeddable":true,"href":"https:\/\/redaccionoaxaca.com\/index.php\/wp-json\/wp\/v2\/tags?post=24597"}],"curies":[{"name":"wp","href":"https:\/\/api.w.org\/{rel}","templated":true}]}}