{"id":24625,"date":"2022-03-21T19:45:53","date_gmt":"2022-03-22T01:45:53","guid":{"rendered":"https:\/\/redaccionoaxaca.com\/?p=24625"},"modified":"2022-03-21T19:45:53","modified_gmt":"2022-03-22T01:45:53","slug":"ine-emite-medida-cautelar-a-presidencia-le-ordena-retirar-propaganda-por-violar-veda-en-revocacion-de-mandato","status":"publish","type":"post","link":"https:\/\/redaccionoaxaca.com\/index.php\/2022\/03\/21\/ine-emite-medida-cautelar-a-presidencia-le-ordena-retirar-propaganda-por-violar-veda-en-revocacion-de-mandato\/","title":{"rendered":"INE emite medida cautelar a Presidencia; le ordena retirar  propaganda por violar veda en Revocaci\u00f3n de Mandato."},"content":{"rendered":"<p><strong>#Redacci\u00f3nOaxaca<\/strong><\/p>\n<p><strong>#Oaxaca<\/strong><\/p>\n<p><strong>Jaime GUERRERO<\/strong><\/p>\n<p style=\"text-align: justify;\">La Comisi\u00f3n de Quejas y Denuncias del Instituto Nacional Electoral (<strong>#INE<\/strong>) resolvi\u00f3 la solicitud de medidas cautelares, presentada por el Partido Acci\u00f3n Nacional (PAN) en contra del Presidente de M\u00e9xico, Andr\u00e9s Manuel L\u00f3pez Obrador, por la vulneraci\u00f3n al art\u00edculo 134 de la Constituci\u00f3n y a las normas que regulan el proceso de Revocaci\u00f3n de Mandato.<\/p>\n<p style=\"text-align: justify;\">La Comisi\u00f3n dict\u00f3 las medidas cautelares y de tutela preventiva al Presidente por la difusi\u00f3n de propaganda gubernamental en periodo prohibido<\/p>\n<p style=\"text-align: justify;\">La Comisi\u00f3n de Quejas declar\u00f3 procedente las medidas cautelares solicitadas en contra del Presidente de la Rep\u00fablica por la supuesta difusi\u00f3n de propaganda gubernamental en periodo prohibido; es decir, durante el proceso de Revocaci\u00f3n de Mandato.<\/p>\n<p style=\"text-align: justify;\">Se estim\u00f3 que, mediante publicaciones realizadas los d\u00edas 7, 14, 15 y 17 marzo de 2022 en el perfil de Facebook del Gobierno de M\u00e9xico, se difunden s\u00edntesis de las conferencias matutinas en las que se advierten logros y\/o acciones de gobierno relacionadas con el sistema de seguridad, de obra p\u00fablica, est\u00edmulos fiscales e inversiones p\u00fablicas.<\/p>\n<p style=\"text-align: justify;\">Ese propaganda, se considera que encuadran dentro de la categor\u00eda de propaganda gubernamental, lo que, en apariencia del buen derecho, se encuentra prohibido durante el proceso de Revocaci\u00f3n de Mandato.<\/p>\n<p style=\"text-align: justify;\">Asimismo, el \u00f3rgano colegiado del INE, dict\u00f3 la procedencia de la tutela preventiva, para el efecto de ordenar al Presidente de la Rep\u00fablica que se abstenga, bajo cualquier modalidad o formato de comunicaci\u00f3n oficial de realizar o emitir manifestaciones, comentarios, opiniones o se\u00f1alamientos relacionados a logros y actividades de gobierno, que puedan considerarse propaganda gubernamental.<\/p>\n<p style=\"text-align: justify;\">La Comisi\u00f3n de Quejas y Denuncias consider\u00f3, a prop\u00f3sito de este asunto, que el criterio de interpretaci\u00f3n legislativa que se public\u00f3 el pasado 17 de marzo no es aplicable al proceso de Revocaci\u00f3n de Mandato en curso y que inici\u00f3 el 4 de febrero de 2022 con la publicaci\u00f3n de la convocatoria respectiva.<\/p>\n<p style=\"text-align: justify;\">Ello, en concordancia con lo dictado por la Sala Regional Especializada del Tribunal Electoral del Poder Judicial de la Federaci\u00f3n (TEPJF), en sentencia SER-PSC-33\/2022 del pasado 18 de marzo, que estableci\u00f3 que dicho decreto de interpretaci\u00f3n no aplica a los procesos electorales que ya comenzaron, por lo que aun si es vigente dicho decreto el mismo no resulta aplicable en los procesos en curso.<\/p>\n","protected":false},"excerpt":{"rendered":"<p>#Redacci\u00f3nOaxaca #Oaxaca Jaime GUERRERO La Comisi\u00f3n de Quejas y Denuncias del Instituto Nacional Electoral (#INE) resolvi\u00f3 la solicitud de medidas cautelares, presentada por el Partido Acci\u00f3n Nacional (PAN) en contra del Presidente de M\u00e9xico, Andr\u00e9s Manuel L\u00f3pez Obrador, por la vulneraci\u00f3n al art\u00edculo 134 de la Constituci\u00f3n y a las normas que regulan el proceso [&hellip;]<\/p>\n","protected":false},"author":9,"featured_media":0,"comment_status":"open","ping_status":"open","sticky":false,"template":"","format":"standard","meta":{"jetpack_post_was_ever_published":false,"_jetpack_newsletter_access":"","_jetpack_dont_email_post_to_subs":false,"_jetpack_newsletter_tier_id":0,"_jetpack_memberships_contains_paywalled_content":false,"_jetpack_memberships_contains_paid_content":false,"footnotes":"","jetpack_publicize_message":"","jetpack_publicize_feature_enabled":true,"jetpack_social_post_already_shared":true,"jetpack_social_options":{"image_generator_settings":{"template":"highway","default_image_id":0,"font":"","enabled":false},"version":2}},"categories":[4,5,3],"tags":[],"class_list":{"0":"post-24625","1":"post","2":"type-post","3":"status-publish","4":"format-standard","6":"category-agenda-politica","7":"category-imagen","8":"category-mesa-de-redaccion"},"jetpack_publicize_connections":[],"jetpack_featured_media_url":"","jetpack_sharing_enabled":true,"jetpack_shortlink":"https:\/\/wp.me\/p9Ynjw-6pb","jetpack-related-posts":[{"id":24676,"url":"https:\/\/redaccionoaxaca.com\/index.php\/2022\/03\/23\/por-promocion-indebida-ine-ordena-a-amlo-retirar-propaganda-gubernamental-en-inauguracion-de-aifa\/","url_meta":{"origin":24625,"position":0},"title":"Por promoci\u00f3n indebida, INE ordena a AMLO   retirar propaganda gubernamental en inauguraci\u00f3n de AIFA.","author":"ariadna","date":"marzo 23, 2022","format":false,"excerpt":"#Redacci\u00f3nOaxaca #Oaxaca Jaime GUERRERO El Instituto Nacional Electoral (#INE), dict\u00f3 medidas cautelares y tutela preventiva por la probable difusi\u00f3n de propaganda gubernamental en periodo prohibido y orden\u00f3 al Presidente, Andr\u00e9s Manuel L\u00f3pez Obrador, retirar en un plazo de 3 horas, la conferencia de prensa ma\u00f1anera del 21 de marzo en\u2026","rel":"","context":"En &quot;Agenda Pol\u00edtica&quot;","block_context":{"text":"Agenda Pol\u00edtica","link":"https:\/\/redaccionoaxaca.com\/index.php\/category\/agenda-politica\/"},"img":{"alt_text":"","src":"","width":0,"height":0},"classes":[]},{"id":24635,"url":"https:\/\/redaccionoaxaca.com\/index.php\/2022\/03\/22\/en-oaxaca-se-instalaran-1-mil-890-casillas-para-que-3-millones-acudan-opinar-sobre-revocar-mandato-a-amlo\/","url_meta":{"origin":24625,"position":1},"title":"En Oaxaca se instalaran 1 mil 890 casillas para que  3 millones acudan opinar sobre Revocar Mandato a AMLO.","author":"ariadna","date":"marzo 22, 2022","format":false,"excerpt":"#Redacci\u00f3nOaxaca #Oaxaca Jaime GUERRERO Para la consulta de Revocaci\u00f3n de Mandato a la que ser\u00e1 sometido el Presidente, Andr\u00e9s Manuel L\u00f3pez Obrador, en Oaxaca, se instalar\u00e1n 1 mil 890 casillas y podr\u00e1n participar m\u00e1s de 3 millones de ciudadanos oaxaque\u00f1os inscritos en la lista nominal. Para ello, se ha dispuesto\u2026","rel":"","context":"En &quot;Agenda Pol\u00edtica&quot;","block_context":{"text":"Agenda Pol\u00edtica","link":"https:\/\/redaccionoaxaca.com\/index.php\/category\/agenda-politica\/"},"img":{"alt_text":"","src":"","width":0,"height":0},"classes":[]},{"id":31819,"url":"https:\/\/redaccionoaxaca.com\/index.php\/2024\/05\/17\/rechaza-ine-ordenar-retiro-y-suspension-de-conferencias-mananeras-de-gobernador-de-oaxaca\/","url_meta":{"origin":24625,"position":2},"title":"Rechaza INE ordenar retiro y suspensi\u00f3n de conferencias ma\u00f1aneras de Gobernador de Oaxaca","author":"ariadna","date":"mayo 17, 2024","format":false,"excerpt":"#Redacci\u00f3nOaxaca #Oaxaca Jaime GUERRERO La Comisi\u00f3n de Quejas y Denuncias del Instituto Nacional Electoral (INE), determin\u00f3 como improcedente ordenar el retiro y suspendi\u00f3 de las conferencias de prensa ma\u00f1aneras del Gobernador de Oaxaca, Salom\u00f3n Jara Cruz. No obstante, se consider\u00f3 necesario hacer un recordatorio a Jara cruz, en el sentido\u2026","rel":"","context":"Entrada similar ","block_context":{"text":"Entrada similar ","link":""},"img":{"alt_text":"","src":"","width":0,"height":0},"classes":[]},{"id":22960,"url":"https:\/\/redaccionoaxaca.com\/index.php\/2021\/12\/17\/por-ilegalidades-ine-cesa-a-diputado-de-oaxaca-como-auxiliar-de-apoyo-y-le-invalidad-firmas-de-apoyo-para-revocacion-de-mandato-de-amlo\/","url_meta":{"origin":24625,"position":3},"title":"Por ilegalidades, INE cesa a Diputado de Oaxaca como auxiliar de apoyo  y le invalidad firmas de apoyo para Revocaci\u00f3n de Mandato de AMLO.","author":"ariadna","date":"diciembre 17, 2021","format":false,"excerpt":"#Redacci\u00f3nOaxaca #Oaxaca Jaime GUERRERO La Comisi\u00f3n de Quejas y Denuncias del Instituto Nacional Electoral (#INE) resolvi\u00f3 tres medidas cautelares, entre ellas, el cese a la participaci\u00f3n de diputadas, diputados y personas servidoras p\u00fablicas en la recolecci\u00f3n de firmas, ya que, de forma previa a la emisi\u00f3n de la convocatoria respectiva,\u2026","rel":"","context":"En &quot;Agenda Pol\u00edtica&quot;","block_context":{"text":"Agenda Pol\u00edtica","link":"https:\/\/redaccionoaxaca.com\/index.php\/category\/agenda-politica\/"},"img":{"alt_text":"","src":"","width":0,"height":0},"classes":[]},{"id":18792,"url":"https:\/\/redaccionoaxaca.com\/index.php\/2021\/05\/06\/tepjf-confirma-sanciones-vs-concesionarias-que-no-retiraron-promocional-de-morena\/","url_meta":{"origin":24625,"position":4},"title":"TEPJF confirma sanciones vs concesionarias  que no retiraron promocional de Morena","author":"ariadna","date":"mayo 6, 2021","format":false,"excerpt":"#Redacci\u00f3nOaxaca #Oaxaca Jaime GUERRERO Por unanimidad de votos, la Sala Superior del Tribunal Electoral del Poder Judicial de la Federaci\u00f3n (#TEPJF) confirm\u00f3 la resoluci\u00f3n de la Sala Regional Especializada en la que determin\u00f3 sancionar a diversa concesionarias por incumplir con las medidas cautelares ordenadas por la Comisi\u00f3n de Quejas y\u2026","rel":"","context":"En &quot;Agenda Pol\u00edtica&quot;","block_context":{"text":"Agenda Pol\u00edtica","link":"https:\/\/redaccionoaxaca.com\/index.php\/category\/agenda-politica\/"},"img":{"alt_text":"","src":"","width":0,"height":0},"classes":[]},{"id":25556,"url":"https:\/\/redaccionoaxaca.com\/index.php\/2022\/05\/13\/alejandra-garcia-incurre-en-violaciones-a-normatividad-electoral-por-cometer-calumnias-otra-vez-ine-le-vuelve-a-tumbar-spot\/","url_meta":{"origin":24625,"position":5},"title":"Alejandra Garc\u00eda incurre en violaciones a normatividad electoral,  por cometer calumnias otra vez, INE le vuelve a tumbar spot.","author":"ariadna","date":"mayo 13, 2022","format":false,"excerpt":"#Redacci\u00f3nOaxaca #Oaxaca Jaime GUERRERO Debido al desacato, violaciones a la normatividad electoral e incurrir en calumnias, la Comisi\u00f3n de Quejas y Denuncias del Instituto Nacional Electoral (INE) orden\u00f3 nuevamente, retirar un promocional de la candidata de Movimiento Ciudadano (MC), Alejandra Garc\u00eda, porque no deja de calumniar al candidato de Morena\u2026","rel":"","context":"En &quot;Imagen&quot;","block_context":{"text":"Imagen","link":"https:\/\/redaccionoaxaca.com\/index.php\/category\/imagen\/"},"img":{"alt_text":"","src":"","width":0,"height":0},"classes":[]}],"_links":{"self":[{"href":"https:\/\/redaccionoaxaca.com\/index.php\/wp-json\/wp\/v2\/posts\/24625","targetHints":{"allow":["GET"]}}],"collection":[{"href":"https:\/\/redaccionoaxaca.com\/index.php\/wp-json\/wp\/v2\/posts"}],"about":[{"href":"https:\/\/redaccionoaxaca.com\/index.php\/wp-json\/wp\/v2\/types\/post"}],"author":[{"embeddable":true,"href":"https:\/\/redaccionoaxaca.com\/index.php\/wp-json\/wp\/v2\/users\/9"}],"replies":[{"embeddable":true,"href":"https:\/\/redaccionoaxaca.com\/index.php\/wp-json\/wp\/v2\/comments?post=24625"}],"version-history":[{"count":1,"href":"https:\/\/redaccionoaxaca.com\/index.php\/wp-json\/wp\/v2\/posts\/24625\/revisions"}],"predecessor-version":[{"id":24627,"href":"https:\/\/redaccionoaxaca.com\/index.php\/wp-json\/wp\/v2\/posts\/24625\/revisions\/24627"}],"wp:attachment":[{"href":"https:\/\/redaccionoaxaca.com\/index.php\/wp-json\/wp\/v2\/media?parent=24625"}],"wp:term":[{"taxonomy":"category","embeddable":true,"href":"https:\/\/redaccionoaxaca.com\/index.php\/wp-json\/wp\/v2\/categories?post=24625"},{"taxonomy":"post_tag","embeddable":true,"href":"https:\/\/redaccionoaxaca.com\/index.php\/wp-json\/wp\/v2\/tags?post=24625"}],"curies":[{"name":"wp","href":"https:\/\/api.w.org\/{rel}","templated":true}]}}