{"id":24638,"date":"2022-03-22T14:45:57","date_gmt":"2022-03-22T20:45:57","guid":{"rendered":"https:\/\/redaccionoaxaca.com\/?p=24638"},"modified":"2022-03-22T14:45:57","modified_gmt":"2022-03-22T20:45:57","slug":"por-antecedentes-de-violencia-robo-y-quema-de-urnas-preocupa-a-ine-elecciones-extraordinarias-en-municipios-de-oaxaca","status":"publish","type":"post","link":"https:\/\/redaccionoaxaca.com\/index.php\/2022\/03\/22\/por-antecedentes-de-violencia-robo-y-quema-de-urnas-preocupa-a-ine-elecciones-extraordinarias-en-municipios-de-oaxaca\/","title":{"rendered":"Por antecedentes de violencia, robo y quema de urnas,  preocupa a INE elecciones extraordinarias en municipios de Oaxaca."},"content":{"rendered":"<p><strong>#Redacci\u00f3nOaxaca<\/strong><\/p>\n<p><strong>#Oaxaca<\/strong><\/p>\n<p><strong>Jaime GUERRERO<\/strong><\/p>\n<p style=\"text-align: justify;\">Por lo antecedentes de robo y quema de boletas y urnas, al Instituto Nacional Electoral (INE) la preocupan las elecciones extraordinarias que se realizaran el pr\u00f3ximo 27 de marzo en Santa Mar\u00eda Mixtequilla, Reforma de Pineda, Santa Mar\u00eda Xadani, Santiago Laollaga, Chahuites, San Pablo Villa de Mitla y Santa Cruz Xoxocotl\u00e1n, Oaxaca.<\/p>\n<p style=\"text-align: justify;\">Para la elecci\u00f3n de la Gubernatura de Oaxaca del 5 de junio, no ha detectado riesgos para la jornada electoral y para la NO instalaci\u00f3n de 5 mil 706 casillas que ha proyectado instalar ese d\u00eda.<\/p>\n<p style=\"text-align: justify;\">El Consejero Presidente del Instituto Nacional Electoral (INE) en Oaxaca, Edgar Humberto Arias Alba, destac\u00f3 que los riesgos que hay, son atendidos por los cuerpos de seguridad de la federaci\u00f3n, estado y de gobernabilidad.<\/p>\n<p style=\"text-align: justify;\">Po su parte, el INE se enfocan en organizar las elecciones y esa no es su responsabilidad a\u00fan.<\/p>\n<p style=\"text-align: justify;\">Por lo pronto, Arias Alba, confi\u00f3 en los operativos que habr\u00e1 de implementar las autoridades de seguridad p\u00fablica para evitar el robo y quema de casillas.<\/p>\n<p style=\"text-align: justify;\">La primer prueba de fuego es el 27 de marzo, en las elecciones extraordinarias en 7 municipios.<\/p>\n<p style=\"text-align: justify;\">Y es que record\u00f3 que en 5 municipios del Istmo de Tehuantepec, se convulsionaron los comicios ordinarios por hechos de violencia que impidieron la jornada electoral y se hicieran los c\u00f3mputos.<\/p>\n<p style=\"text-align: justify;\">Con esos antecedentes se pidi\u00f3 a las instituciones de seguridad p\u00fablica, activen los protocolos para que la ciudadan\u00eda encuentre la jornada electoral del 27 de marzo, en un clima de paz y tranquilidad.<\/p>\n<p style=\"text-align: justify;\">No obstante, destac\u00f3 que en el trabajo de campo que realizan cada semana en los 7 municipios que van a elecciones extraordinarias no han tenido incidente alguno.<\/p>\n<p style=\"text-align: justify;\">En el caso de Xoxocotl\u00e1n y Mitla, destac\u00f3 que todo ha transcurrido con normalidad, se han realizado en paz las campa\u00f1as, solo en Xoxocotl\u00e1n han existido antecedentes de robo y quema en el 2018.<\/p>\n<p style=\"text-align: justify;\">Pese a ello, el titular del INE, confi\u00f3 que la federaci\u00f3n y el Estado, cumplan con su responsabilidad y garanticen a la ciudadan\u00eda, \u00f3rganos electorales, candidatos y partidos, condiciones de paz y civilidad para una jornada exitosa.<\/p>\n<p style=\"text-align: justify;\">\u201cAun que nos preocupan todos. En Xoxo tambi\u00e9n tuvo antecedentes de robo de paqueter\u00eda al termino de la elecci\u00f3n en 2018 y est\u00e1n ocurrido cosas ah\u00ed. Hay el intenso de incendio del local del IEEPCO y ese tipo de cosas, pese a que las campa\u00f1as ocurrieron sin sobre saltos\u201d, recalc\u00f3.<\/p>\n<p style=\"text-align: justify;\">Y aun cuando se dio en medio de tensi\u00f3n y reproches, destac\u00f3 que las y los candidatos de Xoxocotl\u00e1n, firmaron un pacto de civilidad para generar una jornada en armon\u00eda y reconocimiento de resultados aun cuando no les favorezca.<\/p>\n<p style=\"text-align: justify;\">Por lo pronto, pidi\u00f3 a la ciudadan\u00eda a mantenerse exigente para que se cumpla la palabra empe\u00f1ada de los y las actoras pol\u00edticas.<\/p>\n<p style=\"text-align: justify;\">De la misma forma que, cualquier discurso y llamado en sentido contrario a una jornada pacifica en sentido contrario sea rechazado y se castigue a quienes no cumplan.<\/p>\n<div style=\"width: 696px;\" class=\"wp-video\"><video class=\"wp-video-shortcode\" id=\"video-24638-1\" width=\"696\" height=\"341\" preload=\"metadata\" controls=\"controls\"><source type=\"video\/mp4\" src=\"https:\/\/redaccionoaxaca.com\/wp-content\/uploads\/2022\/03\/VID-20220322-WA0108.mp4?_=1\" \/><a href=\"https:\/\/redaccionoaxaca.com\/wp-content\/uploads\/2022\/03\/VID-20220322-WA0108.mp4\">https:\/\/redaccionoaxaca.com\/wp-content\/uploads\/2022\/03\/VID-20220322-WA0108.mp4<\/a><\/video><\/div>\n<p>&nbsp;<\/p>\n","protected":false},"excerpt":{"rendered":"<p>#Redacci\u00f3nOaxaca #Oaxaca Jaime GUERRERO Por lo antecedentes de robo y quema de boletas y urnas, al Instituto Nacional Electoral (INE) la preocupan las elecciones extraordinarias que se realizaran el pr\u00f3ximo 27 de marzo en Santa Mar\u00eda Mixtequilla, Reforma de Pineda, Santa Mar\u00eda Xadani, Santiago Laollaga, Chahuites, San Pablo Villa de Mitla y Santa Cruz Xoxocotl\u00e1n, [&hellip;]<\/p>\n","protected":false},"author":9,"featured_media":0,"comment_status":"open","ping_status":"open","sticky":false,"template":"","format":"video","meta":{"jetpack_post_was_ever_published":false,"_jetpack_newsletter_access":"","_jetpack_dont_email_post_to_subs":false,"_jetpack_newsletter_tier_id":0,"_jetpack_memberships_contains_paywalled_content":false,"_jetpack_memberships_contains_paid_content":false,"footnotes":"","jetpack_publicize_message":"","jetpack_publicize_feature_enabled":true,"jetpack_social_post_already_shared":true,"jetpack_social_options":{"image_generator_settings":{"template":"highway","default_image_id":0,"font":"","enabled":false},"version":2}},"categories":[4,5,6],"tags":[],"class_list":{"0":"post-24638","1":"post","2":"type-post","3":"status-publish","4":"format-video","6":"category-agenda-politica","7":"category-imagen","8":"category-tendencias","9":"post_format-post-format-video"},"jetpack_publicize_connections":[],"jetpack_featured_media_url":"","jetpack_sharing_enabled":true,"jetpack_shortlink":"https:\/\/wp.me\/p9Ynjw-6po","jetpack-related-posts":[{"id":24673,"url":"https:\/\/redaccionoaxaca.com\/index.php\/2022\/03\/23\/congreso-pide-a-murat-solicitar-intervencion-de-guardia-nacional-para-resguardar-la-seguridad-en-elecciones-extraordinarias-municipales\/","url_meta":{"origin":24638,"position":0},"title":"Congreso pide a Murat solicitar intervenci\u00f3n de Guardia Nacional  para resguardar la seguridad en elecciones extraordinarias municipales.","author":"ariadna","date":"marzo 23, 2022","format":false,"excerpt":"#Redacci\u00f3nOaxaca #Oaxaca Jaime GUERRERO En medio de la crispaci\u00f3n y disputa violenta de actoras y actores pol\u00edticos, la LXV Legislatura, exhorta al titular del Poder Ejecutivo, Alejandro Murat Hinojosa, solicitar la intervenci\u00f3n de la Guardia Nacional para reforzar la seguridad en las elecciones extraordinarias programadas para el 27 de marzo\u2026","rel":"","context":"En &quot;Agenda Pol\u00edtica&quot;","block_context":{"text":"Agenda Pol\u00edtica","link":"https:\/\/redaccionoaxaca.com\/index.php\/category\/agenda-politica\/"},"img":{"alt_text":"","src":"","width":0,"height":0},"classes":[]},{"id":22867,"url":"https:\/\/redaccionoaxaca.com\/index.php\/2021\/12\/09\/elecciones-extraordinarias-en-6-municipios-y-1-diputacion-de-oaxaca-hasta-6-de-marzo-de-2022-acuerdan-ine-ieepco-alistan-comisionados\/","url_meta":{"origin":24638,"position":1},"title":"Elecciones extraordinarias en 6 municipios y 1 diputaci\u00f3n de Oaxaca,  hasta 6 de marzo de 2022, acuerdan INE-IEEPCO; alistan comisionados.","author":"ariadna","date":"diciembre 9, 2021","format":false,"excerpt":"#Redacci\u00f3nOaxaca #Oaxaca Jaime GUERRERO El Instituto Nacional Electoral (#INE) y el Instituto Estatal Electoral y de Participaci\u00f3n Ciudadana de Oaxaca (#IEEPCO), acordaron que la jornada electoral para las elecciones extraordinarias de concejal\u00edas en 6 ayuntamientos y 1 diputaci\u00f3n local vacate -hasta el momento firmes por decretos y sentencias de tribunales-\u2026","rel":"","context":"En &quot;Agenda Pol\u00edtica&quot;","block_context":{"text":"Agenda Pol\u00edtica","link":"https:\/\/redaccionoaxaca.com\/index.php\/category\/agenda-politica\/"},"img":{"alt_text":"","src":"","width":0,"height":0},"classes":[]},{"id":22876,"url":"https:\/\/redaccionoaxaca.com\/index.php\/2021\/12\/10\/video-gobernador-de-oaxaca-alista-designacion-de-comisionados-en-municipios-que-no-tendran-concejalias-electas-el-1-de-enero\/","url_meta":{"origin":24638,"position":2},"title":"VIDEO: Gobernador de Oaxaca alista designaci\u00f3n de comisionados  en municipios que no tendr\u00e1n concejal\u00edas electas el 1 de enero.","author":"ariadna","date":"diciembre 10, 2021","format":"video","excerpt":"#Redacci\u00f3nOaxaca #Oaxaca Jaime GUERRERO El Gobernador del Estado, Alejandro Murat Hinojosa, anunci\u00f3 que alista la designaci\u00f3n de los comisionados para los municipios donde no se celebraron elecci\u00f3n de concejal\u00edas por nulidad de los tribunales electorales y la no celebraci\u00f3n de las elecciones ordinarias el pasado 6 de junio. Y es\u2026","rel":"","context":"En &quot;Agenda Pol\u00edtica&quot;","block_context":{"text":"Agenda Pol\u00edtica","link":"https:\/\/redaccionoaxaca.com\/index.php\/category\/agenda-politica\/"},"img":{"alt_text":"","src":"","width":0,"height":0},"classes":[]},{"id":19540,"url":"https:\/\/redaccionoaxaca.com\/index.php\/2021\/06\/06\/murat-califica-como-incidentes-menores-lo-acontecido-en-la-jornada-electoral-en-oaxaca-fuerzas-de-seguridad-ine-ieepco-actuan\/","url_meta":{"origin":24638,"position":3},"title":"Murat califica como incidentes menores, lo acontecido en la  jornada electoral en Oaxaca; fuerzas de seguridad, INE-IEEPCO, act\u00faan.","author":"ariadna","date":"junio 6, 2021","format":false,"excerpt":"#Redacci\u00f3nOaxaca #Oaxaca Jaime GUERRERO El Gobernador del Estado, Alejandro Murat Hinojosa, calific\u00f3 como incidentes menores, los acontecidos durante la jornada electoral de \u00e9ste 6 de junio. Entrevistado, tras emitir su voto en compa\u00f1\u00eda de su esposa, Ivett Moran, el mandatriop dijo que los su gobierno seguir\u00e1 trabajando para que la\u2026","rel":"","context":"En &quot;Agenda Pol\u00edtica&quot;","block_context":{"text":"Agenda Pol\u00edtica","link":"https:\/\/redaccionoaxaca.com\/index.php\/category\/agenda-politica\/"},"img":{"alt_text":"","src":"","width":0,"height":0},"classes":[]},{"id":19976,"url":"https:\/\/redaccionoaxaca.com\/index.php\/2021\/08\/11\/congreso-faculta-a-ople-a-realizar-elecciones-extraordinarias-en-4-municipios-de-oaxaca-que-suspendieron-comicios-por-violencia\/","url_meta":{"origin":24638,"position":4},"title":"Congreso faculta a OPLE a realizar elecciones extraordinarias en 4 municipios de Oaxaca que suspendieron comicios por violencia","author":"ariadna","date":"agosto 11, 2021","format":false,"excerpt":"#Redacci\u00f3nOaxaca #Oaxaca Jaime GUERRERO La LXIV Legislatura, facult\u00f3 al Instituto Estatal Electoral y de Participaci\u00f3n Ciudadana de Oaxaca (#IEEPCO), para que convoque a elecciones extraordinarias en los municipios de Santa Mar\u00eda Mixtequilla, Reforma de Pineda, Santa Mar\u00eda Xadani y Santiago Laollaga. Por los hechos de violencia que se presentaron el\u2026","rel":"","context":"En &quot;Agenda Pol\u00edtica&quot;","block_context":{"text":"Agenda Pol\u00edtica","link":"https:\/\/redaccionoaxaca.com\/index.php\/category\/agenda-politica\/"},"img":{"alt_text":"","src":"https:\/\/i0.wp.com\/redaccionoaxaca.com\/wp-content\/uploads\/2021\/08\/IMG-20210811-WA0122-300x185.jpg?resize=350%2C200&ssl=1","width":350,"height":200},"classes":[]},{"id":19571,"url":"https:\/\/redaccionoaxaca.com\/index.php\/2021\/06\/06\/cierra-jornada-electoral-con-208-incidentes-en-oaxaca-1-muerto-y-cancelacion-de-elecciones-en-4-municipios\/","url_meta":{"origin":24638,"position":5},"title":"Cierra jornada electoral con 208 incidentes en Oaxaca,  1 muerto y cancelaci\u00f3n de elecciones en 4 municipios.","author":"ariadna","date":"junio 6, 2021","format":false,"excerpt":"#Redacci\u00f3nOaxaca #Oaxaca Jaime GUERRERO Al corte de las 18:05 horas, el Consejo Local del Instituto Nacional Electoral (#INE), report\u00f3 208 incidentes, entre hechos de violencia, casillas no instaladas, suspensi\u00f3n de votaciones, electores votaron sin credencial de elector, as\u00ed como 1 muerto. Inicialmente la mesa de seguridad del gobierno federal y\u2026","rel":"","context":"En &quot;Agenda Pol\u00edtica&quot;","block_context":{"text":"Agenda Pol\u00edtica","link":"https:\/\/redaccionoaxaca.com\/index.php\/category\/agenda-politica\/"},"img":{"alt_text":"","src":"","width":0,"height":0},"classes":[]}],"_links":{"self":[{"href":"https:\/\/redaccionoaxaca.com\/index.php\/wp-json\/wp\/v2\/posts\/24638","targetHints":{"allow":["GET"]}}],"collection":[{"href":"https:\/\/redaccionoaxaca.com\/index.php\/wp-json\/wp\/v2\/posts"}],"about":[{"href":"https:\/\/redaccionoaxaca.com\/index.php\/wp-json\/wp\/v2\/types\/post"}],"author":[{"embeddable":true,"href":"https:\/\/redaccionoaxaca.com\/index.php\/wp-json\/wp\/v2\/users\/9"}],"replies":[{"embeddable":true,"href":"https:\/\/redaccionoaxaca.com\/index.php\/wp-json\/wp\/v2\/comments?post=24638"}],"version-history":[{"count":1,"href":"https:\/\/redaccionoaxaca.com\/index.php\/wp-json\/wp\/v2\/posts\/24638\/revisions"}],"predecessor-version":[{"id":24641,"href":"https:\/\/redaccionoaxaca.com\/index.php\/wp-json\/wp\/v2\/posts\/24638\/revisions\/24641"}],"wp:attachment":[{"href":"https:\/\/redaccionoaxaca.com\/index.php\/wp-json\/wp\/v2\/media?parent=24638"}],"wp:term":[{"taxonomy":"category","embeddable":true,"href":"https:\/\/redaccionoaxaca.com\/index.php\/wp-json\/wp\/v2\/categories?post=24638"},{"taxonomy":"post_tag","embeddable":true,"href":"https:\/\/redaccionoaxaca.com\/index.php\/wp-json\/wp\/v2\/tags?post=24638"}],"curies":[{"name":"wp","href":"https:\/\/api.w.org\/{rel}","templated":true}]}}