{"id":24691,"date":"2022-03-24T18:44:45","date_gmt":"2022-03-25T00:44:45","guid":{"rendered":"https:\/\/redaccionoaxaca.com\/?p=24691"},"modified":"2022-03-24T18:44:45","modified_gmt":"2022-03-25T00:44:45","slug":"teeo-deja-firme-negativa-del-ople-oaxaca-de-dar-registro-de-partido-politico-local-a-fuerza-por-mexico","status":"publish","type":"post","link":"https:\/\/redaccionoaxaca.com\/index.php\/2022\/03\/24\/teeo-deja-firme-negativa-del-ople-oaxaca-de-dar-registro-de-partido-politico-local-a-fuerza-por-mexico\/","title":{"rendered":"TEEO deja firme negativa del OPLE-Oaxaca, de dar   registro de partido pol\u00edtico local a Fuerza por M\u00e9xico."},"content":{"rendered":"<p><strong>#Redacci\u00f3nOaxaca<\/strong><\/p>\n<p><strong>#Oaxaca <\/strong><\/p>\n<p><strong>Jaime GUERRERO<\/strong><\/p>\n<p style=\"text-align: justify;\">El Pleno del Tribunal Electoral del Estado de Oaxaca (<strong>#TEEO<\/strong>) confirm\u00f3 el oficio mediante el cual el Instituto Estatal Electoral y de Participaci\u00f3n Ciudadana de Oaxaca (<strong>#IEEPCO<\/strong>) inform\u00f3 a Fuerza por M\u00e9xico, la negativa de darle registro como partido pol\u00edtico local.<\/p>\n<p style=\"text-align: justify;\">En la sentencia del juicio ciudadano, identificado con la clave: JDC\/26\/2022, que el Instituto Estatal Electoral inform\u00f3 a la dirigente de ese instituto pol\u00edtico, Salome Mart\u00ednez Salazar, de manera clara y precisa, los fundamentos y razonamientos jur\u00eddicos en los cuales bas\u00f3 su determinaci\u00f3n.<\/p>\n<p style=\"text-align: justify;\">El magistrado Wilfrido Raymundo L\u00f3pez V\u00e1zquez, la magistrada en funciones, Lizbeth Jessica Gallardo Mart\u00ednez; y la magistrada Presidenta, Elizabeth Bautista Velasco; votaron en favor<\/p>\n<p style=\"text-align: justify;\">Las y el magistrado resolvieron que son infundados los agravios hechos valer por Mart\u00ednez Salazar, respecto a la supuesta vulneraci\u00f3n a al principio de legalidad por parte del IEEPCO.<\/p>\n<p style=\"text-align: justify;\">La actora asegur\u00f3 que el Instituto Estatal Electoral no fue exhaustivo.<\/p>\n<p style=\"text-align: justify;\">El pasado 11 de enero, Mart\u00ednez Salazar present\u00f3 ante la oficial\u00eda de partes del IEEPCO, un escrito en donde solicit\u00f3 que se otorgara el registro como partido pol\u00edtico local, al cual, el Instituto dio respuesta el 18 de enero siguiente.<\/p>\n<p style=\"text-align: justify;\">El Tribunal advirti\u00f3 que la representaci\u00f3n de Fuerza por M\u00e9xico hizo dos solicitudes anteriores de registro ante el IEEPCO.<\/p>\n<p style=\"text-align: justify;\">Respecto a la primera, el IEEPCO lo declar\u00f3 improcedente mediante el acuerdo: IEEPCO-CG-113\/2021, porque consider\u00f3 que el dictamen INE\/CG1569\/202, por el que resolvi\u00f3 la p\u00e9rdida de registro del otrora partido pol\u00edtico Fuerza por M\u00e9xico, aun no quedaba firme.<\/p>\n<p style=\"text-align: justify;\">El 30 de diciembre de 2021, el Instituto Local Electoral emiti\u00f3 el acuerdo: IEEPCO-CG-120\/2021, por el que declar\u00f3 improcedente la segunda solicitud de la actora, toda vez que a\u00fan no se cumpl\u00eda la condicionante referente a que se hubiera concluido el proceso local extraordinario del Estado de Oaxaca, dejando a salvo sus derechos para solicitar el registro como partido pol\u00edtico local conforme al procedimiento, requisitos y plazos establecidos.<\/p>\n<p style=\"text-align: justify;\">En sus impugnaciones, Mart\u00ednez Salazar, argument\u00f3 que la respuesta otorgada CARECE DE EXHAUSTIVIDAD, se\u00f1alando que adem\u00e1s VIOLA EL PRINCIPIO DE LEGALIDAD, ello porque la fundamentaci\u00f3n y motivaci\u00f3n tiene como prop\u00f3sito que la autoridad justifique su conducta, considerando que no se dieron los argumentos suficientes.<\/p>\n<p style=\"text-align: justify;\">El IEEPCO, argument\u00f3 que dio respuesta de manera completa a los planteamientos esgrimidos por la actora y que se le dieron a conocer de manera clara los preceptos legales aplicables al caso, exponiendo tambi\u00e9n los razonamientos l\u00f3gico-jur\u00eddicos para arribar a su conclusi\u00f3n, por lo que se encontraba debidamente fundado y motivado.<\/p>\n<p style=\"text-align: justify;\">Para el TEEO, el actuar del IEEPCO ha sido apegado a derecho toda vez que los motivos de disenso que se le atribuyen devienen infundados, por lo que se desech\u00f3 la impugnaci\u00f3n de Mart\u00ednez Salazar.<\/p>\n<div style=\"width: 696px;\" class=\"wp-video\"><video class=\"wp-video-shortcode\" id=\"video-24691-1\" width=\"696\" height=\"394\" preload=\"metadata\" controls=\"controls\"><source type=\"video\/mp4\" src=\"https:\/\/redaccionoaxaca.com\/wp-content\/uploads\/2022\/03\/VID-20220324-WA0109.mp4?_=1\" \/><a href=\"https:\/\/redaccionoaxaca.com\/wp-content\/uploads\/2022\/03\/VID-20220324-WA0109.mp4\">https:\/\/redaccionoaxaca.com\/wp-content\/uploads\/2022\/03\/VID-20220324-WA0109.mp4<\/a><\/video><\/div>\n","protected":false},"excerpt":{"rendered":"<p>#Redacci\u00f3nOaxaca #Oaxaca Jaime GUERRERO El Pleno del Tribunal Electoral del Estado de Oaxaca (#TEEO) confirm\u00f3 el oficio mediante el cual el Instituto Estatal Electoral y de Participaci\u00f3n Ciudadana de Oaxaca (#IEEPCO) inform\u00f3 a Fuerza por M\u00e9xico, la negativa de darle registro como partido pol\u00edtico local. En la sentencia del juicio ciudadano, identificado con la clave: [&hellip;]<\/p>\n","protected":false},"author":9,"featured_media":0,"comment_status":"open","ping_status":"open","sticky":false,"template":"","format":"video","meta":{"jetpack_post_was_ever_published":false,"_jetpack_newsletter_access":"","_jetpack_dont_email_post_to_subs":false,"_jetpack_newsletter_tier_id":0,"_jetpack_memberships_contains_paywalled_content":false,"_jetpack_memberships_contains_paid_content":false,"footnotes":"","jetpack_publicize_message":"","jetpack_publicize_feature_enabled":true,"jetpack_social_post_already_shared":true,"jetpack_social_options":{"image_generator_settings":{"template":"highway","default_image_id":0,"font":"","enabled":false},"version":2}},"categories":[4,7],"tags":[],"class_list":{"0":"post-24691","1":"post","2":"type-post","3":"status-publish","4":"format-video","6":"category-agenda-politica","7":"category-al-cierre","8":"post_format-post-format-video"},"jetpack_publicize_connections":[],"jetpack_featured_media_url":"","jetpack_sharing_enabled":true,"jetpack_shortlink":"https:\/\/wp.me\/p9Ynjw-6qf","jetpack-related-posts":[{"id":25910,"url":"https:\/\/redaccionoaxaca.com\/index.php\/2022\/06\/03\/teeo-deja-firme-la-respuesta-negativa-del-ieepco-a-la-solicitud-de-registro-de-partido-politico-estatal-de-fuerza-por-mexico\/","url_meta":{"origin":24691,"position":0},"title":"TEEO deja firme la respuesta negativa del IEEPCO a la solicitud de registro de Partido Pol\u00edtico Estatal de Fuerza Por M\u00e9xico","author":"ariadna","date":"junio 3, 2022","format":false,"excerpt":"#Redacci\u00f3nOaxaca #Oaxaca Jaime GUERRERO Por unanimidad de las y el magistrado del Tribunal Electoral del Estado de Oaxaca (TEEO) confirm\u00f3 el oficio n\u00famero IEEPCO-SE-1004\/2022, mediante el cual la Encargada de Despacho de la Secretar\u00eda Ejecutiva del Instituto Estatal Electoral y de Participaci\u00f3n Ciudadana de Oaxaca (IEEPCO), dio respuesta a la\u2026","rel":"","context":"En &quot;Agenda Pol\u00edtica&quot;","block_context":{"text":"Agenda Pol\u00edtica","link":"https:\/\/redaccionoaxaca.com\/index.php\/category\/agenda-politica\/"},"img":{"alt_text":"","src":"","width":0,"height":0},"classes":[]},{"id":22817,"url":"https:\/\/redaccionoaxaca.com\/index.php\/2021\/12\/07\/ople-negara-registro-como-partido-politico-estatal-a-fuerza-por-mexico-en-oaxaca\/","url_meta":{"origin":24691,"position":1},"title":"OPLE negar\u00e1 registro como Partido Pol\u00edtico Estatal a Fuerza Por M\u00e9xico, en Oaxaca.","author":"ariadna","date":"diciembre 7, 2021","format":false,"excerpt":"#Redacci\u00f3nOaxaca #Oaxaca Jaime GUERRERO De acuerdo al proyecto de acuerdo IEEPCO-CG-113\/2021, relativo a la solicitud de registro como partido pol\u00edtico estatal, presentada por el otrora partido pol\u00edtico nacional Fuerza por M\u00e9xico, se le negar\u00e1 dicha petici\u00f3n. En el pasado proceso electoral federal del 6 de junio, Fuerza por Me\u0301xico, obtuvo\u2026","rel":"","context":"En &quot;Agenda Pol\u00edtica&quot;","block_context":{"text":"Agenda Pol\u00edtica","link":"https:\/\/redaccionoaxaca.com\/index.php\/category\/agenda-politica\/"},"img":{"alt_text":"","src":"","width":0,"height":0},"classes":[]},{"id":31753,"url":"https:\/\/redaccionoaxaca.com\/index.php\/2024\/05\/14\/por-no-renunciar-a-morena-teeo-tumba-candidaturas-de-reeleccion-de-presidente-de-salina-cruz-ahora-por-pt-y-de-san-jacinto-amilpas-del-pvem\/","url_meta":{"origin":24691,"position":2},"title":"Por no renunciar a Morena, TEEO tumba candidaturas de reelecci\u00f3n de Presidente de Salina Cruz ahora por PT y de San Jacinto Amilpas del PVEM","author":"ariadna","date":"mayo 14, 2024","format":false,"excerpt":"#Redacci\u00f3nOaxaca #Oaxaca Jaime GUERRERO Por unanimidad, el pleno del Tribunal Electoral del Estado de Oaxaca (TEEO) tumbo las candidaturas a Presidenta Municipal de San Jacinto Amilpas, de Gabriela Adriana D\u00edaz P\u00e9rez del Partido Verde Ecologista de M\u00e9xico y de Presidente Municipal de Salina Cruz, de Daniel M\u00e9ndez Sosa, postulado por\u2026","rel":"","context":"En &quot;Agenda Pol\u00edtica&quot;","block_context":{"text":"Agenda Pol\u00edtica","link":"https:\/\/redaccionoaxaca.com\/index.php\/category\/agenda-politica\/"},"img":{"alt_text":"","src":"","width":0,"height":0},"classes":[]},{"id":6034,"url":"https:\/\/redaccionoaxaca.com\/index.php\/2019\/03\/29\/sala-xalapa-devuelve-registro-de-partido-politico-estatal-a-nueva-alianza-y-da-vida-a-ese-partido-satelite\/","url_meta":{"origin":24691,"position":3},"title":"SALA XALAPA DEVUELVE REGISTRO DE PARTIDO POL\u00cdTICO ESTATAL A NUEVA ALIANZA Y DA VIDA A ESE PARTIDO \u201cSAT\u00c9LITE\u201d.","author":"jaime","date":"marzo 29, 2019","format":false,"excerpt":"#Redacci\u00f3nOaxaca #Oaxaca Jaime GUERRERO La Sala Regional Xalapa del Tribunal Electoral del Poder Judicial de la Federaci\u00f3n (TEPJF) revoc\u00f3 la sentencia del Tribunal Electoral del Estado de Oaxaca (TEEO), quien hab\u00eda revocado la resoluci\u00f3n 07\/2018 del Consejo General del Instituto Estatal Electoral y de Participaci\u00f3n Ciudadana de Oaxaca (IEEPCO) y\u2026","rel":"","context":"Entrada similar ","block_context":{"text":"Entrada similar ","link":""},"img":{"alt_text":"","src":"","width":0,"height":0},"classes":[]},{"id":31869,"url":"https:\/\/redaccionoaxaca.com\/index.php\/2024\/05\/23\/nepotismo-electoral-en-morena-teeo-le-tumba-candidatura-y-es-sustituida-por-primo-de-candidato-fallido-ieepco-lo-aprueba\/","url_meta":{"origin":24691,"position":4},"title":"Nepotismo electoral en Morena; TEEO le tumba candidatura  y es sustituida por primo de candidato fallido; IEEPCO lo aprueba","author":"ariadna","date":"mayo 23, 2024","format":false,"excerpt":"#Redacci\u00f3nOaxaca #Oaxaca Jaime GUERRERO En cumplimiento a lo sentenciado por el Tribunal Electoral del Estado de Oaxaca (TEEO) el Consejo General del Instituto Estatal Electoral y de Participaci\u00f3n Ciudadana de Oaxaca (IEEPCO), aprob\u00f3 los registros de las candidaturas a diputaci\u00f3n al Distrito 11 con cabecera en Mat\u00edas Romero Avenda\u00f1o de\u2026","rel":"","context":"En &quot;Agenda Pol\u00edtica&quot;","block_context":{"text":"Agenda Pol\u00edtica","link":"https:\/\/redaccionoaxaca.com\/index.php\/category\/agenda-politica\/"},"img":{"alt_text":"","src":"","width":0,"height":0},"classes":[]},{"id":17476,"url":"https:\/\/redaccionoaxaca.com\/index.php\/2021\/03\/12\/video-presidente-municipal-de-taniche-cometio-violencia-politica-vs-regidora-resuelve-teeo-e-instruye-al-congreso-revocarle-mandato\/","url_meta":{"origin":24691,"position":5},"title":"VIDEO: Presidente Municipal de Taniche cometi\u00f3 violencia pol\u00edtica vs  regidora, resuelve TEEO e instruye al Congreso revocarle mandato.","author":"ariadna","date":"marzo 12, 2021","format":"video","excerpt":"#Redacci\u00f3nOaxaca #Oaxaca Jaime GUERRERO El Pleno del Tribunal Electoral del Estado de Oaxaca (#TEEO) acredit\u00f3 la violencia pol\u00edtica en raz\u00f3n de g\u00e9nero ejercida por el Presidente Municipal de Taniche, Ariel Osbaldo Ramos Gonz\u00e1lez, en contra de la Regidora de Hacienda de ese Ayuntamiento, Alejandra Jaqueline Barrag\u00e1n Corres, por someterla a\u2026","rel":"","context":"En &quot;Agenda Pol\u00edtica&quot;","block_context":{"text":"Agenda Pol\u00edtica","link":"https:\/\/redaccionoaxaca.com\/index.php\/category\/agenda-politica\/"},"img":{"alt_text":"","src":"","width":0,"height":0},"classes":[]}],"_links":{"self":[{"href":"https:\/\/redaccionoaxaca.com\/index.php\/wp-json\/wp\/v2\/posts\/24691","targetHints":{"allow":["GET"]}}],"collection":[{"href":"https:\/\/redaccionoaxaca.com\/index.php\/wp-json\/wp\/v2\/posts"}],"about":[{"href":"https:\/\/redaccionoaxaca.com\/index.php\/wp-json\/wp\/v2\/types\/post"}],"author":[{"embeddable":true,"href":"https:\/\/redaccionoaxaca.com\/index.php\/wp-json\/wp\/v2\/users\/9"}],"replies":[{"embeddable":true,"href":"https:\/\/redaccionoaxaca.com\/index.php\/wp-json\/wp\/v2\/comments?post=24691"}],"version-history":[{"count":1,"href":"https:\/\/redaccionoaxaca.com\/index.php\/wp-json\/wp\/v2\/posts\/24691\/revisions"}],"predecessor-version":[{"id":24694,"href":"https:\/\/redaccionoaxaca.com\/index.php\/wp-json\/wp\/v2\/posts\/24691\/revisions\/24694"}],"wp:attachment":[{"href":"https:\/\/redaccionoaxaca.com\/index.php\/wp-json\/wp\/v2\/media?parent=24691"}],"wp:term":[{"taxonomy":"category","embeddable":true,"href":"https:\/\/redaccionoaxaca.com\/index.php\/wp-json\/wp\/v2\/categories?post=24691"},{"taxonomy":"post_tag","embeddable":true,"href":"https:\/\/redaccionoaxaca.com\/index.php\/wp-json\/wp\/v2\/tags?post=24691"}],"curies":[{"name":"wp","href":"https:\/\/api.w.org\/{rel}","templated":true}]}}