{"id":24793,"date":"2022-03-30T18:58:26","date_gmt":"2022-03-31T00:58:26","guid":{"rendered":"https:\/\/redaccionoaxaca.com\/?p=24793"},"modified":"2022-03-30T18:58:26","modified_gmt":"2022-03-31T00:58:26","slug":"la-maestra-ixtepecana-que-bordo-el-traje-de-una-ganadora-de-la-entrega-de-los-oscares-comparte-orgullosa-su-experiencia","status":"publish","type":"post","link":"https:\/\/redaccionoaxaca.com\/index.php\/2022\/03\/30\/la-maestra-ixtepecana-que-bordo-el-traje-de-una-ganadora-de-la-entrega-de-los-oscares-comparte-orgullosa-su-experiencia\/","title":{"rendered":"La Maestra Ixtepecana que bord\u00f3 el traje de una ganadora de la entrega de los Oscares comparte orgullosa su experiencia."},"content":{"rendered":"<p><strong>#Redacci\u00f3nOaxaca<\/strong><\/p>\n<p><strong>#Oaxaca<\/strong><\/p>\n<p style=\"text-align: justify;\"><strong>Maira Ric\u00e1rdez<\/strong><\/p>\n<p>La calle de Guerrero N\u00famero 20 en la 3\u00aa secci\u00f3n de Cd. <strong>#Ixtepec<\/strong>, se convirti\u00f3 de un momento a otro en un referente en toda la demarcaci\u00f3n, Creaciones \u201cRosita\u201d, un taller de costura con al menos 24 a\u00f1os de trayectoria en la regi\u00f3n, se volvi\u00f3 internacionalmente famoso desde el pasado domingo 27 del actual, en que el bordado que la maestra oaxaque\u00f1a Rosa Elvia Enr\u00edquez, trazo en el dise\u00f1o de la dise\u00f1adora internacional Lydia Lav\u00edn estuvo en el evento m\u00e1s importante del cine en el mundo.<\/p>\n<p><img data-recalc-dims=\"1\" loading=\"lazy\" decoding=\"async\" class=\"size-medium wp-image-24794 aligncenter\" src=\"https:\/\/i0.wp.com\/redaccionoaxaca.com\/wp-content\/uploads\/2022\/03\/IMG-20220330-WA0042-240x300.jpg?resize=240%2C300&#038;ssl=1\" alt=\"\" width=\"240\" height=\"300\" \/><\/p>\n<p style=\"text-align: justify;\">La Maestra Enriquez, instructora del Instituto de Capacitaci\u00f3n y Productividad para el Trabajo del Estado de Oaxaca (Icapet) bord\u00f3 el vestido negro con capa que port\u00f3 la talentosa compositora estadounidense Germaine Franco, nominada al premio Oscar en la categor\u00eda de Mejor M\u00fasica Original, de la pel\u00edcula animada \u201cEncanto\u201d, de Disney., la maestra no sab\u00eda en que evento usar\u00edan ese traje, la sorpresa lleg\u00f3 la misma noche del domingo durante la transmisi\u00f3n del evento. 81<\/p>\n<p style=\"text-align: justify;\">El bordado de acuerdo a la misma Germaine Franco, estuvo inspirado en elementos de la pel\u00edcula: el colorido, las flores y las mariposas que simbolizan las tres generaciones de mujeres fuertes, latinas y migrantes, y que rinde homenaje a la comunidad artesanal de M\u00e9xico.<\/p>\n<p><img data-recalc-dims=\"1\" loading=\"lazy\" decoding=\"async\" class=\"size-medium wp-image-24767 aligncenter\" src=\"https:\/\/i0.wp.com\/redaccionoaxaca.com\/wp-content\/uploads\/2022\/03\/IMG-20220330-WA0046-202x300.jpg?resize=202%2C300&#038;ssl=1\" alt=\"\" width=\"202\" height=\"300\" \/><\/p>\n<p style=\"text-align: justify;\">La Maestra Rosa Elvia tiene una trayectoria de al menos 25 a\u00f1os en el bordado Istme\u00f1o a gancho relat\u00f3, adem\u00e1s de trabajar sobre pedidos particulares imparte cursos, en los que adem\u00e1s de ense\u00f1ar, comparte su historia a todas las mujeres participantes; si se puede sacar adelante a una familia a partir del bordado, yo lo hice se\u00f1ala orgullosa, yo logre sacar adelante a mis tres hijas con el bordado, y ahora ellas bordan tambi\u00e9n con lo que el legado del bordado artesanal se perpetua.<\/p>\n<p><img data-recalc-dims=\"1\" loading=\"lazy\" decoding=\"async\" class=\"size-medium wp-image-24768 aligncenter\" src=\"https:\/\/i0.wp.com\/redaccionoaxaca.com\/wp-content\/uploads\/2022\/03\/IMG-20220330-WA0040-180x300.jpg?resize=180%2C300&#038;ssl=1\" alt=\"\" width=\"180\" height=\"300\" \/><\/p>\n","protected":false},"excerpt":{"rendered":"<p>#Redacci\u00f3nOaxaca #Oaxaca Maira Ric\u00e1rdez La calle de Guerrero N\u00famero 20 en la 3\u00aa secci\u00f3n de Cd. #Ixtepec, se convirti\u00f3 de un momento a otro en un referente en toda la demarcaci\u00f3n, Creaciones \u201cRosita\u201d, un taller de costura con al menos 24 a\u00f1os de trayectoria en la regi\u00f3n, se volvi\u00f3 internacionalmente famoso desde el pasado domingo [&hellip;]<\/p>\n","protected":false},"author":9,"featured_media":0,"comment_status":"open","ping_status":"open","sticky":false,"template":"","format":"standard","meta":{"jetpack_post_was_ever_published":false,"_jetpack_newsletter_access":"","_jetpack_dont_email_post_to_subs":false,"_jetpack_newsletter_tier_id":0,"_jetpack_memberships_contains_paywalled_content":false,"_jetpack_memberships_contains_paid_content":false,"footnotes":"","jetpack_publicize_message":"","jetpack_publicize_feature_enabled":true,"jetpack_social_post_already_shared":true,"jetpack_social_options":{"image_generator_settings":{"template":"highway","default_image_id":0,"font":"","enabled":false},"version":2}},"categories":[5,3,6],"tags":[],"class_list":{"0":"post-24793","1":"post","2":"type-post","3":"status-publish","4":"format-standard","6":"category-imagen","7":"category-mesa-de-redaccion","8":"category-tendencias"},"jetpack_publicize_connections":[],"jetpack_featured_media_url":"","jetpack_sharing_enabled":true,"jetpack_shortlink":"https:\/\/wp.me\/p9Ynjw-6rT","jetpack-related-posts":[{"id":38725,"url":"https:\/\/redaccionoaxaca.com\/index.php\/2025\/10\/15\/investigan-feminicidio-en-putla-maestra-fue-asesinada-cerca-de-un-plantel-educativo\/","url_meta":{"origin":24793,"position":0},"title":"Investigan feminicidio en Putla; maestra fue asesin4da cerca de un plantel educativo","author":"ariadna","date":"octubre 15, 2025","format":false,"excerpt":"#Redacci\u00f3nOaxaca #Oaxaca La Fiscal\u00eda General del Estado de Oaxaca (FGEO) inici\u00f3 una carpeta de investigaci\u00f3n con perspectiva de g\u00e9nero tras el asesinato de una mujer en Putla Villa de Guerrero, ocurrido la tarde de este mi\u00e9rcoles 15 de octubre. De acuerdo con los primeros reportes, la v\u00edctima fue identificada como\u2026","rel":"","context":"En &quot;Imagen&quot;","block_context":{"text":"Imagen","link":"https:\/\/redaccionoaxaca.com\/index.php\/category\/imagen\/"},"img":{"alt_text":"","src":"","width":0,"height":0},"classes":[]},{"id":41233,"url":"https:\/\/redaccionoaxaca.com\/index.php\/2026\/03\/30\/detienen-a-mujer-responsable-del-feminicidio-de-la-profesora-mixe-que-fue-sepultada-ayer-en-tlahuitoltepec\/","url_meta":{"origin":24793,"position":1},"title":"Detienen a mujer responsable del feminicidio de la profesora mixe que fue sepultada ayer en Tlahuitoltepec","author":"ariadna","date":"marzo 30, 2026","format":false,"excerpt":"#Redacci\u00f3nOaxaca #Oaxaca #JaimeGUERRERO Un d\u00eda despu\u00e9s de que la comunidad ayuujk despidiera entre l\u00e1grimas a la maestra biling\u00fce Reina Garc\u00eda Gonz\u00e1lez en Santa Mar\u00eda Tlahuitoltepec, la Fiscal\u00eda General del Estado de Oaxaca (FGEO) anunci\u00f3 este lunes la detenci\u00f3n de una mujer identificada con las iniciales A.D.R.L., se\u00f1alada como presunta responsable\u2026","rel":"","context":"En &quot;Agenda Pol\u00edtica&quot;","block_context":{"text":"Agenda Pol\u00edtica","link":"https:\/\/redaccionoaxaca.com\/index.php\/category\/agenda-politica\/"},"img":{"alt_text":"","src":"https:\/\/i0.wp.com\/redaccionoaxaca.com\/wp-content\/uploads\/2026\/03\/InShot_20260330_095145422.jpg?fit=1200%2C744&ssl=1&resize=350%2C200","width":350,"height":200,"srcset":"https:\/\/i0.wp.com\/redaccionoaxaca.com\/wp-content\/uploads\/2026\/03\/InShot_20260330_095145422.jpg?fit=1200%2C744&ssl=1&resize=350%2C200 1x, https:\/\/i0.wp.com\/redaccionoaxaca.com\/wp-content\/uploads\/2026\/03\/InShot_20260330_095145422.jpg?fit=1200%2C744&ssl=1&resize=525%2C300 1.5x, https:\/\/i0.wp.com\/redaccionoaxaca.com\/wp-content\/uploads\/2026\/03\/InShot_20260330_095145422.jpg?fit=1200%2C744&ssl=1&resize=700%2C400 2x, https:\/\/i0.wp.com\/redaccionoaxaca.com\/wp-content\/uploads\/2026\/03\/InShot_20260330_095145422.jpg?fit=1200%2C744&ssl=1&resize=1050%2C600 3x"},"classes":[]},{"id":24149,"url":"https:\/\/redaccionoaxaca.com\/index.php\/2022\/02\/21\/video-suttebceo-rechazan-acusaciones-contra-el-secretario-general-celestino-jimenez-aparicio-senalado-de-amenazar-y-agredir-verbalmente-a-la-titular-belen-morales\/","url_meta":{"origin":24793,"position":2},"title":"VIDEO: SUTTEBCEO, rechazan acusaciones contra el secretario general, Celestino Jim\u00e9nez Aparicio, se\u00f1alado de amenazar y agredir verbalmente a la titular, Bel\u00e9n Morales.","author":"ariadna","date":"febrero 21, 2022","format":"video","excerpt":"#Redacci\u00f3nOaxaca #Oaxaca Ariadna Mendoza Ha estallado un conflicto interno en el Sindicato \u00danico de Trabajadores del Telebachillerato Comunitario del Estado de Oaxaca, en donde existen se\u00f1alamientos contra las mismas autoridades; por un lado la directora de los Bachilleratos Comunitarios de Oaxaca (TEBCEO), Bel\u00e9n Morales Bautista, ha acusado al secretario general,\u2026","rel":"","context":"En &quot;Imagen&quot;","block_context":{"text":"Imagen","link":"https:\/\/redaccionoaxaca.com\/index.php\/category\/imagen\/"},"img":{"alt_text":"","src":"","width":0,"height":0},"classes":[]},{"id":24017,"url":"https:\/\/redaccionoaxaca.com\/index.php\/2022\/02\/14\/video-vandalismo-en-boda-de-elba-esther-gordillo-tiene-que-ver-con-su-relacion-historica-con-el-magisterio-murat-desestima-autoria\/","url_meta":{"origin":24793,"position":3},"title":"VIDEO: Vandalismo en boda de Elba Esther Gordillo, tiene que ver con  su relaci\u00f3n hist\u00f3rica con el magisterio: Murat; desestima autor\u00eda.","author":"ariadna","date":"febrero 14, 2022","format":"video","excerpt":"#Redacci\u00f3nOaxaca #Oaxaca Jaime GUERRERO El Gobernador del Estado, Alejandro Murat Hinojosa, desestim\u00f3 los se\u00f1alamientos de la ex dirigente del Sindicato Nacional de Trabajadores de la Educaci\u00f3n, Elba Esther Gordillo Morales, respecto a que su pap\u00e1 Jos\u00e9 Murat y \u00e9l, estar\u00eda detr\u00e1s de los actos vand\u00e1licos en el recinto cultural y\u2026","rel":"","context":"En &quot;Agenda Pol\u00edtica&quot;","block_context":{"text":"Agenda Pol\u00edtica","link":"https:\/\/redaccionoaxaca.com\/index.php\/category\/agenda-politica\/"},"img":{"alt_text":"","src":"","width":0,"height":0},"classes":[]},{"id":31506,"url":"https:\/\/redaccionoaxaca.com\/index.php\/2024\/05\/01\/elige-congreso-a-alba-osorio-velasco-como-magistrada-del-tribunal-superior-de-justicia-de-oaxaca\/","url_meta":{"origin":24793,"position":4},"title":"Elige Congreso a Alba Osorio Velasco como magistrada del Tribunal Superior de Justicia de Oaxaca","author":"ariadna","date":"mayo 1, 2024","format":false,"excerpt":"#Redacci\u00f3nOaxaca #Oaxaca \u2022 Ser\u00e1 quien ocupe la vacante en la magistratura derivado de la no reelecci\u00f3n de la maestra Sonia Luz Ireta Jim\u00e9nez. San Raymundo Jalpan, Oax. 30 de abril de 2024.- El Pleno de la LXV Legislatura local del H. Congreso del Estado de Oaxaca, design\u00f3 a la ciudadana\u2026","rel":"","context":"En &quot;Agenda Pol\u00edtica&quot;","block_context":{"text":"Agenda Pol\u00edtica","link":"https:\/\/redaccionoaxaca.com\/index.php\/category\/agenda-politica\/"},"img":{"alt_text":"","src":"https:\/\/i0.wp.com\/redaccionoaxaca.com\/wp-content\/uploads\/2024\/05\/FB_IMG_1714573962742-300x225.jpg?resize=350%2C200&ssl=1","width":350,"height":200},"classes":[]},{"id":24418,"url":"https:\/\/redaccionoaxaca.com\/index.php\/2022\/03\/08\/con-cancion-sin-miedo-mujeres-del-viento-florido-y-vivir-quintana-exigen-un-alto-a-la-feminicida-en-oaxaca\/","url_meta":{"origin":24793,"position":5},"title":"Con \u201cCanci\u00f3n sin miedo\u201d, Mujeres del Viento Florido   y Vivir Quintana exigen un alto a la feminicida en Oaxaca.","author":"ariadna","date":"marzo 8, 2022","format":false,"excerpt":"#Redacci\u00f3nOaxaca #Oaxaca Jaime GUERRERO Con arreglos en banda tradicional, letra en mixe y nombres que dan rostro a las v\u00edctimas de feminicidio en Oaxaca, la Banda Femenil Regional Mujeres del Viento Florido y la cantautora Vivir Quintana, a trav\u00e9s de Canci\u00f3n Sin Miedo, exigieron un alto a la violencia feminicida\u2026","rel":"","context":"En &quot;Al Cierre&quot;","block_context":{"text":"Al Cierre","link":"https:\/\/redaccionoaxaca.com\/index.php\/category\/al-cierre\/"},"img":{"alt_text":"","src":"","width":0,"height":0},"classes":[]}],"_links":{"self":[{"href":"https:\/\/redaccionoaxaca.com\/index.php\/wp-json\/wp\/v2\/posts\/24793","targetHints":{"allow":["GET"]}}],"collection":[{"href":"https:\/\/redaccionoaxaca.com\/index.php\/wp-json\/wp\/v2\/posts"}],"about":[{"href":"https:\/\/redaccionoaxaca.com\/index.php\/wp-json\/wp\/v2\/types\/post"}],"author":[{"embeddable":true,"href":"https:\/\/redaccionoaxaca.com\/index.php\/wp-json\/wp\/v2\/users\/9"}],"replies":[{"embeddable":true,"href":"https:\/\/redaccionoaxaca.com\/index.php\/wp-json\/wp\/v2\/comments?post=24793"}],"version-history":[{"count":1,"href":"https:\/\/redaccionoaxaca.com\/index.php\/wp-json\/wp\/v2\/posts\/24793\/revisions"}],"predecessor-version":[{"id":24795,"href":"https:\/\/redaccionoaxaca.com\/index.php\/wp-json\/wp\/v2\/posts\/24793\/revisions\/24795"}],"wp:attachment":[{"href":"https:\/\/redaccionoaxaca.com\/index.php\/wp-json\/wp\/v2\/media?parent=24793"}],"wp:term":[{"taxonomy":"category","embeddable":true,"href":"https:\/\/redaccionoaxaca.com\/index.php\/wp-json\/wp\/v2\/categories?post=24793"},{"taxonomy":"post_tag","embeddable":true,"href":"https:\/\/redaccionoaxaca.com\/index.php\/wp-json\/wp\/v2\/tags?post=24793"}],"curies":[{"name":"wp","href":"https:\/\/api.w.org\/{rel}","templated":true}]}}