{"id":24807,"date":"2022-03-31T08:54:15","date_gmt":"2022-03-31T14:54:15","guid":{"rendered":"https:\/\/redaccionoaxaca.com\/?p=24807"},"modified":"2022-03-31T08:54:15","modified_gmt":"2022-03-31T14:54:15","slug":"video-sala-superior-del-tepjf-deja-firme-a-salomon-jara-como-candidato-a-gubernatura-de-oaxaca-por-morena-partidos-definiran-reglas-claras-en-2028","status":"publish","type":"post","link":"https:\/\/redaccionoaxaca.com\/index.php\/2022\/03\/31\/video-sala-superior-del-tepjf-deja-firme-a-salomon-jara-como-candidato-a-gubernatura-de-oaxaca-por-morena-partidos-definiran-reglas-claras-en-2028\/","title":{"rendered":"VIDEO: Sala Superior del TEPJF deja firme a Salom\u00f3n Jara como candidato a  gubernatura de Oaxaca por Morena; partidos definir\u00e1n reglas claras en 2028."},"content":{"rendered":"<p><strong>#Redacci\u00f3nOaxaca<\/strong><\/p>\n<p><strong>#Oaxaca <\/strong><\/p>\n<p><strong>Jaime GUERRERO<\/strong><\/p>\n<p style=\"text-align: justify;\">Por mayor\u00eda de 5 votos, la Sala Superior del Tribunal Electoral del Poder Judicial de la Federaci\u00f3n (<strong>#TEPJF<\/strong>), confirm\u00f3 el registro de Salom\u00f3n Jara Cruz como precandidato \u00fanico de Morena a la gubernatura de Oaxaca, para el proceso electoral gubernamental.<\/p>\n<p style=\"text-align: justify;\">En la sentencia que se determin\u00f3 que \u201cno ser\u00eda jur\u00eddicamente viable\u201d darle la raz\u00f3n a Susana Harp Iturribarria, para que obtuviera la postulaci\u00f3n, se determin\u00f3 obligar a los partidos pol\u00edticos que, antes del inicio del pr\u00f3ximo procedimiento para elegir gubernaturas en el 2028, establezcan reglas claras para aplicar el criterio de competitividad en la postulaci\u00f3n de candidaturas a ese cargo.<\/p>\n<p style=\"text-align: justify;\">Eso significa que, las mujeres sean postuladas a campa\u00f1as con m\u00e1s posibilidades de resultar ganadoras.<\/p>\n<p style=\"text-align: justify;\">Asimismo, vincul\u00f3 al Instituto Nacional Electoral (INE) verificar que los partidos pol\u00edticos nacionales emitan las disposiciones sobre paridad sustantiva con base en el criterio de competitividad, as\u00ed como vigilar su cumplimiento en la postulaci\u00f3n de candidaturas.<\/p>\n<p style=\"text-align: justify;\">Pese a los votos en contra de la magistrada M\u00f3nica Aral\u00ed Soto Fregoso y del magistrado Jos\u00e9 Luis Vargas Valdez, as\u00ed como con el voto particular parcial en contra del magistrado Indalfer Infante Gonzales, el TEPJF confirm\u00f3 que Morena mantenga la candidatura de Jara Cruz para la gubernatura de Oaxaca, al considerar que s\u00ed cumpli\u00f3 con su obligaci\u00f3n de postular candidaturas con paridad.<\/p>\n<p style=\"text-align: justify;\">As\u00ed, el pleno de la Sala Superior del TEPJF, desestim\u00f3 las impugnaciones de la senadora de la rep\u00fablica, Susana Harp Iturribarr\u00eda.<\/p>\n<p style=\"text-align: justify;\">La mayor\u00eda de las magistraturas confirmaron, en lo que materia de impugnaci\u00f3n, la resoluci\u00f3n controvertida toda vez que s\u00ed se sigui\u00f3 el procedimiento previsto en la Convocatoria y normativa del partido pol\u00edtico.<\/p>\n<p style=\"text-align: justify;\">El proyecto del magistrado Felipe De la Mata Piza\u00f1a, que manten\u00eda la candidatura para no afectar la certeza del proceso.<\/p>\n<p style=\"text-align: justify;\">\u201c<em>En este momento es imposible fijar reglas afirmativas para que la elecci\u00f3n sea s\u00f3lo para mujeres, porque la actora no lo impugn\u00f3 en el momento oportuno y el acuerdo del INE es un acto firme, la elecci\u00f3n est\u00e1 avanzada, ya hay procesos internos y la campa\u00f1a empieza el 3 de abril, exigirle a los partidos cambios cuando cumplieron con las reglas del INE afecta de manera trascendente la contienda\u201d,<\/em> explic\u00f3.<\/p>\n<p style=\"text-align: justify;\">Se\u00f1al\u00f3 que, si bien su proyecto no le da la raz\u00f3n a Susana Harp en este momento, se trata de una sentencia en la que <em>\u201ca partir de aqu\u00ed, los partidos garantizar\u00e1n la paridad y no ser\u00e1n postuladas en candidaturas perdedoras, as\u00ed de claro\u201d.<\/em><\/p>\n<p style=\"text-align: justify;\">De la Mata, sostuvo que \u201c<em>este Tribunal ha sido pionero en paridad, ha demostrado que juzga con perspectiva y este caso es trascendente; por primera vez se ordena a partidos que emitan reglas para garantizar que las mujeres sean postuladas en campa\u00f1as ganadoras\u2026 poco a poco, con decisiones de este pueblo, hoy hay m\u00e1s mujeres gobernadoras\u201d.<\/em><\/p>\n<p style=\"text-align: justify;\">Al fundamentar su voto, el magistrado, Felipe Fuentes de la Barrera, record\u00f3 que el INE confirm\u00f3 en su sesi\u00f3n de Consejo General de esta semana que Morena s\u00ed cumpli\u00f3 con la paridad tal como la propia autoridad electoral lo determin\u00f3, postulando a al menos tres mujeres en las seis candidaturas en las gubernaturas.<\/p>\n<p style=\"text-align: justify;\">\u201c<em>Pretender aplicar el concepto de alternancia s\u00f3lo en Oaxaca y s\u00f3lo para Morena generar\u00eda una afectaci\u00f3n para muchas personas que aspiraban en otras entidades y en donde las precandidaturas ya quedaron firmes. Si es una medida que pretende beneficiar a las mujeres en lo general, hacerlo s\u00f3lo en un caso ser\u00eda una incongruencia\u201d<\/em>, asest\u00f3 contra Harp Iturribarria.<\/p>\n<p style=\"text-align: justify;\">El magistrado Indalfer Infante Gonz\u00e1les apoyo el proyecto de De la Mata Piza\u00f1a, para mantener la candidatura de Jara Cruz, pero en contra de las consideraciones para reabrir la indagatoria por violencia pol\u00edtica de g\u00e9nero, y ordenar a los partidos a que postulen mujeres en las gubernaturas m\u00e1s competitivas, pues consider\u00f3 que \u00e9sta debe ser una orden para los legisladores y no para los partidos.<\/p>\n<p style=\"text-align: justify;\">En contra parte, el magistrado Jos\u00e9 Luis Vargas, que pretend\u00eda ordenarle a Morena revocar la candidatura de Jara y entregarlo a una de las dos mujeres que participaron en el proceso interno, s\u00f3lo tuvo el respaldo de la magistrada M\u00f3nica Soto Fregoso.<\/p>\n<p style=\"text-align: justify;\">Vargas Valdez, acus\u00f3 que el proceso de selecci\u00f3n de candidatura de Morena en Oaxaca \u201ctuvo falta de pulcritud\u201d y hubo simulaci\u00f3n al nombrar a Salom\u00f3n Jara como Coordinador de los Comit\u00e9s de la Defensa de la cuarta transformaci\u00f3n, lo que le permiti\u00f3 posicionarse por encima de las otras aspirantes.<\/p>\n<p style=\"text-align: justify;\">M\u00f3nica Soto respald\u00f3 esta propuesta al dejar claro que no estaba de acuerdo con el proyecto de De la Mata \u201cni jur\u00eddica ni sustantivamente\u201d pues propon\u00eda seguir aplazando la posibilidad de que las mujeres compitan en condiciones de igualdad.<\/p>\n<p style=\"text-align: justify;\">\u201c<em>No encuentro motivo para mandar a otra ocasi\u00f3n la paridad en todo que ya hemos celebrado en otros criterios, m\u00e1xime que no se afecta el principio de certeza. El mandato de mandato de paridad de g\u00e9nero invariablemente resulta aplicable en los procesos de selecci\u00f3n interna de los partidos pol\u00edticos en sus precandidaturas, en este caso en Oaxaca, considero que no resulta admisible postergar la observancia del principio de paridad de g\u00e9nero, al tratarse de un mandato constitucional\u201d.<\/em><\/p>\n<p style=\"text-align: justify;\">La magistrada Janine Ot\u00e1lora critic\u00f3 que el proyecto del magistrado Jos\u00e9 Luis Vargas, en sentido contrario, incluso criticara las encuestas de Morena, cuando \u201c<em>este tema ya fue debatido y qued\u00e9 yo misma en minor\u00eda al justamente haber propuesto que Morena regulara de manera completa c\u00f3mo lleva a cabo estas encuestas para la selecci\u00f3n de sus candidaturas\u201d.<\/em><\/p>\n<p style=\"text-align: justify;\">De la misma forma, cuestion\u00f3 la omisi\u00f3n del Congreso del Estado, para regular la paridad en las candidaturas a la gubernatura, por tanto destac\u00f3 la necesidad de abrir un incidente de cumplimiento de sentencia que vinculaba al Legislativo a regular la paridad sustantiva en la candidaturas a cargos unipersonales.<\/p>\n<p style=\"text-align: justify;\">El magistrado Reyes Rodr\u00edguez Mondrag\u00f3n, destac\u00f3 que Morena s\u00ed cumpli\u00f3 con la paridad tal como se lo orden\u00f3 la autoridad electoral.<\/p>\n<p style=\"text-align: justify;\">\u201c<em>No estoy de acuerdo en el proyecto que obliga a morena a elegir a una mujer entre sus aspirantes del proceso interno, primero porque los acuerdos son firmes, nunca fueron impugnados<\/em>\u201d.Sala Superior del TEPJF deja firme a Salom\u00f3n Jara como candidato a<br \/>\ngubernatura de Oaxaca por Morena; partidos definir\u00e1n reglas claras en 2028.<\/p>\n<div style=\"width: 696px;\" class=\"wp-video\"><video class=\"wp-video-shortcode\" id=\"video-24807-1\" width=\"696\" height=\"381\" preload=\"metadata\" controls=\"controls\"><source type=\"video\/mp4\" src=\"https:\/\/redaccionoaxaca.com\/wp-content\/uploads\/2022\/03\/VID-20220331-WA0009.mp4?_=1\" \/><a href=\"https:\/\/redaccionoaxaca.com\/wp-content\/uploads\/2022\/03\/VID-20220331-WA0009.mp4\">https:\/\/redaccionoaxaca.com\/wp-content\/uploads\/2022\/03\/VID-20220331-WA0009.mp4<\/a><\/video><\/div>\n","protected":false},"excerpt":{"rendered":"<p>#Redacci\u00f3nOaxaca #Oaxaca Jaime GUERRERO Por mayor\u00eda de 5 votos, la Sala Superior del Tribunal Electoral del Poder Judicial de la Federaci\u00f3n (#TEPJF), confirm\u00f3 el registro de Salom\u00f3n Jara Cruz como precandidato \u00fanico de Morena a la gubernatura de Oaxaca, para el proceso electoral gubernamental. En la sentencia que se determin\u00f3 que \u201cno ser\u00eda jur\u00eddicamente viable\u201d [&hellip;]<\/p>\n","protected":false},"author":9,"featured_media":0,"comment_status":"open","ping_status":"open","sticky":false,"template":"","format":"video","meta":{"jetpack_post_was_ever_published":false,"_jetpack_newsletter_access":"","_jetpack_dont_email_post_to_subs":false,"_jetpack_newsletter_tier_id":0,"_jetpack_memberships_contains_paywalled_content":false,"_jetpack_memberships_contains_paid_content":false,"footnotes":"","jetpack_publicize_message":"","jetpack_publicize_feature_enabled":true,"jetpack_social_post_already_shared":true,"jetpack_social_options":{"image_generator_settings":{"template":"highway","default_image_id":0,"font":"","enabled":false},"version":2}},"categories":[4,7,6],"tags":[],"class_list":{"0":"post-24807","1":"post","2":"type-post","3":"status-publish","4":"format-video","6":"category-agenda-politica","7":"category-al-cierre","8":"category-tendencias","9":"post_format-post-format-video"},"jetpack_publicize_connections":[],"jetpack_featured_media_url":"","jetpack_sharing_enabled":true,"jetpack_shortlink":"https:\/\/wp.me\/p9Ynjw-6s7","jetpack-related-posts":[{"id":24067,"url":"https:\/\/redaccionoaxaca.com\/index.php\/2022\/02\/16\/tepjf-ordena-al-teeo-emitir-nueva-sentencia-a-impugnacion-de-susana-harp-por-candidatura-a-gubernatura-de-oaxaca-por-morena\/","url_meta":{"origin":24807,"position":0},"title":"TEPJF ordena al TEEO emitir nueva sentencia a impugnaci\u00f3n de  Susana Harp por candidatura a Gubernatura de Oaxaca por Morena.","author":"ariadna","date":"febrero 16, 2022","format":false,"excerpt":"#Redacci\u00f3nOaxaca #Oaxaca Jaime GUERRERO La Sala Superior del Tribunal Electoral del Poder Judicial de la Federaci\u00f3n (#TEPJF), revoc\u00f3 la sentencia del Tribunal Electoral del Estado de Oaxaca (#TEEO), quien hab\u00eda declarado como inoperantes los agravios de la senadora Susana Harp Iturribarria, cuyo \u00f3rgano jurisdiccional de Oaxaca, confirm\u00f3 la resoluci\u00f3n emitida\u2026","rel":"","context":"En &quot;Agenda Pol\u00edtica&quot;","block_context":{"text":"Agenda Pol\u00edtica","link":"https:\/\/redaccionoaxaca.com\/index.php\/category\/agenda-politica\/"},"img":{"alt_text":"","src":"","width":0,"height":0},"classes":[]},{"id":24787,"url":"https:\/\/redaccionoaxaca.com\/index.php\/2022\/03\/30\/chocan-proyectos-sobre-candidatura-a-gubernatura-de-oaxaca-por-morena-magistrado-propone-dejar-firme-candidatura-a-salomon-jara-otro-propone-mujer-no-necesariamente-susana-harp\/","url_meta":{"origin":24807,"position":1},"title":"Chocan proyectos sobre candidatura a gubernatura de Oaxaca por Morena; magistrado propone dejar firme candidatura a Salomon Jara, otro propone mujer, no necesariamente Susana Harp.","author":"ariadna","date":"marzo 30, 2022","format":false,"excerpt":"#Redacci\u00f3nOaxaca #Oaxaca Jaime GUERRERO A 72 horas del arranque de las campa\u00f1as a la gubernatura, al seno de la Sala Superior del Tribunal Electoral del Poder Judicial de la Federaci\u00f3n, se ha puesto a consideraci\u00f3n de las y los magistrados, dos proyectos de sentencia respecto a la candidatura a la\u2026","rel":"","context":"En &quot;Agenda Pol\u00edtica&quot;","block_context":{"text":"Agenda Pol\u00edtica","link":"https:\/\/redaccionoaxaca.com\/index.php\/category\/agenda-politica\/"},"img":{"alt_text":"","src":"","width":0,"height":0},"classes":[]},{"id":31857,"url":"https:\/\/redaccionoaxaca.com\/index.php\/2024\/05\/21\/por-fraude-a-la-ley-sala-xalapa-del-tepjf-tumba-candidatura-comun-para-reeleccion-de-chente-castellanos-en-xoxocotlan\/","url_meta":{"origin":24807,"position":2},"title":"Por fraude a la ley, Sala Xalapa del TEPJF tumba candidatura com\u00fan para reelecci\u00f3n de Chente Castellanos en Xoxocotl\u00e1n","author":"ariadna","date":"mayo 21, 2024","format":false,"excerpt":"#Redacci\u00f3nOaxaca #Oaxaca Jaime GUERRERO Por registrarse fuera de las plazos establecidos, incurriendo con ello, en fraude a la ley, la Sala Regional Xalapa del Tribunal Electoral del Poder Judicial de la Federaci\u00f3n (TEPJF), tumb\u00f3 la candidatura com\u00fan de Inocente Castellanos Alejos para reelegirse como Presidente Municipal de Santa Cruz Xoxocotl\u00e1n,\u2026","rel":"","context":"En &quot;Agenda Pol\u00edtica&quot;","block_context":{"text":"Agenda Pol\u00edtica","link":"https:\/\/redaccionoaxaca.com\/index.php\/category\/agenda-politica\/"},"img":{"alt_text":"","src":"","width":0,"height":0},"classes":[]},{"id":29773,"url":"https:\/\/redaccionoaxaca.com\/index.php\/2023\/11\/24\/sala-especializada-del-tepjf-determino-que-gobernador-de-oaxaca-y-funcionarios-usaron-recursos-publicos-para-vulnerar-imparcialidad-vs-xochitl-galvez\/","url_meta":{"origin":24807,"position":3},"title":"Sala Especializada del TEPJF determin\u00f3 que Gobernador de Oaxaca, y funcionarios, usaron recursos p\u00fablicos para vulnerar imparcialidad vs X\u00f3chitl G\u00e1lvez","author":"ariadna","date":"noviembre 24, 2023","format":false,"excerpt":"#Redacci\u00f3nOaxaca #Oaxaca Jaime GUERRERO La Sala Especializada del Tribunal Electoral del Poder Judicial de la Federaci\u00f3n (TEPJF), determin\u00f3 que el gobernador de Oaxaca, Salom\u00f3n Jara Cruz, y diversas personas servidoras p\u00fablicas, hicieron uso indebido de recursos p\u00fablicos y vulneraron los principios de imparcialidad, equidad y neutralidad con motivo de la\u2026","rel":"","context":"En &quot;Imagen&quot;","block_context":{"text":"Imagen","link":"https:\/\/redaccionoaxaca.com\/index.php\/category\/imagen\/"},"img":{"alt_text":"","src":"","width":0,"height":0},"classes":[]},{"id":24225,"url":"https:\/\/redaccionoaxaca.com\/index.php\/2022\/02\/24\/no-se-discrimino-a-harp-para-candidatura-a-gubernatura-por-morena-designacion-de-jara-acato-lineamientos-de-paridad-de-ine-teeo\/","url_meta":{"origin":24807,"position":4},"title":"No se discrimin\u00f3 a Harp para candidatura a Gubernatura por  Morena; designaci\u00f3n de Jara acat\u00f3 lineamientos de paridad de INE: TEEO.","author":"ariadna","date":"febrero 24, 2022","format":false,"excerpt":"#Redacci\u00f3nOaxaca #Oaxaca Jaime GUERRERO Por unanimidad las y el magistrado del Tribunal Electoral del Estado de Oaxaca (#TEEO) desecho las impugnaciones en contra de la designaci\u00f3n de Salom\u00f3n Jara Cruz como precandidato a la gubernatura de Oaxaca por el partido Morena, interpuesto por la senadora Susana Harp Iturribarr\u00eda, quien busca\u2026","rel":"","context":"En &quot;Agenda Pol\u00edtica&quot;","block_context":{"text":"Agenda Pol\u00edtica","link":"https:\/\/redaccionoaxaca.com\/index.php\/category\/agenda-politica\/"},"img":{"alt_text":"","src":"","width":0,"height":0},"classes":[]},{"id":30193,"url":"https:\/\/redaccionoaxaca.com\/index.php\/2024\/01\/17\/gobernador-de-oaxaca-vulnero-imparcialidad-equidad-neutralidad-y-uso-indebidamente-recursos-publicos-vs-xochitl-galvez-sala-superior-del-tepjf\/","url_meta":{"origin":24807,"position":5},"title":"Gobernador de Oaxaca vulner\u00f3 imparcialidad, equidad, neutralidad, y uso indebidamente recursos p\u00fablicos vs Xochitl G\u00e1lvez: Sala Superior del TEPJF","author":"ariadna","date":"enero 17, 2024","format":false,"excerpt":"#Redacci\u00f3nOaxaca #Oaxaca Jaime GUERRERO La Sala Superior del Tribunal Electoral del Poder Judicial de la Federaci\u00f3n (TEPJF) confirm\u00f3 que, Gobernador de Oaxaca, Salom\u00f3n Jara Cruz, vulner\u00f3 los principios de imparcialidad, equidad y neutralidad, as\u00ed como uso indebido de recursos p\u00fablicos por las declaraciones que realiz\u00f3 contra X\u00f3chitl G\u00e1lvez Ruiz, Gabriel\u2026","rel":"","context":"En &quot;Agenda Pol\u00edtica&quot;","block_context":{"text":"Agenda Pol\u00edtica","link":"https:\/\/redaccionoaxaca.com\/index.php\/category\/agenda-politica\/"},"img":{"alt_text":"","src":"","width":0,"height":0},"classes":[]}],"_links":{"self":[{"href":"https:\/\/redaccionoaxaca.com\/index.php\/wp-json\/wp\/v2\/posts\/24807","targetHints":{"allow":["GET"]}}],"collection":[{"href":"https:\/\/redaccionoaxaca.com\/index.php\/wp-json\/wp\/v2\/posts"}],"about":[{"href":"https:\/\/redaccionoaxaca.com\/index.php\/wp-json\/wp\/v2\/types\/post"}],"author":[{"embeddable":true,"href":"https:\/\/redaccionoaxaca.com\/index.php\/wp-json\/wp\/v2\/users\/9"}],"replies":[{"embeddable":true,"href":"https:\/\/redaccionoaxaca.com\/index.php\/wp-json\/wp\/v2\/comments?post=24807"}],"version-history":[{"count":1,"href":"https:\/\/redaccionoaxaca.com\/index.php\/wp-json\/wp\/v2\/posts\/24807\/revisions"}],"predecessor-version":[{"id":24810,"href":"https:\/\/redaccionoaxaca.com\/index.php\/wp-json\/wp\/v2\/posts\/24807\/revisions\/24810"}],"wp:attachment":[{"href":"https:\/\/redaccionoaxaca.com\/index.php\/wp-json\/wp\/v2\/media?parent=24807"}],"wp:term":[{"taxonomy":"category","embeddable":true,"href":"https:\/\/redaccionoaxaca.com\/index.php\/wp-json\/wp\/v2\/categories?post=24807"},{"taxonomy":"post_tag","embeddable":true,"href":"https:\/\/redaccionoaxaca.com\/index.php\/wp-json\/wp\/v2\/tags?post=24807"}],"curies":[{"name":"wp","href":"https:\/\/api.w.org\/{rel}","templated":true}]}}