{"id":25329,"date":"2022-04-29T17:24:35","date_gmt":"2022-04-29T22:24:35","guid":{"rendered":"https:\/\/redaccionoaxaca.com\/?p=25329"},"modified":"2022-04-29T17:24:35","modified_gmt":"2022-04-29T22:24:35","slug":"encarecimiento-de-alimentos-basicos-impacta-en-oaxaca-nelly-la-tortilleria-con-el-precio-del-kilo-mas-bajo-en-oaxaca-confirma-incremento-del-maiz-el-papel-la-cal-tuvo-que-subir-a-16-el-kilo","status":"publish","type":"post","link":"https:\/\/redaccionoaxaca.com\/index.php\/2022\/04\/29\/encarecimiento-de-alimentos-basicos-impacta-en-oaxaca-nelly-la-tortilleria-con-el-precio-del-kilo-mas-bajo-en-oaxaca-confirma-incremento-del-maiz-el-papel-la-cal-tuvo-que-subir-a-16-el-kilo\/","title":{"rendered":"Encarecimiento de alimentos b\u00e1sicos impacta en Oaxaca, Nelly, la tortiller\u00eda con el precio del kilo m\u00e1s bajo en Oaxaca confirma incremento del ma\u00edz, el papel, la cal, tuvo que subir a 16 el kilo."},"content":{"rendered":"<p><strong>#Redacci\u00f3nOaxaca<\/strong><\/p>\n<p><strong>#Oaxaca<\/strong><\/p>\n<p><strong>Maira Ric\u00e1rdez <\/strong><\/p>\n<p style=\"text-align: justify;\">Es la voz de don Sergio Mart\u00ednez, propietario de la tortiller\u00eda Nelly, ubicada en la Col. 25 de enero, Sta. Luc\u00eda del Camino, que comparte su experiencia como el tortillero con el precio m\u00e1s bajo en la ciudad de Oaxaca y zona conurbada, 16 pesos el kilogramo de tortilla de ma\u00edz, es su tarifa actual.<\/p>\n<p style=\"text-align: justify;\">Y es que de acuerdo a economistas, en M\u00e9xico cursamos por la inflaci\u00f3n m\u00e1s alta en 21 a\u00f1os, y el aumento de precios del ma\u00edz por la guerra en Ucrania, ha puesto contra las cuerdas a las tortiller\u00edas mexicanas.<\/p>\n<p style=\"text-align: justify;\">Es el incremento del ma\u00edz el que hace que uno est\u00e9 subiendo el kilo de tortilla, coinciden tortilleros, pues es el ma\u00edz la base de este producto que todas las familias mexicanas consumen, al inicio del a\u00f1o el precio era de 14 pesos, luego subi\u00f3 a 15 y la semana pasada fue cuando el ma\u00edz subi\u00f3 m\u00e1s a\u00fan y el kilo lleg\u00f3 en este establecimiento el m\u00e1s barato de la comarca, a 16 pesos.<\/p>\n<p style=\"text-align: justify;\">En M\u00e9xico, los precios de la tortilla de ma\u00edz subieron un 17.42 por ciento anual en la primera quincena de abril, m\u00e1s del doble de la inflaci\u00f3n general de 7.72 por ciento, la tasa m\u00e1s alta de M\u00e9xico en 21 a\u00f1os. La tonelada de ma\u00edz ahora est\u00e1 en 8 mil 900 pesos, cuando a principios de a\u00f1o, antes de la guerra, rondaba los 6 mil 900, la industria tortillera enfrenta tambi\u00e9n hasta el doble de las tarifas de luz por ajustes de la Comisi\u00f3n Federal de Electricidad (CFE) y la p\u00e9rdida de subsidios para la extracci\u00f3n de pozos de agua.<\/p>\n<p style=\"text-align: justify;\">Don Sergio considera que su clientela ha entendido bien la etapa que todos estamos viviendo, la materia prima se ha encarecido, pero \u00e9l no ambiciona m\u00e1s que mantener a flote el negocio, y as\u00ed sigue operado desde hace 25 a\u00f1os, ha subido el ma\u00edz, el papel, la cal; sin embargo, hasta donde pueda mantendr\u00e1 su buen precio, concluy\u00f3.<\/p>\n<p>&nbsp;<\/p>\n","protected":false},"excerpt":{"rendered":"<p>#Redacci\u00f3nOaxaca #Oaxaca Maira Ric\u00e1rdez Es la voz de don Sergio Mart\u00ednez, propietario de la tortiller\u00eda Nelly, ubicada en la Col. 25 de enero, Sta. Luc\u00eda del Camino, que comparte su experiencia como el tortillero con el precio m\u00e1s bajo en la ciudad de Oaxaca y zona conurbada, 16 pesos el kilogramo de tortilla de ma\u00edz, [&hellip;]<\/p>\n","protected":false},"author":9,"featured_media":0,"comment_status":"open","ping_status":"open","sticky":false,"template":"","format":"standard","meta":{"jetpack_post_was_ever_published":false,"_jetpack_newsletter_access":"","_jetpack_dont_email_post_to_subs":false,"_jetpack_newsletter_tier_id":0,"_jetpack_memberships_contains_paywalled_content":false,"_jetpack_memberships_contains_paid_content":false,"footnotes":"","jetpack_publicize_message":"","jetpack_publicize_feature_enabled":true,"jetpack_social_post_already_shared":true,"jetpack_social_options":{"image_generator_settings":{"template":"highway","default_image_id":0,"font":"","enabled":false},"version":2}},"categories":[5,6],"tags":[],"class_list":{"0":"post-25329","1":"post","2":"type-post","3":"status-publish","4":"format-standard","6":"category-imagen","7":"category-tendencias"},"jetpack_publicize_connections":[],"jetpack_featured_media_url":"","jetpack_sharing_enabled":true,"jetpack_shortlink":"https:\/\/wp.me\/p9Ynjw-6Ax","jetpack-related-posts":[{"id":11383,"url":"https:\/\/redaccionoaxaca.com\/index.php\/2020\/03\/24\/en-medio-de-crisis-por-covid19-en-80-pesos-el-cono-de-huevo-y-sube-2-pesos-el-kilo-de-tortilla-en-oaxaca\/","url_meta":{"origin":25329,"position":0},"title":"En medio de crisis por COVID19, en 80 pesos el cono de huevo y sube 2 pesos el kilo de tortilla en Oaxaca.","author":"ariadna","date":"marzo 24, 2020","format":false,"excerpt":"#Redacci\u00f3nOaxaca #Oaxaca\u00a0 Jaime GUERRERO\u00a0 En medio de la crisis sanitaria por el virus del COVID19, este martes 24 de marzo de 2020, el precio del huevo y la tortilla aument\u00f3 de precio, en el caso del producto av\u00edcola lleg\u00f3 a los 80 pesos el cono de 30 piezas y el\u2026","rel":"","context":"Entrada similar ","block_context":{"text":"Entrada similar ","link":""},"img":{"alt_text":"","src":"","width":0,"height":0},"classes":[]},{"id":26310,"url":"https:\/\/redaccionoaxaca.com\/index.php\/2022\/06\/23\/video-con-la-inflacion-asi-se-ven-172-pesos-1-salario-minimo-de-canasta-basica\/","url_meta":{"origin":25329,"position":1},"title":"VIDEO: Con la inflaci\u00f3n, as\u00ed se ven 172 pesos, 1 salario m\u00ednimo de canasta b\u00e1sica","author":"ariadna","date":"junio 23, 2022","format":"video","excerpt":"#Redacci\u00f3nOaxaca #Oaxaca Citlalli L\u00f3pez Vel\u00e1zquez Media pechuga de pollo, dos calabacitas, 2 zanahorias, 2 aguacates, 1 cebolla, 1 kilo de pl\u00e1tano, 1 nectarina, 1 lim\u00f3n y 1 kilo de tortilla de ma\u00edz: as\u00ed es como se ven 172 pesos, es decir un salario m\u00ednimo de canasta b\u00e1sica debido a la\u2026","rel":"","context":"En &quot;Imagen&quot;","block_context":{"text":"Imagen","link":"https:\/\/redaccionoaxaca.com\/index.php\/category\/imagen\/"},"img":{"alt_text":"","src":"","width":0,"height":0},"classes":[]},{"id":11543,"url":"https:\/\/redaccionoaxaca.com\/index.php\/2020\/03\/31\/profeco-inicia-procedimientos-a-15-comercios-de-oaxaca-por-ventas-abusivas-durante-contingencia-por-covid19\/","url_meta":{"origin":25329,"position":2},"title":"Profeco inicia procedimientos a 15 comercios de Oaxaca  por ventas abusivas, durante contingencia por COVID19.","author":"ariadna","date":"marzo 31, 2020","format":false,"excerpt":"#Redacci\u00f3nOaxaca #Oaxaca Jaime GUERRERO Desde el paso 13 de marzo, la Procuradur\u00eda Federal del Consumidor (Profeco), en Oaxaca, implement\u00f3 operativos de verificaci\u00f3n y vigilancia de atenci\u00f3n a denuncias por aumento injustificado de precios, y tras realizar 33 visitas de verificaci\u00f3n, determin\u00f3 iniciar 15 procedimientos por infracciones a la Ley Federal\u2026","rel":"","context":"En &quot;Imagen&quot;","block_context":{"text":"Imagen","link":"https:\/\/redaccionoaxaca.com\/index.php\/category\/imagen\/"},"img":{"alt_text":"","src":"","width":0,"height":0},"classes":[]},{"id":35978,"url":"https:\/\/redaccionoaxaca.com\/index.php\/2025\/03\/06\/congreso-de-oaxaca-aprueba-reforma-constitucional-para-prohibir-el-maiz-transgenico\/","url_meta":{"origin":25329,"position":3},"title":"Congreso de Oaxaca aprueba reforma constitucional para prohibir el ma\u00edz transg\u00e9nico","author":"ariadna","date":"marzo 6, 2025","format":false,"excerpt":"#Redacci\u00f3nOaxaca #Oaxaca Jaime GUERRERO La LXVI Legislatura, aprob\u00f3 con 41 votos a favor la minuta de reforma y adici\u00f3n de diversas disposiciones de los art\u00edculos 4o y 27 de la Constituci\u00f3n Pol\u00edtica de los Estados Unidos Mexicanos en materia de conservaci\u00f3n y protecci\u00f3n de los ma\u00edces nativos. En sesi\u00f3n extraordinaria\u2026","rel":"","context":"En &quot;Agenda Pol\u00edtica&quot;","block_context":{"text":"Agenda Pol\u00edtica","link":"https:\/\/redaccionoaxaca.com\/index.php\/category\/agenda-politica\/"},"img":{"alt_text":"","src":"","width":0,"height":0},"classes":[]},{"id":35955,"url":"https:\/\/redaccionoaxaca.com\/index.php\/2025\/03\/06\/senado-aprueba-reforma-que-prohibe-el-cultivo-de-maiz-transgenico-protege-maices-nativos-y-sus-parientes-silvestres\/","url_meta":{"origin":25329,"position":4},"title":"Senado aprueba reforma que proh\u00edbe el cultivo de ma\u00edz transg\u00e9nico; protege ma\u00edces nativos y sus parientes silvestres","author":"ariadna","date":"marzo 6, 2025","format":false,"excerpt":"#Redacci\u00f3nOaxaca #Oaxaca Jaime GUERRERO La C\u00e1mara de Senadores aprob\u00f3 la reforma a los art\u00edculos 4 y 27 de la Constituci\u00f3n Pol\u00edtica de los Estados Unidos Mexicanos, para conservar y proteger la diversidad de las 59 razas de ma\u00edces nativos. El dictamen fue aprobado con 97 votos a favor y 16\u2026","rel":"","context":"En &quot;Agenda Pol\u00edtica&quot;","block_context":{"text":"Agenda Pol\u00edtica","link":"https:\/\/redaccionoaxaca.com\/index.php\/category\/agenda-politica\/"},"img":{"alt_text":"","src":"","width":0,"height":0},"classes":[]},{"id":2814,"url":"https:\/\/redaccionoaxaca.com\/index.php\/2018\/09\/27\/oaxaquena-promueve-creacion-de-polimero-con-vegetales-para-sustituir-desechables\/","url_meta":{"origin":25329,"position":5},"title":"Oaxaque\u00f1a promueve creaci\u00f3n de pol\u00edmero con vegetales para sustituir desechables","author":"denise","date":"septiembre 27, 2018","format":false,"excerpt":"#Redacci\u00f3nOaxaca Maira Ric\u00e1rdez *Afina la producci\u00f3n mientras alguna dependencia de Gobierno invierte en la 1\u00aa. acci\u00f3n real para frenar la contaminaci\u00f3n en Oaxaca La evidente contaminaci\u00f3n y sus efectos en el planeta han llevado a autoridades municipales a adoptar mecanismos e implementar acciones para frenar la generaci\u00f3n de m\u00e1s basura\u2026","rel":"","context":"En &quot;Tendencias&quot;","block_context":{"text":"Tendencias","link":"https:\/\/redaccionoaxaca.com\/index.php\/category\/tendencias\/"},"img":{"alt_text":"","src":"","width":0,"height":0},"classes":[]}],"_links":{"self":[{"href":"https:\/\/redaccionoaxaca.com\/index.php\/wp-json\/wp\/v2\/posts\/25329","targetHints":{"allow":["GET"]}}],"collection":[{"href":"https:\/\/redaccionoaxaca.com\/index.php\/wp-json\/wp\/v2\/posts"}],"about":[{"href":"https:\/\/redaccionoaxaca.com\/index.php\/wp-json\/wp\/v2\/types\/post"}],"author":[{"embeddable":true,"href":"https:\/\/redaccionoaxaca.com\/index.php\/wp-json\/wp\/v2\/users\/9"}],"replies":[{"embeddable":true,"href":"https:\/\/redaccionoaxaca.com\/index.php\/wp-json\/wp\/v2\/comments?post=25329"}],"version-history":[{"count":1,"href":"https:\/\/redaccionoaxaca.com\/index.php\/wp-json\/wp\/v2\/posts\/25329\/revisions"}],"predecessor-version":[{"id":25331,"href":"https:\/\/redaccionoaxaca.com\/index.php\/wp-json\/wp\/v2\/posts\/25329\/revisions\/25331"}],"wp:attachment":[{"href":"https:\/\/redaccionoaxaca.com\/index.php\/wp-json\/wp\/v2\/media?parent=25329"}],"wp:term":[{"taxonomy":"category","embeddable":true,"href":"https:\/\/redaccionoaxaca.com\/index.php\/wp-json\/wp\/v2\/categories?post=25329"},{"taxonomy":"post_tag","embeddable":true,"href":"https:\/\/redaccionoaxaca.com\/index.php\/wp-json\/wp\/v2\/tags?post=25329"}],"curies":[{"name":"wp","href":"https:\/\/api.w.org\/{rel}","templated":true}]}}