{"id":25332,"date":"2022-04-29T18:46:07","date_gmt":"2022-04-29T23:46:07","guid":{"rendered":"https:\/\/redaccionoaxaca.com\/?p=25332"},"modified":"2022-04-29T18:46:07","modified_gmt":"2022-04-29T23:46:07","slug":"nueva-alianza-oaxaca-no-va-aliado-con-algun-partido-o-candidatura-bersahin-lopez","status":"publish","type":"post","link":"https:\/\/redaccionoaxaca.com\/index.php\/2022\/04\/29\/nueva-alianza-oaxaca-no-va-aliado-con-algun-partido-o-candidatura-bersahin-lopez\/","title":{"rendered":"Nueva Alianza Oaxaca no va aliado con alg\u00fan partido o candidatura: Bersahin L\u00f3pez."},"content":{"rendered":"<p><strong>#Redacci\u00f3nOaxaca<\/strong><\/p>\n<p><strong>#Oaxaca <\/strong><\/p>\n<p><strong>Jaime GUERRERO<\/strong><\/p>\n<p style=\"text-align: justify;\">Bersah\u00edn L\u00f3pez L\u00f3pez, candidato a gobernador por Nueva Alianza Oaxaca, reiter\u00f3 que Nueva Alianza Oaxaca no va en coalici\u00f3n y tampoco declinar\u00e1 por un candidato o candidata, porque hay claridad en los objetivos y porque el pueblo de Oaxaca le ha dado su confianza.<\/p>\n<p style=\"text-align: justify;\">Luego de que el diputado del PT, Noe Doroteo Castillejos, propalara que la candidata del PAN, Natividad Diaz Jim\u00e9nez, es la candidata del Acci\u00f3n Nacional y Nueva Alinza, L\u00f3pez L\u00f3pez, afirm\u00f3 que semana con semana la familia turquesa ha crecido y se consolida para convertirse en la mejor opci\u00f3n para el estado.<\/p>\n<p style=\"text-align: justify;\">&#8220;<em>En el camino que hemos iniciado para gobernar, tenemos clara la responsabilidad que implica ser gobierno, tomar decisiones y cuidar a nuestro pueblo, por ello tengan la plena confianza que no les vamos a fallar<\/em>&#8220;, dijo el candidato.<\/p>\n<p style=\"text-align: justify;\"><em>&#8220;Hemos visitado comunidades que ya no quieren ver a los pol\u00edticos de siempre, por ellos estamos trabajando y por ellos este 5 de junio iremos a las urnas convencidos que \u00a1S\u00ed hay de otra!<\/em>&#8220;, agreg\u00f3.<\/p>\n<p style=\"text-align: justify;\">Desde el inicio de campa\u00f1a, ha recorrido 6 regiones del Estado en las que ha visitado localidades muy alejadas y olvidadas, realizando una campa\u00f1a cercana, humanista y hecha para quienes hist\u00f3ricamente han sido ignorados.<\/p>\n<p style=\"text-align: justify;\"><img data-recalc-dims=\"1\" loading=\"lazy\" decoding=\"async\" class=\"size-medium wp-image-25333 aligncenter\" src=\"https:\/\/i0.wp.com\/redaccionoaxaca.com\/wp-content\/uploads\/2022\/04\/IMG-20220429-WA0102-300x200.jpg?resize=300%2C200&#038;ssl=1\" alt=\"\" width=\"300\" height=\"200\" \/><\/p>\n","protected":false},"excerpt":{"rendered":"<p>#Redacci\u00f3nOaxaca #Oaxaca Jaime GUERRERO Bersah\u00edn L\u00f3pez L\u00f3pez, candidato a gobernador por Nueva Alianza Oaxaca, reiter\u00f3 que Nueva Alianza Oaxaca no va en coalici\u00f3n y tampoco declinar\u00e1 por un candidato o candidata, porque hay claridad en los objetivos y porque el pueblo de Oaxaca le ha dado su confianza. Luego de que el diputado del PT, [&hellip;]<\/p>\n","protected":false},"author":9,"featured_media":0,"comment_status":"open","ping_status":"open","sticky":false,"template":"","format":"standard","meta":{"jetpack_post_was_ever_published":false,"_jetpack_newsletter_access":"","_jetpack_dont_email_post_to_subs":false,"_jetpack_newsletter_tier_id":0,"_jetpack_memberships_contains_paywalled_content":false,"_jetpack_memberships_contains_paid_content":false,"footnotes":"","jetpack_publicize_message":"","jetpack_publicize_feature_enabled":true,"jetpack_social_post_already_shared":true,"jetpack_social_options":{"image_generator_settings":{"template":"highway","default_image_id":0,"font":"","enabled":false},"version":2}},"categories":[4,5],"tags":[],"class_list":{"0":"post-25332","1":"post","2":"type-post","3":"status-publish","4":"format-standard","6":"category-agenda-politica","7":"category-imagen"},"jetpack_publicize_connections":[],"jetpack_featured_media_url":"","jetpack_sharing_enabled":true,"jetpack_shortlink":"https:\/\/wp.me\/p9Ynjw-6AA","jetpack-related-posts":[{"id":25224,"url":"https:\/\/redaccionoaxaca.com\/index.php\/2022\/04\/24\/bersahin-lopez-unico-candidato-que-si-quiso-debatir-por-gubernatura-de-oaxaca\/","url_meta":{"origin":25332,"position":0},"title":"Bersah\u00edn L\u00f3pez, \u00fanico candidato que  s\u00ed quiso debatir por Gubernatura de Oaxaca.","author":"ariadna","date":"abril 24, 2022","format":"video","excerpt":"#Redacci\u00f3nOaxaca #Oaxaca Jaime GUERRERO El candidato a gobernador por Nueva Alianza Oaxaca Bersah\u00edn L\u00f3pez, fue el \u00fanico que se present\u00f3 a debatir ante el Instituto Estatal Electoral y de Participaci\u00f3n Ciudadana de Oaxaca (#IEEPCO). Alrededor de las 6:15 de la tarde, en cadena estatal el IEEPCO, confirm\u00f3 que el candidato\u2026","rel":"","context":"En &quot;Agenda Pol\u00edtica&quot;","block_context":{"text":"Agenda Pol\u00edtica","link":"https:\/\/redaccionoaxaca.com\/index.php\/category\/agenda-politica\/"},"img":{"alt_text":"","src":"","width":0,"height":0},"classes":[]},{"id":25228,"url":"https:\/\/redaccionoaxaca.com\/index.php\/2022\/04\/24\/ieepco-cancela-debate-por-declinacion-de-candidata-de-mc-5-candidatos-habian-anunciado-que-no-acudirian-por-luto-de-jara\/","url_meta":{"origin":25332,"position":1},"title":"IEEPCO cancela debate por declinaci\u00f3n de candidata de MC;  5 candidatos hab\u00edan anunciado que no acudir\u00edan por luto de Jara.","author":"ariadna","date":"abril 24, 2022","format":false,"excerpt":"#Redacci\u00f3nOaxaca #Oaxaca Jaime GUERRERO Debido a que la candidata de Movimiento Ciudadano, Alejandra Garc\u00eda Morl\u00e1n, declin\u00f3 de \u00faltimo minuto, participar en el debate que organiz\u00f3 el Instituto Estatal Electoral y de Participaci\u00f3n Ciudadana de Oaxaca (#IEEPCO), el encuentro fue cancelado. Solo el candidato de Nueva Alianza, Bersah\u00edn L\u00f3pez L\u00f3pez, se\u2026","rel":"","context":"En &quot;Agenda Pol\u00edtica&quot;","block_context":{"text":"Agenda Pol\u00edtica","link":"https:\/\/redaccionoaxaca.com\/index.php\/category\/agenda-politica\/"},"img":{"alt_text":"","src":"","width":0,"height":0},"classes":[]},{"id":25236,"url":"https:\/\/redaccionoaxaca.com\/index.php\/2022\/04\/25\/700-mil-pesos-el-costo-de-los-debates-de-las-candidaturas-a-la-gubernatura-de-oaxaca-se-desconoce-el-costo-para-moderadora\/","url_meta":{"origin":25332,"position":2},"title":"700 mil pesos el costo de los debates de las candidaturas a la gubernatura de Oaxaca; se desconoce el costo para moderadora.","author":"ariadna","date":"abril 25, 2022","format":false,"excerpt":"#Redacci\u00f3nOaxaca #Oaxaca Jaime GUERRERO La Consejera Presidenta del Instituto Estatal Electoral y de Participaci\u00f3n Ciudadana de Oaxaca (#IEEPCO), Elizabeth S\u00e1nchez Gonz\u00e1lez, inform\u00f3 que el presupuesto para la realizaci\u00f3n de los debates de los y las candidatas a la gubernatura de Oaxaca, tuvo un costo de 700 mil pesos. Tras la\u2026","rel":"","context":"En &quot;Agenda Pol\u00edtica&quot;","block_context":{"text":"Agenda Pol\u00edtica","link":"https:\/\/redaccionoaxaca.com\/index.php\/category\/agenda-politica\/"},"img":{"alt_text":"","src":"","width":0,"height":0},"classes":[]},{"id":36147,"url":"https:\/\/redaccionoaxaca.com\/index.php\/2025\/03\/19\/fue-atentado-contra-lider-de-nueva-alianza-oaxaca-dirigencia-con-testimonio-de-afectado-fiscalia-y-ssp-reportan-choque\/","url_meta":{"origin":25332,"position":3},"title":"Fue atentado contra l\u00edder de Nueva Alianza Oaxaca: dirigencia; con testimonio de afectado, Fiscal\u00eda y SSP reportan choque","author":"ariadna","date":"marzo 19, 2025","format":false,"excerpt":"#Redacci\u00f3nOaxaca #Oaxaca Jaime GUERRERO La ma\u00f1ana de este mi\u00e9rcoles, el ex candidato al gobierno de Oaxaca y secretario general del Partido Nueva Alianza, Bersahin L\u00f3pez L\u00f3pez, habr\u00eda sufrido una agresi\u00f3n cuando sal\u00eda de su casa en compa\u00f1\u00eda de su hijo. Por su parte, la fiscal\u00eda de Oaxaca y la Secretar\u00eda\u2026","rel":"","context":"En &quot;Al Cierre&quot;","block_context":{"text":"Al Cierre","link":"https:\/\/redaccionoaxaca.com\/index.php\/category\/al-cierre\/"},"img":{"alt_text":"","src":"","width":0,"height":0},"classes":[]},{"id":25095,"url":"https:\/\/redaccionoaxaca.com\/index.php\/2022\/04\/19\/economia-digna-a-partir-del-trabajo-de-los-mercados-del-estado-propone-nueva-alianza-a-traves-del-partido-nueva-alianza\/","url_meta":{"origin":25332,"position":4},"title":"Econom\u00eda digna a partir del trabajo de los mercados del Estado, propone nueva alianza a trav\u00e9s del Partido Nueva Alianza.","author":"ariadna","date":"abril 19, 2022","format":"video","excerpt":"#Redacci\u00f3nOaxaca #Oaxaca Maira Ric\u00e1rdez Con la intenci\u00f3n de salir del discurso com\u00fan de los y las candidatas, y generar consensos y empat\u00eda con los diversos segmentos de la poblaci\u00f3n, el candidato del Partido Nueva Alianza al gobierno del estado de Oaxaca Bersah\u00edn L\u00f3pez, se present\u00f3 al mercado 20 de noviembre.\u2026","rel":"","context":"En &quot;Agenda Pol\u00edtica&quot;","block_context":{"text":"Agenda Pol\u00edtica","link":"https:\/\/redaccionoaxaca.com\/index.php\/category\/agenda-politica\/"},"img":{"alt_text":"","src":"","width":0,"height":0},"classes":[]},{"id":24448,"url":"https:\/\/redaccionoaxaca.com\/index.php\/2022\/03\/09\/nueva-alianza-de-elba-esther-gordillo-vende-caro-su-amor-y-amaga-con-ir-solo-por-gubernatura-de-oaxaca\/","url_meta":{"origin":25332,"position":5},"title":"Nueva Alianza de Elba Esther Gordillo, vende caro  su amor y amaga con ir solo por Gubernatura de Oaxaca.","author":"ariadna","date":"marzo 9, 2022","format":false,"excerpt":"#Redacci\u00f3nOaxaca #Oaxaca Jaime GUERRERO Partido Nueva Alianza de Oaxaca, vende caro su amor en la elecci\u00f3n a la gubernatura porque mientras en las elecciones extraordinarias que se celebrar\u00e1n el pr\u00f3ximo 27 de marzo, estableci\u00f3 candidaturas comunes en 2 municipios: Mitla y Santa Cruz Xoxocotl\u00e1n, en la del 5 de junio\u2026","rel":"","context":"En &quot;Agenda Pol\u00edtica&quot;","block_context":{"text":"Agenda Pol\u00edtica","link":"https:\/\/redaccionoaxaca.com\/index.php\/category\/agenda-politica\/"},"img":{"alt_text":"","src":"","width":0,"height":0},"classes":[]}],"_links":{"self":[{"href":"https:\/\/redaccionoaxaca.com\/index.php\/wp-json\/wp\/v2\/posts\/25332","targetHints":{"allow":["GET"]}}],"collection":[{"href":"https:\/\/redaccionoaxaca.com\/index.php\/wp-json\/wp\/v2\/posts"}],"about":[{"href":"https:\/\/redaccionoaxaca.com\/index.php\/wp-json\/wp\/v2\/types\/post"}],"author":[{"embeddable":true,"href":"https:\/\/redaccionoaxaca.com\/index.php\/wp-json\/wp\/v2\/users\/9"}],"replies":[{"embeddable":true,"href":"https:\/\/redaccionoaxaca.com\/index.php\/wp-json\/wp\/v2\/comments?post=25332"}],"version-history":[{"count":1,"href":"https:\/\/redaccionoaxaca.com\/index.php\/wp-json\/wp\/v2\/posts\/25332\/revisions"}],"predecessor-version":[{"id":25334,"href":"https:\/\/redaccionoaxaca.com\/index.php\/wp-json\/wp\/v2\/posts\/25332\/revisions\/25334"}],"wp:attachment":[{"href":"https:\/\/redaccionoaxaca.com\/index.php\/wp-json\/wp\/v2\/media?parent=25332"}],"wp:term":[{"taxonomy":"category","embeddable":true,"href":"https:\/\/redaccionoaxaca.com\/index.php\/wp-json\/wp\/v2\/categories?post=25332"},{"taxonomy":"post_tag","embeddable":true,"href":"https:\/\/redaccionoaxaca.com\/index.php\/wp-json\/wp\/v2\/tags?post=25332"}],"curies":[{"name":"wp","href":"https:\/\/api.w.org\/{rel}","templated":true}]}}