{"id":25430,"date":"2022-05-05T07:33:21","date_gmt":"2022-05-05T12:33:21","guid":{"rendered":"https:\/\/redaccionoaxaca.com\/?p=25430"},"modified":"2022-05-05T07:33:21","modified_gmt":"2022-05-05T12:33:21","slug":"con-discursos-y-promesas-mas-que-propuestas-en-debate-ciudadano-convocado-por-coparmex-oaxaca","status":"publish","type":"post","link":"https:\/\/redaccionoaxaca.com\/index.php\/2022\/05\/05\/con-discursos-y-promesas-mas-que-propuestas-en-debate-ciudadano-convocado-por-coparmex-oaxaca\/","title":{"rendered":"Con discursos y promesas m\u00e1s que propuestas, en debate ciudadano convocado por Coparmex Oaxaca."},"content":{"rendered":"<p><strong>#Redacci\u00f3nOaxaca<\/strong><\/p>\n<p><strong>#Oaxaca<\/strong><\/p>\n<p style=\"text-align: justify;\"><strong>Citlalli L\u00f3pez Vel\u00e1zquez<\/strong><\/p>\n<p>Con discursos y promesas m\u00e1s que propuestas, as\u00ed como ataques a los candidatos ausentes, participaron este mi\u00e9rcoles cinco de las siete personas contendientes a la gubernatura de Oaxaca en debate ciudadano convocado por la Confederaci\u00f3n Patronal de la Rep\u00fablica Mexicana (Coparmex) y la Red Local Ciudadana, integrada por 16 organismos y empresarios de la sociedad civil organizada.<\/p>\n<p style=\"text-align: justify;\">A la cita asistieron Antonia Natividad D\u00edaz del Partido Acci\u00f3n Nacional (PAN), Bersa\u00edn L\u00f3pez del Partido Nueva Alianza (Panal), Alejandra Garc\u00eda Morl\u00e1n de Movimiento Ciudadano (MC), as\u00ed como los candidatos independientes Mauricio Cruz y Jes\u00fas Rodr\u00edguez.<\/p>\n<p style=\"text-align: justify;\">Salom\u00f3n Jara Cruz de la alianza Juntos Haremos Historia encabezada por Movimiento de Regeneraci\u00f3n Nacional (Morena), as\u00ed como Alejandro Avil\u00e9s \u00c1lvarez candidato com\u00fan a Gobernador del Estado, postulado por el Partido Revolucionario Institucional (PRI) y de la Revoluci\u00f3n Democr\u00e1tica (PRD), no se presentaron, hecho que fue lamentado por la Universidad An\u00e1huac de Oaxaca (UAO) y Coparmex al considerar que agraviaron el derecho de la ciudadan\u00eda a escuchar las propuestas para tomar una decisi\u00f3n informadas en las urnas.<\/p>\n<p style=\"text-align: justify;\">La inasistencia de los candidatos calificados como soberbios por sus contrincantes adem\u00e1s fue aprovechada por las y los pol\u00edticos asistentes para acusarlos en cada intervenci\u00f3n de corruptos y \u201cpoliticuches\u201d.<\/p>\n<p style=\"text-align: justify;\">El panel de ciudadanos y de ciudadanas, as\u00ed como el de l\u00edderesas y l\u00edder de opini\u00f3n, fue implacable en las preguntas relacionadas con inseguridad, desarrollo econ\u00f3mico, combate a la pobreza, as\u00ed como a la informalidad. Las interpelaciones de las especialistas Eunice Rend\u00f3n y Viridiana R\u00edos, en m\u00e1s de una ocasi\u00f3n los hicieron titubear en sus respuestas.<\/p>\n<p style=\"text-align: justify;\">As\u00ed, uno de los momentos m\u00e1s pol\u00e9micos fue la propuesta de Jes\u00fas L\u00f3pez Rodr\u00edguez sobre el combate a los feminicidios en la que propuso pena de muerte a quienes incurran en este delito, bajo argumento de que era una solicitud de las mujeres en las localidades. Su respuesta fue contrapuesta por las especialistas quienes aseguraron que no existe ninguna estad\u00edstica ni una evidencia que demuestre que la pena de muerte es una soluci\u00f3n en un pa\u00eds con alto grado de injusticia, impunidad y corrupci\u00f3n.<\/p>\n<p style=\"text-align: justify;\">En sus intervenciones la candidata Alejandra Garc\u00eda Morl\u00e1n fue insistente en que la soluci\u00f3n a los males que aquejan a la entidad est\u00e1 directamente relacionado con quitar a los gobernantes de siempre a quienes calific\u00f3 como politicuches. Una de sus propuestas m\u00e1s concretas fue la creaci\u00f3n de cr\u00e9ditos semilla para emprendedores y el desarrollo de vocaciones productivas, sin ahondar m\u00e1s en la propuesta.<\/p>\n<p style=\"text-align: justify;\">Bersah\u00edn L\u00f3pez L\u00f3pez plante\u00f3 la creaci\u00f3n del combate a la corrupci\u00f3n con un gobierno humanista y biling\u00fce, pol\u00edticas p\u00fablicas que generen empleo para las mujeres y la evaluaci\u00f3n de las pol\u00edticas de gobierno y fiscalizaci\u00f3n por parte de la misma ciudadan\u00eda.<\/p>\n<p style=\"text-align: justify;\">Adem\u00e1s de la creaci\u00f3n de una Red de movilidad estatal y un plan integral para que los caminos rurales y cosecheros, sin dar mayores detalles.<\/p>\n<p style=\"text-align: justify;\">Mauricio Cruz candidato ind\u00edgena independiente centr\u00f3 sus propuestas indic\u00f3 que el combate a la corrupci\u00f3n requiere de la aplicaci\u00f3n de la ley, as\u00ed como evitar que los delincuentes se vuelvan pol\u00edticos y los pol\u00edticos delincuentes.<\/p>\n<p style=\"text-align: justify;\">De su lado Natividad D\u00edaz indic\u00f3 que dentro de su equipo de trabajo en el gobierno estar\u00e1n integrados los j\u00f3venes en donde la experiencia laboral no ser\u00e1 un obst\u00e1culo. \u201c<em>No ser\u00e1 recomendados ni por compadrazgos\u201d.<\/em><\/p>\n","protected":false},"excerpt":{"rendered":"<p>#Redacci\u00f3nOaxaca #Oaxaca Citlalli L\u00f3pez Vel\u00e1zquez Con discursos y promesas m\u00e1s que propuestas, as\u00ed como ataques a los candidatos ausentes, participaron este mi\u00e9rcoles cinco de las siete personas contendientes a la gubernatura de Oaxaca en debate ciudadano convocado por la Confederaci\u00f3n Patronal de la Rep\u00fablica Mexicana (Coparmex) y la Red Local Ciudadana, integrada por 16 organismos [&hellip;]<\/p>\n","protected":false},"author":9,"featured_media":0,"comment_status":"open","ping_status":"open","sticky":false,"template":"","format":"standard","meta":{"jetpack_post_was_ever_published":false,"_jetpack_newsletter_access":"","_jetpack_dont_email_post_to_subs":false,"_jetpack_newsletter_tier_id":0,"_jetpack_memberships_contains_paywalled_content":false,"_jetpack_memberships_contains_paid_content":false,"footnotes":"","jetpack_publicize_message":"","jetpack_publicize_feature_enabled":true,"jetpack_social_post_already_shared":true,"jetpack_social_options":{"image_generator_settings":{"template":"highway","default_image_id":0,"font":"","enabled":false},"version":2}},"categories":[4,5,6],"tags":[],"class_list":{"0":"post-25430","1":"post","2":"type-post","3":"status-publish","4":"format-standard","6":"category-agenda-politica","7":"category-imagen","8":"category-tendencias"},"jetpack_publicize_connections":[],"jetpack_featured_media_url":"","jetpack_sharing_enabled":true,"jetpack_shortlink":"https:\/\/wp.me\/p9Ynjw-6Ca","jetpack-related-posts":[{"id":25438,"url":"https:\/\/redaccionoaxaca.com\/index.php\/2022\/05\/05\/entre-reproches-aspirantes-a-gobernar-oaxaca-hacen-promesas-atacan-a-salomon-y-a-triple-a\/","url_meta":{"origin":25430,"position":0},"title":"Entre reproches, aspirantes a Gobernar Oaxaca hacen promesas; atacan a Salom\u00f3n y a \u201cTriple A\u201d.","author":"ariadna","date":"mayo 5, 2022","format":false,"excerpt":"#Redacci\u00f3nOaxaca #Oaxaca Jaime GUERRERO Con discursos y promesas, as\u00ed como ataques a los candidatos ausentes, 5 de 7 candidaturas a gobernar Oaxaca, participaron en el debate ciudadano convocado por la Confederaci\u00f3n Patronal de la Rep\u00fablica Mexicana (Coparmex) y la Red Local Ciudadana, integrada por 16 organismos y empresarios de la\u2026","rel":"","context":"En &quot;Agenda Pol\u00edtica&quot;","block_context":{"text":"Agenda Pol\u00edtica","link":"https:\/\/redaccionoaxaca.com\/index.php\/category\/agenda-politica\/"},"img":{"alt_text":"","src":"","width":0,"height":0},"classes":[]},{"id":25407,"url":"https:\/\/redaccionoaxaca.com\/index.php\/2022\/05\/04\/a-convocatoria-de-coparmex-hoy-debaten-5-de-7-candidaturas-a-la-gubernatura-de-oaxaca-salomon-y-el-triple-a-ausentes\/","url_meta":{"origin":25430,"position":1},"title":"A convocatoria de Coparmex hoy debaten 5 de 7 candidaturas a la gubernatura de Oaxaca; Salomon y \u201cEl Triple A\u201d ausentes.","author":"ariadna","date":"mayo 4, 2022","format":false,"excerpt":"#Redacci\u00f3nOaxaca #Oaxaca Jaime GUERRERO Con s\u00f3lo 5 de las 7 personas que buscan la gubernatura de Oaxaca, se llevar\u00eda a cabo este d\u00eda el debate ciudadano convocado por la Confederaci\u00f3n Patronal de la Rep\u00fablica Mexicana (#Coparmex) y la Red Local Ciudadana, conformada por organismos y empresarios de la sociedad civil\u2026","rel":"","context":"En &quot;Agenda Pol\u00edtica&quot;","block_context":{"text":"Agenda Pol\u00edtica","link":"https:\/\/redaccionoaxaca.com\/index.php\/category\/agenda-politica\/"},"img":{"alt_text":"","src":"","width":0,"height":0},"classes":[]},{"id":22185,"url":"https:\/\/redaccionoaxaca.com\/index.php\/2021\/11\/09\/movimiento-ciudadano-alista-plataforma-electoral-para-atender-necesidades-de-la-ciudadania-de-cara-al-proceso-electoral-2022\/","url_meta":{"origin":25430,"position":2},"title":"Movimiento Ciudadano alista plataforma electoral para atender necesidades de la ciudadan\u00eda, de cara al proceso electoral 2022.","author":"ariadna","date":"noviembre 9, 2021","format":"video","excerpt":"#Redacci\u00f3nOaxaca #Oaxaca Ariadna Mendoza Este d\u00eda militantes del partido Movimiento Ciudadano (#MC) presentaron a los integrantes de la nueva Comisi\u00f3n Operativa Estatal de este instituto pol\u00edtico, el cual estar\u00e1 encabezada por Alberto Sosa Hern\u00e1ndez. En conferencia de prensa indicaron que dicha comisi\u00f3n cuenta con los mejores perfiles ciudadanos, con trayectoria\u2026","rel":"","context":"En &quot;Agenda Pol\u00edtica&quot;","block_context":{"text":"Agenda Pol\u00edtica","link":"https:\/\/redaccionoaxaca.com\/index.php\/category\/agenda-politica\/"},"img":{"alt_text":"","src":"","width":0,"height":0},"classes":[]},{"id":22154,"url":"https:\/\/redaccionoaxaca.com\/index.php\/2021\/11\/08\/prd-llama-al-pan-pup-pt-mc-y-panal-a-coalicion-por-gubernatura-de-oaxaca-de-paso-invita-a-salomon-y-susana-como-candidatos\/","url_meta":{"origin":25430,"position":3},"title":"PRD llama al PAN, PUP, PT, MC y Panal a coalici\u00f3n por gubernatura  de Oaxaca; de paso invita a Salom\u00f3n y Susana como candidatos.","author":"ariadna","date":"noviembre 8, 2021","format":"video","excerpt":"#Redacci\u00f3nOaxaca #Oaxaca Jaime GUERRERO Para la elecci\u00f3n de la gubernatura de Oaxaca, el Presidente del Partido de la Revoluci\u00f3n Democr\u00e1tica (#PRD), Tom\u00e1s Basald\u00fa Guti\u00e9rrez, propuso una alianza no solo con el PAN, invit\u00f3 al Partido Unidad Popular (#PUP), del Trabajo (#PT), Movimiento Ciudadano (#MC) y con Nueva Alianza. De paso\u2026","rel":"","context":"En &quot;Agenda Pol\u00edtica&quot;","block_context":{"text":"Agenda Pol\u00edtica","link":"https:\/\/redaccionoaxaca.com\/index.php\/category\/agenda-politica\/"},"img":{"alt_text":"","src":"","width":0,"height":0},"classes":[]},{"id":25282,"url":"https:\/\/redaccionoaxaca.com\/index.php\/2022\/04\/27\/ieepco-declara-improcedente-reprogramar-debate-al-que-se-rehusaron-6-candidaturas-a-la-gubernatura-8-costarian-3-mdp\/","url_meta":{"origin":25430,"position":4},"title":"IEEPCO declara improcedente reprogramar debate al que se  rehusaron 6 candidaturas a la Gubernatura; 8 costar\u00edan 3 mdp.","author":"ariadna","date":"abril 27, 2022","format":false,"excerpt":"#Redacci\u00f3nOaxaca #Oaxaca Jaime GUERRERO Si la organizaci\u00f3n de 2 debates entre las y los candidatos a la gubernatura de Oaxaca, cost\u00f3 m\u00e1s de 700 mil pesos -uno cancelado por la declinaci\u00f3n de 6 de 7 candidaturas- 8 debates que reclamaron la candidata de MC, Alejandra Garc\u00eda y de Nueva Alianza,\u2026","rel":"","context":"En &quot;Agenda Pol\u00edtica&quot;","block_context":{"text":"Agenda Pol\u00edtica","link":"https:\/\/redaccionoaxaca.com\/index.php\/category\/agenda-politica\/"},"img":{"alt_text":"","src":"","width":0,"height":0},"classes":[]},{"id":26065,"url":"https:\/\/redaccionoaxaca.com\/index.php\/2022\/06\/10\/morena-1a-fuerza-politica-en-oaxaca-pri-2o-pt-3a-pan-4a-mc-5a-pup-6a-pvem-y-prd-al-sotano-nueva-alianza-desaparece\/","url_meta":{"origin":25430,"position":5},"title":"Morena 1\u00aa fuerza pol\u00edtica en Oaxaca; PRI 2\u00ba, PT 3\u00aa, PAN 4\u00aa,   MC 5\u00aa, PUP 6\u00aa, PVEM y PRD al s\u00f3tano; Nueva Alianza desaparece","author":"ariadna","date":"junio 10, 2022","format":false,"excerpt":"#Redacci\u00f3nOaxaca #Oaxaca Jaime GUERRERO Culminado el computo general distrital de la elecci\u00f3n de gubernatura del pasado 5 de junio, el Partido Movimiento de Regeneraci\u00f3n Nacional (Morena), adem\u00e1s de ganar la elecci\u00f3n con Salom\u00f3n Jara Cruz, se afianza como la primera fuerza pol\u00edtica en Oaxaca; mientras que en el otro extremo,\u2026","rel":"","context":"En &quot;Agenda Pol\u00edtica&quot;","block_context":{"text":"Agenda Pol\u00edtica","link":"https:\/\/redaccionoaxaca.com\/index.php\/category\/agenda-politica\/"},"img":{"alt_text":"","src":"","width":0,"height":0},"classes":[]}],"_links":{"self":[{"href":"https:\/\/redaccionoaxaca.com\/index.php\/wp-json\/wp\/v2\/posts\/25430","targetHints":{"allow":["GET"]}}],"collection":[{"href":"https:\/\/redaccionoaxaca.com\/index.php\/wp-json\/wp\/v2\/posts"}],"about":[{"href":"https:\/\/redaccionoaxaca.com\/index.php\/wp-json\/wp\/v2\/types\/post"}],"author":[{"embeddable":true,"href":"https:\/\/redaccionoaxaca.com\/index.php\/wp-json\/wp\/v2\/users\/9"}],"replies":[{"embeddable":true,"href":"https:\/\/redaccionoaxaca.com\/index.php\/wp-json\/wp\/v2\/comments?post=25430"}],"version-history":[{"count":1,"href":"https:\/\/redaccionoaxaca.com\/index.php\/wp-json\/wp\/v2\/posts\/25430\/revisions"}],"predecessor-version":[{"id":25432,"href":"https:\/\/redaccionoaxaca.com\/index.php\/wp-json\/wp\/v2\/posts\/25430\/revisions\/25432"}],"wp:attachment":[{"href":"https:\/\/redaccionoaxaca.com\/index.php\/wp-json\/wp\/v2\/media?parent=25430"}],"wp:term":[{"taxonomy":"category","embeddable":true,"href":"https:\/\/redaccionoaxaca.com\/index.php\/wp-json\/wp\/v2\/categories?post=25430"},{"taxonomy":"post_tag","embeddable":true,"href":"https:\/\/redaccionoaxaca.com\/index.php\/wp-json\/wp\/v2\/tags?post=25430"}],"curies":[{"name":"wp","href":"https:\/\/api.w.org\/{rel}","templated":true}]}}