{"id":25445,"date":"2022-05-05T13:21:53","date_gmt":"2022-05-05T18:21:53","guid":{"rendered":"https:\/\/redaccionoaxaca.com\/?p=25445"},"modified":"2022-05-05T13:21:53","modified_gmt":"2022-05-05T18:21:53","slug":"una-detenida-tres-mujeres-y-dos-hombres-hospitalizados-tras-intento-de-linchamiento-en-chahuites-no-hay-denuncias-ni-evidencia-de-presunto-robo-de-infante","status":"publish","type":"post","link":"https:\/\/redaccionoaxaca.com\/index.php\/2022\/05\/05\/una-detenida-tres-mujeres-y-dos-hombres-hospitalizados-tras-intento-de-linchamiento-en-chahuites-no-hay-denuncias-ni-evidencia-de-presunto-robo-de-infante\/","title":{"rendered":"Una detenida, tres mujeres y dos hombres hospitalizados, tras intento de linchamiento en Chahuites; No hay denuncias ni evidencia de presunto robo de infante."},"content":{"rendered":"<p><strong>#Redacci\u00f3nOaxaca<\/strong><\/p>\n<p><strong>#Oaxaca<\/strong><\/p>\n<p style=\"text-align: justify;\"><strong>Citlalli L\u00f3pez Vel\u00e1zquez<\/strong><\/p>\n<p>Con quemaduras y fracturas que requieren de hospitalizaci\u00f3n, resultaron seis de las siete personas, una menor de edad, originarias de Chiapas a quienes un grupo de habitantes de Chahuites intentaron linchar el pasado mi\u00e9rcoles.<\/p>\n<p style=\"text-align: justify;\">Hasta el momento no hay denuncias ni evidencias del presunto delito de robo de infantes, por el cual se les acus\u00f3.<\/p>\n<p style=\"text-align: justify;\">Las personas que fueron hospitalizadas son Nadia L.P de 21 a\u00f1os de edad que result\u00f3 con traumatismo cr\u00e1neo encef\u00e1lico leve y probable fractura de codo derecho. Martha M.de los S.P de 56 a\u00f1os quien result\u00f3 politraumatizada, herida en cr\u00e1neo y equimosis en abdomen.<\/p>\n<p style=\"text-align: justify;\">Viridiana P. L de 17 a\u00f1os de edad que presenta politraumatismo, dos heridas en cr\u00e1neo y una en boca.<\/p>\n<p style=\"text-align: justify;\">Adem\u00e1s, Jorge P.L de 29 a\u00f1os de edad quien presenta quemaduras de segundo grado en el 4% de superficie corporal, y Walter L.L quien presenta quemaduras de segundo grado en el 40 por ciento de superficie corporal. \u00c9l se encuentra en quir\u00f3fano para lavado mec\u00e1nico.<br \/>\nEn tanto, Diana L.P de 21 a\u00f1os de edad fue trasladada de los separos de la polic\u00eda municipal de Chahuites hacia los de la polic\u00eda municipal de Juchit\u00e1n. Ella presenta equimosis en mano derecha y hombro izquierdo.<\/p>\n<p><img data-recalc-dims=\"1\" loading=\"lazy\" decoding=\"async\" class=\"alignnone size-medium wp-image-25446\" src=\"https:\/\/i0.wp.com\/redaccionoaxaca.com\/wp-content\/uploads\/2022\/05\/IMG-20220505-WA0011-300x279.jpg?resize=300%2C279&#038;ssl=1\" alt=\"\" width=\"300\" height=\"279\" \/><\/p>\n<p style=\"text-align: justify;\">Fue la tarde noche del mi\u00e9rcoles 5 de mayo cuando habitantes de Chahuites intentaron lincharlos por un presunto robo de infantes. En videos circulados en redes sociales se observa c\u00f3mo las personas eran empujadas hacia el fuego de un veh\u00edculo incendiado cerca del parque municipal.<\/p>\n<p style=\"text-align: justify;\">En esas mismas im\u00e1genes se oye a un habitante decir: \u201c<em>La gente de Chahutes ya se cans\u00f3 de tanto\u2026la gente esta reunida en el parque central. Esto es lo que pasa en nuestro municipio, como de pel\u00edcula, gente mala viene a hacer da\u00f1o al pueblo. Eso es para que los que anden haciendo da\u00f1o sepan con qui\u00e9n se meten\u201d.<\/em><\/p>\n<p><img data-recalc-dims=\"1\" loading=\"lazy\" decoding=\"async\" class=\"size-medium wp-image-25447 aligncenter\" src=\"https:\/\/i0.wp.com\/redaccionoaxaca.com\/wp-content\/uploads\/2022\/05\/IMG-20220505-WA0009-300x178.jpg?resize=300%2C178&#038;ssl=1\" alt=\"\" width=\"300\" height=\"178\" \/><\/p>\n","protected":false},"excerpt":{"rendered":"<p>#Redacci\u00f3nOaxaca #Oaxaca Citlalli L\u00f3pez Vel\u00e1zquez Con quemaduras y fracturas que requieren de hospitalizaci\u00f3n, resultaron seis de las siete personas, una menor de edad, originarias de Chiapas a quienes un grupo de habitantes de Chahuites intentaron linchar el pasado mi\u00e9rcoles. Hasta el momento no hay denuncias ni evidencias del presunto delito de robo de infantes, por [&hellip;]<\/p>\n","protected":false},"author":9,"featured_media":0,"comment_status":"open","ping_status":"open","sticky":false,"template":"","format":"standard","meta":{"jetpack_post_was_ever_published":false,"_jetpack_newsletter_access":"","_jetpack_dont_email_post_to_subs":false,"_jetpack_newsletter_tier_id":0,"_jetpack_memberships_contains_paywalled_content":false,"_jetpack_memberships_contains_paid_content":false,"footnotes":"","jetpack_publicize_message":"","jetpack_publicize_feature_enabled":true,"jetpack_social_post_already_shared":true,"jetpack_social_options":{"image_generator_settings":{"template":"highway","default_image_id":0,"font":"","enabled":false},"version":2}},"categories":[7,5,6],"tags":[],"class_list":{"0":"post-25445","1":"post","2":"type-post","3":"status-publish","4":"format-standard","6":"category-al-cierre","7":"category-imagen","8":"category-tendencias"},"jetpack_publicize_connections":[],"jetpack_featured_media_url":"","jetpack_sharing_enabled":true,"jetpack_shortlink":"https:\/\/wp.me\/p9Ynjw-6Cp","jetpack-related-posts":[{"id":39194,"url":"https:\/\/redaccionoaxaca.com\/index.php\/2025\/11\/21\/policia-municipal-detiene-a-dos-personas-por-el-presunto-delito-de-robo\/","url_meta":{"origin":25445,"position":0},"title":"Polic\u00eda Municipal detiene a dos personas por el presunto delito de robo","author":"ariadna","date":"noviembre 21, 2025","format":false,"excerpt":"#Redacci\u00f3nOaxaca #Oaxaca Oaxaca de Ju\u00e1rez, Oax., 21 de noviembre de 2025.- Personal de la Secretar\u00eda de Seguridad Vecinal efectu\u00f3 la detenci\u00f3n de dos personas al ser se\u00f1aladas como presuntas responsables del delito de robo. Ayer a las 17:10 horas, elementos de Proximidad Social comisionado en la Unidad M\u00f3vil que se\u2026","rel":"","context":"En &quot;Imagen&quot;","block_context":{"text":"Imagen","link":"https:\/\/redaccionoaxaca.com\/index.php\/category\/imagen\/"},"img":{"alt_text":"","src":"https:\/\/i0.wp.com\/redaccionoaxaca.com\/wp-content\/uploads\/2025\/11\/InShot_20251121_194642917.jpg?fit=1200%2C738&ssl=1&resize=350%2C200","width":350,"height":200,"srcset":"https:\/\/i0.wp.com\/redaccionoaxaca.com\/wp-content\/uploads\/2025\/11\/InShot_20251121_194642917.jpg?fit=1200%2C738&ssl=1&resize=350%2C200 1x, https:\/\/i0.wp.com\/redaccionoaxaca.com\/wp-content\/uploads\/2025\/11\/InShot_20251121_194642917.jpg?fit=1200%2C738&ssl=1&resize=525%2C300 1.5x, https:\/\/i0.wp.com\/redaccionoaxaca.com\/wp-content\/uploads\/2025\/11\/InShot_20251121_194642917.jpg?fit=1200%2C738&ssl=1&resize=700%2C400 2x, https:\/\/i0.wp.com\/redaccionoaxaca.com\/wp-content\/uploads\/2025\/11\/InShot_20251121_194642917.jpg?fit=1200%2C738&ssl=1&resize=1050%2C600 3x"},"classes":[]},{"id":33111,"url":"https:\/\/redaccionoaxaca.com\/index.php\/2024\/08\/27\/asesinan-brutalmente-a-3-ninos-y-1-mujer-en-oaxaca\/","url_meta":{"origin":25445,"position":1},"title":"Asesinan brutalmente a 3 ni\u00f1os y 1 mujer en Oaxaca","author":"ariadna","date":"agosto 27, 2024","format":false,"excerpt":"#Redacci\u00f3nOaxaca #Oaxaca Jaime GUERRERO En las \u00faltimas horas, 3 infantes y una mujer fueron brutalmente asesinados en la regi\u00f3n del Istmo de Tehuantepec, Oaxaca. En el municipio de San Francisco del Mar, una madre y sus dos hijas menores de edad fueron encontradas asesinadas en el interior de un domicilio\u2026","rel":"","context":"En &quot;Agenda Pol\u00edtica&quot;","block_context":{"text":"Agenda Pol\u00edtica","link":"https:\/\/redaccionoaxaca.com\/index.php\/category\/agenda-politica\/"},"img":{"alt_text":"","src":"","width":0,"height":0},"classes":[]},{"id":37333,"url":"https:\/\/redaccionoaxaca.com\/index.php\/2025\/07\/07\/policia-municipal-detiene-a-cuatro-personas-por-el-presunto-delito-de-lesiones-en-rina\/","url_meta":{"origin":25445,"position":2},"title":"Polic\u00eda Municipal detiene a cuatro personas por el presunto delito de lesiones en ri\u00f1a","author":"ariadna","date":"julio 7, 2025","format":false,"excerpt":"#Redacci\u00f3nOaxaca #Oaxaca Oaxaca de Ju\u00e1rez, Oax., 07 de julio de 2025.- Personal de la Secretar\u00eda de Seguridad Vecinal efectu\u00f3 la detenci\u00f3n de cuatro personas como presuntas responsables del delito de lesiones mutuas en ri\u00f1a. La intervenci\u00f3n ocurri\u00f3 durante el fin de semana en un domicilio ubicado en la calle Tehuantepec,\u2026","rel":"","context":"En &quot;Al Cierre&quot;","block_context":{"text":"Al Cierre","link":"https:\/\/redaccionoaxaca.com\/index.php\/category\/al-cierre\/"},"img":{"alt_text":"","src":"https:\/\/i0.wp.com\/redaccionoaxaca.com\/wp-content\/uploads\/2025\/07\/InShot_20250707_220617382-300x234.jpg?resize=350%2C200&ssl=1","width":350,"height":200},"classes":[]},{"id":39002,"url":"https:\/\/redaccionoaxaca.com\/index.php\/2025\/11\/05\/policia-municipal-detiene-a-dos-personas-al-conducir-una-motocicleta-con-reporte-de-robo\/","url_meta":{"origin":25445,"position":3},"title":"Polic\u00eda Municipal detiene a dos personas al conducir una motocicleta con reporte de robo","author":"ariadna","date":"noviembre 5, 2025","format":false,"excerpt":"#Redacci\u00f3nOaxaca #Oaxaca Oaxaca de Ju\u00e1rez, Oax., 05 de noviembre de 2025.- Personal de la Secretar\u00eda de Seguridad Vecinal efectu\u00f3 la detenci\u00f3n de dos personas al conducir una motocicleta con reporte de robo, la cual presuntamente fue robada momentos antes. El martes a las 19:50 horas, elementos de la Direcci\u00f3n de\u2026","rel":"","context":"En &quot;Al Cierre&quot;","block_context":{"text":"Al Cierre","link":"https:\/\/redaccionoaxaca.com\/index.php\/category\/al-cierre\/"},"img":{"alt_text":"","src":"https:\/\/i0.wp.com\/redaccionoaxaca.com\/wp-content\/uploads\/2025\/11\/IMG-20251105-WA0168.jpg?fit=627%2C603&ssl=1&resize=350%2C200","width":350,"height":200,"srcset":"https:\/\/i0.wp.com\/redaccionoaxaca.com\/wp-content\/uploads\/2025\/11\/IMG-20251105-WA0168.jpg?fit=627%2C603&ssl=1&resize=350%2C200 1x, https:\/\/i0.wp.com\/redaccionoaxaca.com\/wp-content\/uploads\/2025\/11\/IMG-20251105-WA0168.jpg?fit=627%2C603&ssl=1&resize=525%2C300 1.5x"},"classes":[]},{"id":3481,"url":"https:\/\/redaccionoaxaca.com\/index.php\/2018\/10\/23\/lider-del-sector-juvenil-el-pri-en-oaxaca-desparecido-tras-provocar-accidente-en-el-que-murio-su-novia\/","url_meta":{"origin":25445,"position":4},"title":"L\u00edder del sector juvenil el PRI en Oaxaca, desparecido\u00a0  tras provocar accidente en el que muri\u00f3 su novia\u00a0","author":"denise","date":"octubre 23, 2018","format":false,"excerpt":"#Redacci\u00f3nOaxaca\u00a0 Jaime GUERRERO\u00a0\u00a0 El delegado de la Red de J\u00f3venes por M\u00e9xico- sector Juvenil del Partido Revolucionario Institucional (PRI)- Alfredo Delgado Cervantes, fue se\u00f1alado como presunto responsable de la muerte de su novia, Silvia Ivana Mingo L\u00f3pez, de 26 a\u00f1os de edad, a quien presuntamente abandon\u00f3, tras haber chocado la\u2026","rel":"","context":"Entrada similar ","block_context":{"text":"Entrada similar ","link":""},"img":{"alt_text":"","src":"","width":0,"height":0},"classes":[]},{"id":33130,"url":"https:\/\/redaccionoaxaca.com\/index.php\/2024\/08\/29\/presume-gobierno-de-oaxaca-paz-en-33-municipios-en-conflictos-agrarios-mortales-ultimos-asesinatos-los-liga-a-do-consumo-de-drogas-y-trafico-de-migrantes\/","url_meta":{"origin":25445,"position":5},"title":"Presume Gobierno de Oaxaca, paz en 33 municipios en conflictos agrarios  mortales; \u00faltimos asesinatos los liga a DO, consumo de drogas y tr\u00e1fico de migrantes","author":"ariadna","date":"agosto 29, 2024","format":false,"excerpt":"#Redacci\u00f3nOaxaca #Oaxaca Jaime GUERRERO Con la firma del acuerdo de paz, justicia, bienestar social y de respeto a los derechos humanos entre las comunidades de Llano de Guadalupe, Tlaxiaco y L\u00e1zaro C\u00e1rdenas, agencia de San Miguel el Grande, suman 33 convenios de paz establecidos en municipios -que han disputado mortalmente\u2026","rel":"","context":"En &quot;Agenda Pol\u00edtica&quot;","block_context":{"text":"Agenda Pol\u00edtica","link":"https:\/\/redaccionoaxaca.com\/index.php\/category\/agenda-politica\/"},"img":{"alt_text":"","src":"","width":0,"height":0},"classes":[]}],"_links":{"self":[{"href":"https:\/\/redaccionoaxaca.com\/index.php\/wp-json\/wp\/v2\/posts\/25445","targetHints":{"allow":["GET"]}}],"collection":[{"href":"https:\/\/redaccionoaxaca.com\/index.php\/wp-json\/wp\/v2\/posts"}],"about":[{"href":"https:\/\/redaccionoaxaca.com\/index.php\/wp-json\/wp\/v2\/types\/post"}],"author":[{"embeddable":true,"href":"https:\/\/redaccionoaxaca.com\/index.php\/wp-json\/wp\/v2\/users\/9"}],"replies":[{"embeddable":true,"href":"https:\/\/redaccionoaxaca.com\/index.php\/wp-json\/wp\/v2\/comments?post=25445"}],"version-history":[{"count":1,"href":"https:\/\/redaccionoaxaca.com\/index.php\/wp-json\/wp\/v2\/posts\/25445\/revisions"}],"predecessor-version":[{"id":25448,"href":"https:\/\/redaccionoaxaca.com\/index.php\/wp-json\/wp\/v2\/posts\/25445\/revisions\/25448"}],"wp:attachment":[{"href":"https:\/\/redaccionoaxaca.com\/index.php\/wp-json\/wp\/v2\/media?parent=25445"}],"wp:term":[{"taxonomy":"category","embeddable":true,"href":"https:\/\/redaccionoaxaca.com\/index.php\/wp-json\/wp\/v2\/categories?post=25445"},{"taxonomy":"post_tag","embeddable":true,"href":"https:\/\/redaccionoaxaca.com\/index.php\/wp-json\/wp\/v2\/tags?post=25445"}],"curies":[{"name":"wp","href":"https:\/\/api.w.org\/{rel}","templated":true}]}}