{"id":25475,"date":"2022-05-06T11:05:40","date_gmt":"2022-05-06T16:05:40","guid":{"rendered":"https:\/\/redaccionoaxaca.com\/?p=25475"},"modified":"2022-05-06T11:05:40","modified_gmt":"2022-05-06T16:05:40","slug":"en-la-uabjo-hay-presente-pero-hay-mas-futuro-murat-hinojosa","status":"publish","type":"post","link":"https:\/\/redaccionoaxaca.com\/index.php\/2022\/05\/06\/en-la-uabjo-hay-presente-pero-hay-mas-futuro-murat-hinojosa\/","title":{"rendered":"En la UABJO \u201chay presente, pero hay m\u00e1s futuro\u201d: Murat Hinojosa."},"content":{"rendered":"<p><strong>#Redacci\u00f3nOaxaca<\/strong><\/p>\n<p><strong>#Oaxaca<\/strong><\/p>\n<p style=\"text-align: justify;\"><strong>Citlalli L\u00f3pez Vel\u00e1zquez<\/strong><\/p>\n<p>Convocado por el rector de la <strong>#UABJO<\/strong>, Cristian Eder Carre\u00f1o L\u00f3pez, cientos de personas, entre ellos el presidente municipal, Francisco Mart\u00ednez Neri y el gobernador del estado, Alejandro Murat Hinojosa, se sumaron al megatequio para el retorno gradual y ordenado a la Universidad Aut\u00f3noma Benito Ju\u00e1rez de Oaxaca (UABJO).<\/p>\n<p style=\"text-align: justify;\">\u201c<em>Agradezco a los estudiantes que me permitan hoy aqu\u00ed de manera respetuosa estar en este el espacio m\u00e1ximo de conocimiento, pero especialmente de esperanza en Oaxaca porque estoy claro que cada vez que se pisa cualquier espacio de la universidad hay presente, pero hay m\u00e1s futuro\u201d<\/em>, se\u00f1al\u00f3 el mandatario estatal desde la explanada de rector\u00eda.<\/p>\n<p style=\"text-align: justify;\">Durante su intervenci\u00f3n reiter\u00f3 su compromiso con la UABJO a partir de los objetivos que la comunidad universitaria para elevar su calidad educativa.<\/p>\n<p style=\"text-align: justify;\">En este sentido, Carre\u00f1o L\u00f3pez manifest\u00f3 su satisfacci\u00f3n por la respuesta que hubo y se\u00f1al\u00f3 que es muestra del compromiso que tiene con Oaxaca y del clima de paz, estabilidad, entendimiento y unidad.<\/p>\n<p style=\"text-align: justify;\"><em>\u201cLa universidad puede dar m\u00e1s y estar\u00e1 al servicio de los oaxaque\u00f1os en materia de educaci\u00f3n, que la universidad es factor del cambio del Oaxaca que se merece. La universidad tiene que estar codo a codo con su gobierno, con el gobierno municipal, estatal y federal&#8221;.<\/em><\/p>\n<p style=\"text-align: justify;\">De su lado el edil capitalino destac\u00f3 que la unidad en la m\u00e1xima casa de estudios es importante ya que de \u00e9sta se nutre gran parte de las soluciones de Oaxaca. Asimismo, celebr\u00f3 que con la llega del nuevo rector termina una etapa de desasosiego.<\/p>\n<p style=\"text-align: justify;\">\u201c<em>Esta casa de estudios tiene que ser preservada, apoyada por los gobiernos estatal y federal, as\u00ed como por todos los universitarios. Hoy es un d\u00eda importante, primero porque tenemos un rector y terminamos con un periodo de desasosiego por varios meses, segundo porque el tequio inaugura la posibilidad de regresar f\u00edsicamente a la casa de estudios y es un paso importante para estar de manera presencial<\/em>\u201d, indic\u00f3.<\/p>\n<p style=\"text-align: justify;\">Antes, el rector de la m\u00e1xima casa de estudios indic\u00f3 que el megatequio servir\u00e1 para evaluar las condiciones en las que se encuentra la universidad tras m\u00e1s de un a\u00f1o sin actividades presenciales derivado de la pandemia. Hasta el momento no hay una fecha definida de regreso.<\/p>\n<p style=\"text-align: justify;\">Apunt\u00f3 que la reapertura de las aulas es uno de los principales pendientes que tiene su administraci\u00f3n, as\u00ed como la b\u00fasqueda de presupuestos suficientes para cubrir todas las necesidades que tiene la universidad.<\/p>\n<p style=\"text-align: justify;\">Por otro lado, confirm\u00f3 que el emplazamiento a huelga planteado por el STAUO finalmente qued\u00f3 conjurado el jueves, sin embargo, contin\u00faan en pl\u00e1ticas conciliatorias con el STEUABJO a efecto de llegar a buen puerto y entrar de lleno al tema primordial que es el de la educaci\u00f3n.<\/p>\n<p style=\"text-align: justify;\">Asimismo, indic\u00f3 que el proceso de entrega recepci\u00f3n est\u00e1 casi concluido desarrollado en un marco de respeto y buena relaci\u00f3n con el exrector.<\/p>\n<div style=\"width: 640px;\" class=\"wp-video\"><video class=\"wp-video-shortcode\" id=\"video-25475-1\" width=\"640\" height=\"368\" preload=\"metadata\" controls=\"controls\"><source type=\"video\/mp4\" src=\"https:\/\/redaccionoaxaca.com\/wp-content\/uploads\/2022\/05\/VID-20220506-WA0020.mp4?_=1\" \/><a href=\"https:\/\/redaccionoaxaca.com\/wp-content\/uploads\/2022\/05\/VID-20220506-WA0020.mp4\">https:\/\/redaccionoaxaca.com\/wp-content\/uploads\/2022\/05\/VID-20220506-WA0020.mp4<\/a><\/video><\/div>\n","protected":false},"excerpt":{"rendered":"<p>#Redacci\u00f3nOaxaca #Oaxaca Citlalli L\u00f3pez Vel\u00e1zquez Convocado por el rector de la #UABJO, Cristian Eder Carre\u00f1o L\u00f3pez, cientos de personas, entre ellos el presidente municipal, Francisco Mart\u00ednez Neri y el gobernador del estado, Alejandro Murat Hinojosa, se sumaron al megatequio para el retorno gradual y ordenado a la Universidad Aut\u00f3noma Benito Ju\u00e1rez de Oaxaca (UABJO). \u201cAgradezco [&hellip;]<\/p>\n","protected":false},"author":9,"featured_media":0,"comment_status":"open","ping_status":"open","sticky":false,"template":"","format":"video","meta":{"jetpack_post_was_ever_published":false,"_jetpack_newsletter_access":"","_jetpack_dont_email_post_to_subs":false,"_jetpack_newsletter_tier_id":0,"_jetpack_memberships_contains_paywalled_content":false,"_jetpack_memberships_contains_paid_content":false,"footnotes":"","jetpack_publicize_message":"","jetpack_publicize_feature_enabled":true,"jetpack_social_post_already_shared":true,"jetpack_social_options":{"image_generator_settings":{"template":"highway","default_image_id":0,"font":"","enabled":false},"version":2}},"categories":[5,3,6],"tags":[],"class_list":{"0":"post-25475","1":"post","2":"type-post","3":"status-publish","4":"format-video","6":"category-imagen","7":"category-mesa-de-redaccion","8":"category-tendencias","9":"post_format-post-format-video"},"jetpack_publicize_connections":[],"jetpack_featured_media_url":"","jetpack_sharing_enabled":true,"jetpack_shortlink":"https:\/\/wp.me\/p9Ynjw-6CT","jetpack-related-posts":[{"id":24858,"url":"https:\/\/redaccionoaxaca.com\/index.php\/2022\/04\/02\/reconozco-como-rector-a-quien-diga-la-ley-murat-llama-a-liderazgos-de-la-uabjo-a-abrir-conversacion-hoy-vemos-facetas-desafortunadas\/","url_meta":{"origin":25475,"position":0},"title":"Reconozco como rector a quien diga la ley: Murat; llama a liderazgos de la UABJO a abrir conversaci\u00f3n; \u201choy vemos facetas desafortunadas\u201d .","author":"ariadna","date":"abril 2, 2022","format":false,"excerpt":"#Redacci\u00f3nOaxaca #Oaxaca Jaime GUERRERO En medio de la crisis, disputa de poder y de la rector\u00eda de la Universidad Aut\u00f3noma Benito Ju\u00e1rez de Oaxaca (#UABJO), el Gobernador del Estado, Alejandro Murat Hinojosa, invit\u00f3 a los liderazgos a ser consistentes y congruentes con lo que representan porque la llamada \u201cM\u00e1xima Casa\u2026","rel":"","context":"En &quot;Agenda Pol\u00edtica&quot;","block_context":{"text":"Agenda Pol\u00edtica","link":"https:\/\/redaccionoaxaca.com\/index.php\/category\/agenda-politica\/"},"img":{"alt_text":"","src":"","width":0,"height":0},"classes":[]},{"id":27358,"url":"https:\/\/redaccionoaxaca.com\/index.php\/2022\/08\/20\/recibio-alejandro-murat-a-sheinbaum-en-palacio-de-gobierno-de-oaxaca-con-murat-oaxaca-se-han-desarrollado-destaca-mandataria\/","url_meta":{"origin":25475,"position":1},"title":"Recibi\u00f3 Alejandro Murat a Sheinbaum en Palacio de Gobierno de Oaxaca; con Murat, Oaxaca se han desarrollado, destaca mandatar\u00eda","author":"ariadna","date":"agosto 20, 2022","format":false,"excerpt":"#Redacci\u00f3nOaxaca #Oaxaca Jaime GUERRERO El gobernador Alejandro Murat Hinojosa se reuni\u00f3 esta ma\u00f1ana con la jefa de gobierno de la Ciudad de M\u00e9xico, Claudia Sheinbaum Pardo, en el marco de su visita a la ciudad para impartir una conferencia sobre pol\u00edticas p\u00fablicas en la Universidad Aut\u00f3noma Benito Ju\u00e1rez de Oaxaca\u2026","rel":"","context":"En &quot;Al Cierre&quot;","block_context":{"text":"Al Cierre","link":"https:\/\/redaccionoaxaca.com\/index.php\/category\/al-cierre\/"},"img":{"alt_text":"","src":"https:\/\/i0.wp.com\/redaccionoaxaca.com\/wp-content\/uploads\/2022\/08\/IMG-20220820-WA0050-300x200.jpg?resize=350%2C200&ssl=1","width":350,"height":200},"classes":[]},{"id":24315,"url":"https:\/\/redaccionoaxaca.com\/index.php\/2022\/03\/01\/choca-pri-morena-y-pt-en-congreso-por-sucesion-en-la-uabjo-exhortan-a-murat-a-no-entrometerse-en-eleccion-de-rectoria\/","url_meta":{"origin":25475,"position":2},"title":"Choca PRI, Morena y PT en Congreso, por sucesi\u00f3n en la  UABJO; exhortan a Murat a no entrometerse en elecci\u00f3n de rector\u00eda.","author":"ariadna","date":"marzo 1, 2022","format":"video","excerpt":"#Redacci\u00f3nOaxaca #Oaxaca Jaime GUERRERO El proceso de elecci\u00f3n de Rector\u00eda de la Universidad Aut\u00f3noma Benito Ju\u00e1rez de Oaxaca (#UABJO) lleg\u00f3 a la sede del Poder Legislativo y provoc\u00f3 el choque verbal de diputados y diputadas del Morena, PRI y el PT, por la supuesta intromisi\u00f3n del Gobernador, Alejandro Murat Hinojosa\u2026","rel":"","context":"En &quot;Agenda Pol\u00edtica&quot;","block_context":{"text":"Agenda Pol\u00edtica","link":"https:\/\/redaccionoaxaca.com\/index.php\/category\/agenda-politica\/"},"img":{"alt_text":"","src":"","width":0,"height":0},"classes":[]},{"id":14713,"url":"https:\/\/redaccionoaxaca.com\/index.php\/2020\/10\/13\/murat-desestima-intromision-en-la-uabjo-y-descarta-apoyar-a-ex-funcionario-del-ieepo-yo-respeto-a-la-comunidad-universitaria\/","url_meta":{"origin":25475,"position":3},"title":"Murat desestima intromisi\u00f3n en la UABJO y descarta apoyar  a ex funcionario del IEEPO; \u201cyo respeto a la comunidad universitaria\u201d.","author":"ariadna","date":"octubre 13, 2020","format":false,"excerpt":"#Redacci\u00f3nOaxaca #Oaxaca Jaime GUERRERO El Gobernador del Estado, Alejandro Murat Hinojosa, desestim\u00f3 su intromisi\u00f3n en el proceso de sucesi\u00f3n de rector de la Universidad Aut\u00f3noma Benito Ju\u00e1rez de Oaxaca (#UABJO) y afirm\u00f3 que ser\u00e1 la comunidad universitaria quien determine su rumbo de forma aut\u00f3noma. El mandatario estatal, descart\u00f3 estar detr\u00e1s\u2026","rel":"","context":"En &quot;Agenda Pol\u00edtica&quot;","block_context":{"text":"Agenda Pol\u00edtica","link":"https:\/\/redaccionoaxaca.com\/index.php\/category\/agenda-politica\/"},"img":{"alt_text":"","src":"","width":0,"height":0},"classes":[]},{"id":25479,"url":"https:\/\/redaccionoaxaca.com\/index.php\/2022\/05\/06\/en-mi-gobierno-no-hay-banderas-politicas-solo-una-y-se-llama-oaxaca-murat-se-construye-estabilidad-para-abrir-debate-electoral\/","url_meta":{"origin":25475,"position":4},"title":"En mi gobierno no hay banderas pol\u00edticas, solo una y se llama  Oaxaca: Murat; se construye estabilidad para abrir debate electoral.","author":"ariadna","date":"mayo 6, 2022","format":false,"excerpt":"#Redacci\u00f3nOaxaca #Oaxaca Jaime GUERRERO Tras reiterar que su administraci\u00f3n cierra como el primer d\u00eda de su llegada al gobierno, \u201ca tambor batiente\u201d, el Gobernador del Estado, Alejandro Murat Hinojosa, asegur\u00f3 que su tarea -en el proceso electoral gubernamental- es construir un ambiente de paz y estabilidad para que pueda haber\u2026","rel":"","context":"En &quot;Agenda Pol\u00edtica&quot;","block_context":{"text":"Agenda Pol\u00edtica","link":"https:\/\/redaccionoaxaca.com\/index.php\/category\/agenda-politica\/"},"img":{"alt_text":"","src":"","width":0,"height":0},"classes":[]},{"id":18186,"url":"https:\/\/redaccionoaxaca.com\/index.php\/2021\/03\/02\/dotan-de-equipo-deportivo-a-la-uabjo-y-otras-asociaciones-por-parte-del-gobierno-del-estado\/","url_meta":{"origin":25475,"position":5},"title":"Dotan de equipo deportivo a la UABJO y otras asociaciones por parte del gobierno del estado.","author":"ariadna","date":"marzo 2, 2021","format":false,"excerpt":"#Redacci\u00f3nOaxaca #Oaxaca Ariadna Mendoza El Gobernador\u00a0 del estado de Oaxaca, Alejandro Murat Hinojosa encabez\u00f3 este martes la entrega de material deportivo a asociaciones deportivas, \u00e1rbitros, ampayers y a la Universidad Aut\u00f3noma Benito Ju\u00e1rez de Oaxaca (#UABJO), donde se invirtieron 459 mil 887 pesos. Acompa\u00f1ado de diversos servidores p\u00fablicos, expuso que\u2026","rel":"","context":"En &quot;Al Cierre&quot;","block_context":{"text":"Al Cierre","link":"https:\/\/redaccionoaxaca.com\/index.php\/category\/al-cierre\/"},"img":{"alt_text":"","src":"","width":0,"height":0},"classes":[]}],"_links":{"self":[{"href":"https:\/\/redaccionoaxaca.com\/index.php\/wp-json\/wp\/v2\/posts\/25475","targetHints":{"allow":["GET"]}}],"collection":[{"href":"https:\/\/redaccionoaxaca.com\/index.php\/wp-json\/wp\/v2\/posts"}],"about":[{"href":"https:\/\/redaccionoaxaca.com\/index.php\/wp-json\/wp\/v2\/types\/post"}],"author":[{"embeddable":true,"href":"https:\/\/redaccionoaxaca.com\/index.php\/wp-json\/wp\/v2\/users\/9"}],"replies":[{"embeddable":true,"href":"https:\/\/redaccionoaxaca.com\/index.php\/wp-json\/wp\/v2\/comments?post=25475"}],"version-history":[{"count":1,"href":"https:\/\/redaccionoaxaca.com\/index.php\/wp-json\/wp\/v2\/posts\/25475\/revisions"}],"predecessor-version":[{"id":25478,"href":"https:\/\/redaccionoaxaca.com\/index.php\/wp-json\/wp\/v2\/posts\/25475\/revisions\/25478"}],"wp:attachment":[{"href":"https:\/\/redaccionoaxaca.com\/index.php\/wp-json\/wp\/v2\/media?parent=25475"}],"wp:term":[{"taxonomy":"category","embeddable":true,"href":"https:\/\/redaccionoaxaca.com\/index.php\/wp-json\/wp\/v2\/categories?post=25475"},{"taxonomy":"post_tag","embeddable":true,"href":"https:\/\/redaccionoaxaca.com\/index.php\/wp-json\/wp\/v2\/tags?post=25475"}],"curies":[{"name":"wp","href":"https:\/\/api.w.org\/{rel}","templated":true}]}}