{"id":25479,"date":"2022-05-06T17:38:01","date_gmt":"2022-05-06T22:38:01","guid":{"rendered":"https:\/\/redaccionoaxaca.com\/?p=25479"},"modified":"2022-05-06T17:38:01","modified_gmt":"2022-05-06T22:38:01","slug":"en-mi-gobierno-no-hay-banderas-politicas-solo-una-y-se-llama-oaxaca-murat-se-construye-estabilidad-para-abrir-debate-electoral","status":"publish","type":"post","link":"https:\/\/redaccionoaxaca.com\/index.php\/2022\/05\/06\/en-mi-gobierno-no-hay-banderas-politicas-solo-una-y-se-llama-oaxaca-murat-se-construye-estabilidad-para-abrir-debate-electoral\/","title":{"rendered":"En mi gobierno no hay banderas pol\u00edticas, solo una y se llama  Oaxaca: Murat; se construye estabilidad para abrir debate electoral."},"content":{"rendered":"<p><strong>#Redacci\u00f3nOaxaca<\/strong><\/p>\n<p><strong>#Oaxaca <\/strong><\/p>\n<p><strong>Jaime GUERRERO<\/strong><\/p>\n<p style=\"text-align: justify;\">Tras reiterar que su administraci\u00f3n cierra como el primer d\u00eda de su llegada al gobierno, \u201ca tambor batiente\u201d, el Gobernador del Estado, Alejandro Murat Hinojosa, asegur\u00f3 que su tarea -en el proceso electoral gubernamental- es construir un ambiente de paz y estabilidad para que pueda haber debates -electorales entre candidaturas- con argumentos.<\/p>\n<p style=\"text-align: justify;\">El ambiente propicio para la jornada electoral, recalc\u00f3 que se construye tambi\u00e9n desde la mesa de seguridad -entre los tres niveles de gobierno- acompa\u00f1ando donde lo exijan los \u00e1rbitros electorales: el Instituto Estatal Electoral y de Participaci\u00f3n Ciudadana de Oaxaca (<strong>#IEEPCO<\/strong>) y el Instituto Nacional Electoral (<strong>#INE<\/strong>).<\/p>\n<p style=\"text-align: justify;\"><em>\u201cPor su puesto muy cerca de las necesidades de las y los candidatos para que la atmosfera sea la correcta y la ciudadan\u00eda pueda ejercer su voto de manera libre y secreta\u201d.<\/em><\/p>\n<p style=\"text-align: justify;\">Murat Hinojosa, desestim\u00f3 que los municipios presenten convulsi\u00f3n en medio de proceso electoral, por el contrario, destac\u00f3 la relaci\u00f3n con el presidente municipal de la capital, Francisco Mart\u00ednez Neri y de Santa Cruz Xoxocotl\u00e1n, Inocente Castellanos Alejo.<\/p>\n<p style=\"text-align: justify;\">El mandatario, asegur\u00f3 que seguir\u00e1n trabajando de la mano con todos los municipios.<\/p>\n<p style=\"text-align: justify;\"><em>\u201cMi gobierno ha sido claro y consistente. Aqu\u00ed no hay banderas pol\u00edticas, aqu\u00ed hay una bandera y se llama Oaxaca\u201d,<\/em> asent\u00f3.<\/p>\n<p style=\"text-align: justify;\">En tanto, anunci\u00f3 que ya gestion\u00f3 una reuni\u00f3n con la Secretar\u00eda de Educaci\u00f3n P\u00fablica (<strong>#SEP<\/strong>) para armar un paquete financiero que respalde financieramente a la UABJO.<\/p>\n<p style=\"text-align: justify;\">La <strong>#UABJO<\/strong> es el espacio natural del conocimiento y la reflexi\u00f3n que le permitir\u00e1 a Oaxaca seguir construyendo las mejores paginas de la historia, destac\u00f3.<\/p>\n<div style=\"width: 696px;\" class=\"wp-video\"><video class=\"wp-video-shortcode\" id=\"video-25479-1\" width=\"696\" height=\"394\" preload=\"metadata\" controls=\"controls\"><source type=\"video\/mp4\" src=\"https:\/\/redaccionoaxaca.com\/wp-content\/uploads\/2022\/05\/VID-20220506-WA0063.mp4?_=1\" \/><a href=\"https:\/\/redaccionoaxaca.com\/wp-content\/uploads\/2022\/05\/VID-20220506-WA0063.mp4\">https:\/\/redaccionoaxaca.com\/wp-content\/uploads\/2022\/05\/VID-20220506-WA0063.mp4<\/a><\/video><\/div>\n","protected":false},"excerpt":{"rendered":"<p>#Redacci\u00f3nOaxaca #Oaxaca Jaime GUERRERO Tras reiterar que su administraci\u00f3n cierra como el primer d\u00eda de su llegada al gobierno, \u201ca tambor batiente\u201d, el Gobernador del Estado, Alejandro Murat Hinojosa, asegur\u00f3 que su tarea -en el proceso electoral gubernamental- es construir un ambiente de paz y estabilidad para que pueda haber debates -electorales entre candidaturas- con [&hellip;]<\/p>\n","protected":false},"author":9,"featured_media":0,"comment_status":"open","ping_status":"open","sticky":false,"template":"","format":"standard","meta":{"jetpack_post_was_ever_published":false,"_jetpack_newsletter_access":"","_jetpack_dont_email_post_to_subs":false,"_jetpack_newsletter_tier_id":0,"_jetpack_memberships_contains_paywalled_content":false,"_jetpack_memberships_contains_paid_content":false,"footnotes":"","jetpack_publicize_message":"","jetpack_publicize_feature_enabled":true,"jetpack_social_post_already_shared":true,"jetpack_social_options":{"image_generator_settings":{"template":"highway","default_image_id":0,"font":"","enabled":false},"version":2}},"categories":[4,7],"tags":[],"class_list":{"0":"post-25479","1":"post","2":"type-post","3":"status-publish","4":"format-standard","6":"category-agenda-politica","7":"category-al-cierre"},"jetpack_publicize_connections":[],"jetpack_featured_media_url":"","jetpack_sharing_enabled":true,"jetpack_shortlink":"https:\/\/wp.me\/p9Ynjw-6CX","jetpack-related-posts":[{"id":720,"url":"https:\/\/redaccionoaxaca.com\/index.php\/2018\/06\/27\/ine-ieepco-llaman-a-partidos-a-vigilar-que-sus-lideres-candidatos-y-militantes-no-generen-problemas-el-1-de-julio\/","url_meta":{"origin":25479,"position":0},"title":"INE &#038; IEEPCO llaman a Partidos a vigilar que sus l\u00edderes, candidatos y militantes no generen problemas el 1 de julio","author":"jaime","date":"junio 27, 2018","format":"video","excerpt":"#Redacci\u00f3nOaxaca Jaime Guerrero El Instituto Nacional Electoral (INE) hizo un llamado a los Partidos Pol\u00edticos, para que cumplan de manera responsable, su papel de garantes de la conducta de sus dirigentes, candidatos, militantes y simpatizantes, para no generar condiciones que generen problemas durante la jornada electoral del pr\u00f3ximo domingo 1\u2026","rel":"","context":"En &quot;Agenda Pol\u00edtica&quot;","block_context":{"text":"Agenda Pol\u00edtica","link":"https:\/\/redaccionoaxaca.com\/index.php\/category\/agenda-politica\/"},"img":{"alt_text":"","src":"","width":0,"height":0},"classes":[]},{"id":19540,"url":"https:\/\/redaccionoaxaca.com\/index.php\/2021\/06\/06\/murat-califica-como-incidentes-menores-lo-acontecido-en-la-jornada-electoral-en-oaxaca-fuerzas-de-seguridad-ine-ieepco-actuan\/","url_meta":{"origin":25479,"position":1},"title":"Murat califica como incidentes menores, lo acontecido en la  jornada electoral en Oaxaca; fuerzas de seguridad, INE-IEEPCO, act\u00faan.","author":"ariadna","date":"junio 6, 2021","format":false,"excerpt":"#Redacci\u00f3nOaxaca #Oaxaca Jaime GUERRERO El Gobernador del Estado, Alejandro Murat Hinojosa, calific\u00f3 como incidentes menores, los acontecidos durante la jornada electoral de \u00e9ste 6 de junio. Entrevistado, tras emitir su voto en compa\u00f1\u00eda de su esposa, Ivett Moran, el mandatriop dijo que los su gobierno seguir\u00e1 trabajando para que la\u2026","rel":"","context":"En &quot;Agenda Pol\u00edtica&quot;","block_context":{"text":"Agenda Pol\u00edtica","link":"https:\/\/redaccionoaxaca.com\/index.php\/category\/agenda-politica\/"},"img":{"alt_text":"","src":"","width":0,"height":0},"classes":[]},{"id":4316,"url":"https:\/\/redaccionoaxaca.com\/index.php\/2018\/12\/10\/pri-y-su-candidata-se-deslinda-de-violencia-en-san-dionisio-del-mar-piden-otra-fecha-para-eleccion-extraordinaria\/","url_meta":{"origin":25479,"position":2},"title":"PRI y su candidata se deslinda de violencia en San\u00a0Dionisio del Mar; piden otra fecha para elecci\u00f3n extraordinaria","author":"jaime","date":"diciembre 10, 2018","format":"video","excerpt":"#Redacci\u00f3nOaxaca #Oaxaca Jaime GUERRERO\u00a0 La dirigencia del Partido Revolucionario Institucional (PRI) y su candidata a Presidenta Municipal, Teresita de Jess Luis Ojeda, se deslindaron de los hechos violentos en San Dionisio del Mar, y tras afirmar que ni sus militantes, representantes o simpatizantes, ni elementos de cualquier corporaci\u00f3n policiaca o\u2026","rel":"","context":"Entrada similar ","block_context":{"text":"Entrada similar ","link":""},"img":{"alt_text":"","src":"","width":0,"height":0},"classes":[]},{"id":24071,"url":"https:\/\/redaccionoaxaca.com\/index.php\/2022\/02\/17\/congreso-pide-a-gobernador-de-oaxaca-abstenerse-de-realizar-proselitismo-pide-a-ieepco-investigar-y-sancionar-a-murat-por-participar-en-mitin-del-pri\/","url_meta":{"origin":25479,"position":3},"title":"Congreso pide a Gobernador de Oaxaca, abstenerse de realizar proselitismo, pide a IEEPCO investigar y sancionar a Murat por participar en mitin del PRI.","author":"ariadna","date":"febrero 17, 2022","format":false,"excerpt":"#Redacci\u00f3nOaxaca #Oaxaca Jaime GUERRERO Con 22 votos a favor de los diputados de Morena, PT, PVEM y PUP, la LXV Legislatura del Congreso del Estado, exhort\u00f3 al Gobernador del Estado, Alejandro Murat Hinojosa, a abstenerse de realizar proselitismo electoral en favor de partidos pol\u00edticos (el Revolucionario Institucional) y no cometa\u2026","rel":"","context":"En &quot;Agenda Pol\u00edtica&quot;","block_context":{"text":"Agenda Pol\u00edtica","link":"https:\/\/redaccionoaxaca.com\/index.php\/category\/agenda-politica\/"},"img":{"alt_text":"","src":"","width":0,"height":0},"classes":[]},{"id":17197,"url":"https:\/\/redaccionoaxaca.com\/index.php\/2021\/03\/03\/gobernador-de-oaxaca-replica-acuerdo-democratico-de-amlo-convoca-a-autoridades-municipales-a-no-convulsionar-elecciones\/","url_meta":{"origin":25479,"position":4},"title":"Gobernador de Oaxaca, replica Acuerdo Democr\u00e1tico de AMLO;  convoca a autoridades municipales a no convulsionar elecciones.","author":"ariadna","date":"marzo 3, 2021","format":false,"excerpt":"#Redacci\u00f3nOaxaca #Oaxaca Jaime GUERRERO En medio de la convulsi\u00f3n sistem\u00e1tica en municipios de la entidad por la disputa de poder entre grupos pol\u00edticos, el Gobernador del Estado, Alejandro Murat Hinojosa, replic\u00f3 el Acuerdo Nacional por la Democracia, convocado por el presidente, Andr\u00e9s Manuel Lop\u00e9z Obrador, a los presidentes municipales y\u2026","rel":"","context":"En &quot;Agenda Pol\u00edtica&quot;","block_context":{"text":"Agenda Pol\u00edtica","link":"https:\/\/redaccionoaxaca.com\/index.php\/category\/agenda-politica\/"},"img":{"alt_text":"","src":"","width":0,"height":0},"classes":[]},{"id":744,"url":"https:\/\/redaccionoaxaca.com\/index.php\/2018\/06\/28\/murat-anuncia-dispositivo-de-seguridad-para-el-1-de-julio-y-promete-que-sumar-con-quien-gane\/","url_meta":{"origin":25479,"position":5},"title":"Murat anuncia dispositivo de seguridad para el 1 de julio y promete sumar \u201ccon quien gane\u201d","author":"citlali","date":"junio 28, 2018","format":false,"excerpt":"Jaime GUERRERO A cuatro d\u00edas de la elecci\u00f3n de Presidente de la Rep\u00fablica, Senadores, 10 Diputados Federales, 25 Diputados Locales de Mayor\u00eda y Concejales en 153 Municipios que se rigen por la v\u00eda de los Partidos Pol\u00edticos, el Gobernador del Estado, Alejandro Murat Hinojosa, anunci\u00f3 un operativo de seguridad en\u2026","rel":"","context":"En &quot;Agenda Pol\u00edtica&quot;","block_context":{"text":"Agenda Pol\u00edtica","link":"https:\/\/redaccionoaxaca.com\/index.php\/category\/agenda-politica\/"},"img":{"alt_text":"","src":"","width":0,"height":0},"classes":[]}],"_links":{"self":[{"href":"https:\/\/redaccionoaxaca.com\/index.php\/wp-json\/wp\/v2\/posts\/25479","targetHints":{"allow":["GET"]}}],"collection":[{"href":"https:\/\/redaccionoaxaca.com\/index.php\/wp-json\/wp\/v2\/posts"}],"about":[{"href":"https:\/\/redaccionoaxaca.com\/index.php\/wp-json\/wp\/v2\/types\/post"}],"author":[{"embeddable":true,"href":"https:\/\/redaccionoaxaca.com\/index.php\/wp-json\/wp\/v2\/users\/9"}],"replies":[{"embeddable":true,"href":"https:\/\/redaccionoaxaca.com\/index.php\/wp-json\/wp\/v2\/comments?post=25479"}],"version-history":[{"count":1,"href":"https:\/\/redaccionoaxaca.com\/index.php\/wp-json\/wp\/v2\/posts\/25479\/revisions"}],"predecessor-version":[{"id":25482,"href":"https:\/\/redaccionoaxaca.com\/index.php\/wp-json\/wp\/v2\/posts\/25479\/revisions\/25482"}],"wp:attachment":[{"href":"https:\/\/redaccionoaxaca.com\/index.php\/wp-json\/wp\/v2\/media?parent=25479"}],"wp:term":[{"taxonomy":"category","embeddable":true,"href":"https:\/\/redaccionoaxaca.com\/index.php\/wp-json\/wp\/v2\/categories?post=25479"},{"taxonomy":"post_tag","embeddable":true,"href":"https:\/\/redaccionoaxaca.com\/index.php\/wp-json\/wp\/v2\/tags?post=25479"}],"curies":[{"name":"wp","href":"https:\/\/api.w.org\/{rel}","templated":true}]}}