{"id":25483,"date":"2022-05-06T20:33:37","date_gmt":"2022-05-07T01:33:37","guid":{"rendered":"https:\/\/redaccionoaxaca.com\/?p=25483"},"modified":"2022-05-06T20:33:37","modified_gmt":"2022-05-07T01:33:37","slug":"gabinete-sin-compadrazgos-ni-amiguismos-propone-naty-diaz","status":"publish","type":"post","link":"https:\/\/redaccionoaxaca.com\/index.php\/2022\/05\/06\/gabinete-sin-compadrazgos-ni-amiguismos-propone-naty-diaz\/","title":{"rendered":"Gabinete sin compadrazgos ni amiguismos, propone Naty D\u00edaz."},"content":{"rendered":"<p><strong>#Redacci\u00f3nOaxaca<\/strong><\/p>\n<p><strong>#Oaxaca <\/strong><\/p>\n<p><strong>Jaime GUERRERO<\/strong><\/p>\n<p style=\"text-align: justify;\">La candidata del PAN al gobierno de Oaxaca, Naty D\u00edaz afirm\u00f3 que su gabinete ser\u00e1 integrado por los mejores perfiles ciudadanos, no por compadrazgos ni amiguismos, sino por su talento, eficiencia y honestidad.<\/p>\n<p style=\"text-align: justify;\">De gira por la Costa de Oaxaca, la candidata panista expuso que abrir\u00e1 las puertas a las y los j\u00f3venes profesionistas, a las mujeres y hombres que realmente quieren trabajar por el bien de todas las familias.<\/p>\n<p style=\"text-align: justify;\">En conferencia de medios, dijo que no tiene padrinos como otros candidatos, \u201c<em>uno que miente al triple y otro que defraud\u00f3 a Oaxaca cuando desvi\u00f3 dinero p\u00fablico al ser secretario de gobierno en materia del campo\u201d.<\/em><\/p>\n<p style=\"text-align: justify;\">Mi compromiso -precis\u00f3 Naty D\u00edaz- es con las mujeres, con las jefas de familia, con la juventud, con la ni\u00f1ez, con los adultos mayores, con Oaxaca.<\/p>\n<p style=\"text-align: justify;\">Se\u00f1al\u00f3 que por eso particip\u00f3 en un debate ciudadano y seguir\u00e1 asistiendo para hablar claro y presentar sus propuestas.<\/p>\n<p style=\"text-align: justify;\">\u201c<em>A los otros candidatos que les gusta pagar el acarreo para no escuchar a la ciudadan\u00eda, al candidato que le gusta mentir al triple, le apuesto su m\u00e1scara contra mi cabellera, lo voy a desenmascarar por todas sus mentiras\u201d, sostuvo.<\/em><\/p>\n<p style=\"text-align: justify;\">Denunci\u00f3 que no hay piso parejo en esta contienda \u201c<em>porque no traigo el presupuesto millonario que apoya el gobierno federal, ni el del gobierno estatal, pero tengo un respaldo ciudadano que va creciendo porque yo si tengo propuestas y verdades\u201d.<\/em><\/p>\n<p style=\"text-align: justify;\">Antes de visitar a mujeres productoras de tostadas del Huarumbo, que pidieron apoyo para reactivar sus negocios, la candidata panista se reuni\u00f3 con vecinas y vecinos de Bajos de Chila donde le hicieron propuestas y pidieron su apoyo para recuperar la seguridad para la juventud, empleos y desarrollo.<\/p>\n<p style=\"text-align: justify;\">En esta agencia municipal las mujeres manifestaron su total respaldo: <em>\u201cyo le creo y se que es hora de que una mujer llegue a la gubernatura y lleve y cumpla nuestras demandas, vamos a ir a su cierre porque va a ganar\u201d.<\/em><\/p>\n<p style=\"text-align: justify;\">Naty D\u00edaz abrazada y aplaudida por las y los coste\u00f1os se comprometi\u00f3 con cada una de las mujeres y hombres de buena fe para lograr el desarrollo de estas comunidades y de Oaxaca.<\/p>\n","protected":false},"excerpt":{"rendered":"<p>#Redacci\u00f3nOaxaca #Oaxaca Jaime GUERRERO La candidata del PAN al gobierno de Oaxaca, Naty D\u00edaz afirm\u00f3 que su gabinete ser\u00e1 integrado por los mejores perfiles ciudadanos, no por compadrazgos ni amiguismos, sino por su talento, eficiencia y honestidad. De gira por la Costa de Oaxaca, la candidata panista expuso que abrir\u00e1 las puertas a las y [&hellip;]<\/p>\n","protected":false},"author":9,"featured_media":0,"comment_status":"open","ping_status":"open","sticky":false,"template":"","format":"standard","meta":{"jetpack_post_was_ever_published":false,"_jetpack_newsletter_access":"","_jetpack_dont_email_post_to_subs":false,"_jetpack_newsletter_tier_id":0,"_jetpack_memberships_contains_paywalled_content":false,"_jetpack_memberships_contains_paid_content":false,"footnotes":"","jetpack_publicize_message":"","jetpack_publicize_feature_enabled":true,"jetpack_social_post_already_shared":true,"jetpack_social_options":{"image_generator_settings":{"template":"highway","default_image_id":0,"font":"","enabled":false},"version":2}},"categories":[4,7],"tags":[],"class_list":{"0":"post-25483","1":"post","2":"type-post","3":"status-publish","4":"format-standard","6":"category-agenda-politica","7":"category-al-cierre"},"jetpack_publicize_connections":[],"jetpack_featured_media_url":"","jetpack_sharing_enabled":true,"jetpack_shortlink":"https:\/\/wp.me\/p9Ynjw-6D1","jetpack-related-posts":[{"id":25793,"url":"https:\/\/redaccionoaxaca.com\/index.php\/2022\/05\/26\/declinar-seria-como-decirle-si-a-la-delincuencia-naty-diaz-al-desmentir-rumores\/","url_meta":{"origin":25483,"position":0},"title":"\u201cDeclinar ser\u00eda como decirle: S\u00ed a la  delincuencia\u201d: Naty D\u00edaz, al desmentir rumores","author":"ariadna","date":"mayo 26, 2022","format":"video","excerpt":"#Redacci\u00f3nOaxaca #Oaxaca Jaime GUERRERO La candidata a la gubernatura por el Partido Acci\u00f3n Nacional (#PAN), Natividad D\u00edaz Jim\u00e9nez, volvi\u00f3 a rechazar el supuesto decline a favor del candidato del PRI-PRD, Alejandro Avil\u00e9s \u00c1lvarez y asegur\u00f3 que su dirigente nacional, Marko Cortes Mendoza, no la presionado a declinar, ni ella ha\u2026","rel":"","context":"En &quot;Imagen&quot;","block_context":{"text":"Imagen","link":"https:\/\/redaccionoaxaca.com\/index.php\/category\/imagen\/"},"img":{"alt_text":"","src":"","width":0,"height":0},"classes":[]},{"id":25610,"url":"https:\/\/redaccionoaxaca.com\/index.php\/2022\/05\/16\/anuncia-candidata-panista-que-solicitara-a-la-fgr-formal-investigacion-de-los-candidatos-en-campana-para-demostrar-con-pruebas-quien-es-quien\/","url_meta":{"origin":25483,"position":1},"title":"Anuncia candidata Panista que solicitar\u00e1 a la FGR formal investigaci\u00f3n de los candidatos en campa\u00f1a para demostrar con pruebas qui\u00e9n es qui\u00e9n","author":"ariadna","date":"mayo 16, 2022","format":"video","excerpt":"#Redacci\u00f3nOaxaca #Oaxaca #MairaRic\u00e1rdezLuna *No ando buscando trabajo, \u00e9l que se va a quedar sin empleo es Avil\u00e9s cuando pierda la Gubernatura, afirma No ando buscando trabajo, \u00e9l que va a quedar desempleado es \u00e9l cuando pierda la Gubernatura, afirm\u00f3 la candidata Panista Naty D\u00edaz en respuesta al planteamiento del priista\u2026","rel":"","context":"En &quot;Agenda Pol\u00edtica&quot;","block_context":{"text":"Agenda Pol\u00edtica","link":"https:\/\/redaccionoaxaca.com\/index.php\/category\/agenda-politica\/"},"img":{"alt_text":"","src":"","width":0,"height":0},"classes":[]},{"id":24872,"url":"https:\/\/redaccionoaxaca.com\/index.php\/2022\/04\/03\/candidata-del-pan-a-la-gubernatura-de-oaxaca-arranca-campana-exhibiendo-pobreza-y-marginacion-en-la-capital\/","url_meta":{"origin":25483,"position":2},"title":"Candidata del PAN a la gubernatura de Oaxaca, arranca   campa\u00f1a exhibiendo pobreza y marginaci\u00f3n en la capital.","author":"ariadna","date":"abril 3, 2022","format":false,"excerpt":"#Redacci\u00f3nOaxaca #Oaxaca Jaime GUERRERO Con una inusual estrategia de campa\u00f1a, la candidata del #PAN a la gubernatura de Oaxaca, Naty D\u00edaz, arranc\u00f3 sus actividades proselitistas, visitando a las familias de escasos recursos del municipio de Oaxaca de Ju\u00e1rez, abandonadas, con carencia de acceso a la salud, padecimiento de inseguridad, falta\u2026","rel":"","context":"En &quot;Agenda Pol\u00edtica&quot;","block_context":{"text":"Agenda Pol\u00edtica","link":"https:\/\/redaccionoaxaca.com\/index.php\/category\/agenda-politica\/"},"img":{"alt_text":"","src":"","width":0,"height":0},"classes":[]},{"id":24851,"url":"https:\/\/redaccionoaxaca.com\/index.php\/2022\/04\/02\/naty-diaz-pide-licencia-al-congreso-y-va-por-gubernatura-de-oaxaca\/","url_meta":{"origin":25483,"position":3},"title":"Naty D\u00edaz pide licencia al Congreso y va por Gubernatura de Oaxaca.","author":"ariadna","date":"abril 2, 2022","format":false,"excerpt":"#Redacci\u00f3nOaxaca #Oaxaca Jaime GUERRERO La diputada del Partido Acci\u00f3n Nacional Natividad D\u00edaz Jim\u00e9nez solicit\u00f3 licencia para separarse del cargo de legisladora e integrante de la Junta de Coordinaci\u00f3n Pol\u00edtica de la LXV Legislatura Local. A\u00fan cuando la ley de Instituciones y Procedimientos Electorales se\u00f1ala expresamente que no es necesario solicitar\u2026","rel":"","context":"En &quot;Agenda Pol\u00edtica&quot;","block_context":{"text":"Agenda Pol\u00edtica","link":"https:\/\/redaccionoaxaca.com\/index.php\/category\/agenda-politica\/"},"img":{"alt_text":"","src":"","width":0,"height":0},"classes":[]},{"id":24961,"url":"https:\/\/redaccionoaxaca.com\/index.php\/2022\/04\/06\/candidata-a-gubernatura-de-oaxaca-del-pan-denuncia-cerco-informativo-pese-a-presiones-afirma-que-no-renunciara\/","url_meta":{"origin":25483,"position":4},"title":"Candidata a gubernatura de Oaxaca del PAN, denuncia cerco   informativo; pese a presiones afirma que no renunciar\u00e1.","author":"ariadna","date":"abril 6, 2022","format":"video","excerpt":"#Redacci\u00f3nOaxaca #Oaxaca Jaime GUERRERO La candidata del Partido Acci\u00f3n Nacional (#PAN) a la gubernatura de Oaxaca, Natividad D\u00edaz Jim\u00e9nez, denunci\u00f3 que ha sido objeto de un cerco informativo, por medio del cual, sus opositores han presionado para no difundir sus actividades proselitistas. Pese a las presiones, asegur\u00f3 que no declinar\u00e1\u2026","rel":"","context":"En &quot;Agenda Pol\u00edtica&quot;","block_context":{"text":"Agenda Pol\u00edtica","link":"https:\/\/redaccionoaxaca.com\/index.php\/category\/agenda-politica\/"},"img":{"alt_text":"","src":"","width":0,"height":0},"classes":[]},{"id":25841,"url":"https:\/\/redaccionoaxaca.com\/index.php\/2022\/05\/27\/lider-del-prd-presiona-a-candidata-a-gubernatura-de-oaxaca-del-pan-a-declinar-por-ancdidato-del-pri-no-le-responde-naty-diaz\/","url_meta":{"origin":25483,"position":5},"title":"Lider del PRD presiona a candidata a gubernatura de Oaxaca   del PAN a declinar por ancdidato del PRI; \u201cNO\u201d, le responde Naty D\u00edaz","author":"ariadna","date":"mayo 27, 2022","format":"video","excerpt":"#Redacci\u00f3nOaxaca #Oaxaca Jaime GUERRERO El dirigente Nacional del Partido de la Revoluci\u00f3n Democr\u00e1tica, Jes\u00fas Zambrano Grijalva, pidi\u00f3 a la candidata a la Gubernatura de Oaxaca, del Partido Acci\u00f3n Nacional (PAN), Natividad D\u00edaz Jim\u00e9nez, reflexionar sobre la conveniencia de declinar a favor del candidato com\u00fan del PRD-PRI, Alejandro Avil\u00e9s \u00c1lvarez. En\u2026","rel":"","context":"En &quot;Agenda Pol\u00edtica&quot;","block_context":{"text":"Agenda Pol\u00edtica","link":"https:\/\/redaccionoaxaca.com\/index.php\/category\/agenda-politica\/"},"img":{"alt_text":"","src":"","width":0,"height":0},"classes":[]}],"_links":{"self":[{"href":"https:\/\/redaccionoaxaca.com\/index.php\/wp-json\/wp\/v2\/posts\/25483","targetHints":{"allow":["GET"]}}],"collection":[{"href":"https:\/\/redaccionoaxaca.com\/index.php\/wp-json\/wp\/v2\/posts"}],"about":[{"href":"https:\/\/redaccionoaxaca.com\/index.php\/wp-json\/wp\/v2\/types\/post"}],"author":[{"embeddable":true,"href":"https:\/\/redaccionoaxaca.com\/index.php\/wp-json\/wp\/v2\/users\/9"}],"replies":[{"embeddable":true,"href":"https:\/\/redaccionoaxaca.com\/index.php\/wp-json\/wp\/v2\/comments?post=25483"}],"version-history":[{"count":1,"href":"https:\/\/redaccionoaxaca.com\/index.php\/wp-json\/wp\/v2\/posts\/25483\/revisions"}],"predecessor-version":[{"id":25485,"href":"https:\/\/redaccionoaxaca.com\/index.php\/wp-json\/wp\/v2\/posts\/25483\/revisions\/25485"}],"wp:attachment":[{"href":"https:\/\/redaccionoaxaca.com\/index.php\/wp-json\/wp\/v2\/media?parent=25483"}],"wp:term":[{"taxonomy":"category","embeddable":true,"href":"https:\/\/redaccionoaxaca.com\/index.php\/wp-json\/wp\/v2\/categories?post=25483"},{"taxonomy":"post_tag","embeddable":true,"href":"https:\/\/redaccionoaxaca.com\/index.php\/wp-json\/wp\/v2\/tags?post=25483"}],"curies":[{"name":"wp","href":"https:\/\/api.w.org\/{rel}","templated":true}]}}