{"id":25732,"date":"2022-05-23T13:35:08","date_gmt":"2022-05-23T18:35:08","guid":{"rendered":"https:\/\/redaccionoaxaca.com\/?p=25732"},"modified":"2022-05-23T13:35:08","modified_gmt":"2022-05-23T18:35:08","slug":"aviles-rechaza-acciones-ilegales-en-su-campana-afirma-que-ya-empato-salomon-jara-caballo-que-empata-gana-sentencia","status":"publish","type":"post","link":"https:\/\/redaccionoaxaca.com\/index.php\/2022\/05\/23\/aviles-rechaza-acciones-ilegales-en-su-campana-afirma-que-ya-empato-salomon-jara-caballo-que-empata-gana-sentencia\/","title":{"rendered":"Avil\u00e9s rechaza acciones ilegales en su campa\u00f1a; afirma  que ya empat\u00f3 Salom\u00f3n Jara, \u201ccaballo que empata gana\u201d, sentencia"},"content":{"rendered":"<p><strong>#Redacci\u00f3nOaxaca<\/strong><\/p>\n<p><strong>#Oaxaca <\/strong><\/p>\n<p><strong>Jaime GUERRERO<\/strong><\/p>\n<p style=\"text-align: justify;\">El candidato a la gubernatura de Oaxaca por el PRI-PRD, Alejandro Avil\u00e9s \u00c1lvarez, desestim\u00f3 acciones ilegales en su campa\u00f1a, traiciones de priistas en su campa\u00f1a a la gubernatura y al echar mano de una met\u00e1fora sentenci\u00f3 que en una carrera de caballos, \u201ccaballo que empata gana\u201d.<\/p>\n<p style=\"text-align: justify;\">De acuerdo al abanderado priista, ya empat\u00f3 la elecci\u00f3n.<\/p>\n<p style=\"text-align: justify;\">En la recta final de las campa\u00f1as a 12 d\u00edas de la jornada electoral del 5 de junio, se mostr\u00f3 con \u00e1nimo y seguro el respaldo de la militancia priista en todas las regiones del Estado: la Cuenca, Ca\u00f1ada, Costa, Valle Central y el resto de las zonas.<\/p>\n<p style=\"text-align: justify;\">\u201cEl Triple A\u201d como es conocido en el \u00e1mbito pol\u00edtico, asegur\u00f3 que actoras y actores pol\u00edticos de Morena, PAN, se han sumado a su campa\u00f1a y se dijo listo para ganar el 5 junio.<\/p>\n<p style=\"text-align: justify;\">Al preguntarle sobre el la posici\u00f3n pol\u00edtica-electoral que ha asumido el senador de la rep\u00fablica, Ra\u00fal Bola\u00f1os Cacho Cu\u00e9, de respaldar al candidato de Morena y no al PRI, dijo:<\/p>\n<p style=\"text-align: justify;\">\u201c<em>Cada quien es responsable de sus actos. Si el decidi\u00f3 irse por otro partido a\u00fan cuandi gan\u00f3 por \u00e9ste mismo, el pueblo lo calificar\u00e1\u201d.<\/em><\/p>\n<p style=\"text-align: justify;\">Rechaz\u00f3 entonces, traiciones de priistas. \u201c<em>Los priistas estemos puestos. Ra\u00fal es del Verde Ecologista\u201d.<\/em><\/p>\n<p style=\"text-align: justify;\">Destac\u00f3 que tuvo una oportunidad en el pasado proceso electoral y finalmente opt\u00f3 por el Verde.<\/p>\n<p style=\"text-align: justify;\">Avil\u00e9s \u00c1lvarez, asegur\u00f3 que est\u00e1n conscientes del trabajo que hacen para ganar la elecci\u00f3n el 5 de junio.<\/p>\n<p style=\"text-align: justify;\">Y al evocar una met\u00e1fora, sentenci\u00f3:<\/p>\n<p style=\"text-align: justify;\">\u201c<em>Caballo que empata gana. Ya empatamos. Ya ganamos la campa\u00f1a, las calles, los municipios y regiones y ahora nos resta ganar la elecci\u00f3n el 5 de junio para eso nos hemos preparado\u201d.<\/em><\/p>\n<p style=\"text-align: justify;\">Avil\u00e9s \u00c1lvarez, refiri\u00f3 que la semana de campa\u00f1a que transcurri\u00f3 fue de intensa actividad porque sostuvo reuniones con todas las estructuras de activismo pol\u00edtico, el siguiente paso son los precierres en todas las regiones para afinar y el gran cierre que ser\u00e1 en la capital de Oaxaca el 1 de junio.<\/p>\n<p style=\"text-align: justify;\">Bajo esa perspectiva, \u201cEl Triple A\u201d pidi\u00f3 a la ciudadan\u00eda no dejarse llevar \u201cpor el canto de las sirenas\u201d.<\/p>\n<p style=\"text-align: justify;\">Asegur\u00f3 que Morena trae personajes del \u00e1mbito nacional (en Secretario de Gobernaci\u00f3n, Ad\u00e1n Augusto L\u00f3pez Hern\u00e1ndez; la Jefa de Gobierno, Claudia Sheinbaum Pardo; y el Presidente de la Junta de Coordinaci\u00f3n Pol\u00edtica del Senado de la Rep\u00fablica, Ricardo Monreal \u00c1vila) porque los n\u00fameros no les cuadran y \u00e9stos no votan en Oaxaca, los que votan las y los oaxaque\u00f1os.<\/p>\n<div style=\"width: 696px;\" class=\"wp-video\"><video class=\"wp-video-shortcode\" id=\"video-25732-1\" width=\"696\" height=\"394\" preload=\"metadata\" controls=\"controls\"><source type=\"video\/mp4\" src=\"https:\/\/redaccionoaxaca.com\/wp-content\/uploads\/2022\/05\/VID-20220523-WA0080.mp4?_=1\" \/><a href=\"https:\/\/redaccionoaxaca.com\/wp-content\/uploads\/2022\/05\/VID-20220523-WA0080.mp4\">https:\/\/redaccionoaxaca.com\/wp-content\/uploads\/2022\/05\/VID-20220523-WA0080.mp4<\/a><\/video><\/div>\n","protected":false},"excerpt":{"rendered":"<p>#Redacci\u00f3nOaxaca #Oaxaca Jaime GUERRERO El candidato a la gubernatura de Oaxaca por el PRI-PRD, Alejandro Avil\u00e9s \u00c1lvarez, desestim\u00f3 acciones ilegales en su campa\u00f1a, traiciones de priistas en su campa\u00f1a a la gubernatura y al echar mano de una met\u00e1fora sentenci\u00f3 que en una carrera de caballos, \u201ccaballo que empata gana\u201d. De acuerdo al abanderado priista, [&hellip;]<\/p>\n","protected":false},"author":9,"featured_media":0,"comment_status":"open","ping_status":"open","sticky":false,"template":"","format":"video","meta":{"jetpack_post_was_ever_published":false,"_jetpack_newsletter_access":"","_jetpack_dont_email_post_to_subs":false,"_jetpack_newsletter_tier_id":0,"_jetpack_memberships_contains_paywalled_content":false,"_jetpack_memberships_contains_paid_content":false,"footnotes":"","jetpack_publicize_message":"","jetpack_publicize_feature_enabled":true,"jetpack_social_post_already_shared":true,"jetpack_social_options":{"image_generator_settings":{"template":"highway","default_image_id":0,"font":"","enabled":false},"version":2}},"categories":[4,5,6],"tags":[],"class_list":{"0":"post-25732","1":"post","2":"type-post","3":"status-publish","4":"format-video","6":"category-agenda-politica","7":"category-imagen","8":"category-tendencias","9":"post_format-post-format-video"},"jetpack_publicize_connections":[],"jetpack_featured_media_url":"","jetpack_sharing_enabled":true,"jetpack_shortlink":"https:\/\/wp.me\/p9Ynjw-6H2","jetpack-related-posts":[{"id":23568,"url":"https:\/\/redaccionoaxaca.com\/index.php\/2022\/01\/21\/de-la-sorpresa-a-la-algarabia-el-pri-de-oaxaca-intenta-resurgir-de-las-cenizas-electorales-con-aaa\/","url_meta":{"origin":25732,"position":0},"title":"De la sorpresa a la algarab\u00eda, el PRI de Oaxaca   intenta \u201cresurgir\u201d de las \u201ccenizas electorales\u201d con AAA.","author":"ariadna","date":"enero 21, 2022","format":false,"excerpt":"#Redacci\u00f3nOaxaca #Oaxaca Jaime GUERRERO De la sorpresa por la definici\u00f3n de su inminente candidato a la gubernatura -Alejandro Avil\u00e9s \u00c1lvarez- la clase pri\u00edsta de Oaxaca, intenta pasar a la algarab\u00eda para cerrar filas y remontar el escenario adverso que pesa sobre cuestas, para llegar al 5 de junio a su\u2026","rel":"","context":"En &quot;Agenda Pol\u00edtica&quot;","block_context":{"text":"Agenda Pol\u00edtica","link":"https:\/\/redaccionoaxaca.com\/index.php\/category\/agenda-politica\/"},"img":{"alt_text":"","src":"","width":0,"height":0},"classes":[]},{"id":25610,"url":"https:\/\/redaccionoaxaca.com\/index.php\/2022\/05\/16\/anuncia-candidata-panista-que-solicitara-a-la-fgr-formal-investigacion-de-los-candidatos-en-campana-para-demostrar-con-pruebas-quien-es-quien\/","url_meta":{"origin":25732,"position":1},"title":"Anuncia candidata Panista que solicitar\u00e1 a la FGR formal investigaci\u00f3n de los candidatos en campa\u00f1a para demostrar con pruebas qui\u00e9n es qui\u00e9n","author":"ariadna","date":"mayo 16, 2022","format":"video","excerpt":"#Redacci\u00f3nOaxaca #Oaxaca #MairaRic\u00e1rdezLuna *No ando buscando trabajo, \u00e9l que se va a quedar sin empleo es Avil\u00e9s cuando pierda la Gubernatura, afirma No ando buscando trabajo, \u00e9l que va a quedar desempleado es \u00e9l cuando pierda la Gubernatura, afirm\u00f3 la candidata Panista Naty D\u00edaz en respuesta al planteamiento del priista\u2026","rel":"","context":"En &quot;Agenda Pol\u00edtica&quot;","block_context":{"text":"Agenda Pol\u00edtica","link":"https:\/\/redaccionoaxaca.com\/index.php\/category\/agenda-politica\/"},"img":{"alt_text":"","src":"","width":0,"height":0},"classes":[]},{"id":24825,"url":"https:\/\/redaccionoaxaca.com\/index.php\/2022\/03\/31\/en-morena-hay-pleitos-afirma-aviles-y-adelanta-que-se-sumaran-a-su-campana-los-inconformes-del-partido-de-amlo-y-del-pan\/","url_meta":{"origin":25732,"position":2},"title":"En Morena hay pleitos, afirma Avil\u00e9s y adelanta que se sumaran  a su campa\u00f1a los inconformes del partido de AMLO y del PAN.","author":"ariadna","date":"marzo 31, 2022","format":false,"excerpt":"#Redacci\u00f3nOaxaca #Oaxaca Jaime GUERRERO \u201cAqu\u00ed no tenemos fobias, no tenemos pleitos, los que se pelean son ellos (Morena) aqu\u00ed nuestro \u00fanico compromiso es con Oaxaca, el \u00fanico proposito se llama Oaxaca, por eso a partir de hoy hacemos un gran pacto por Oaxaca\u201d, afirm\u00f3 el candidato com\u00fan del PRI-PRD la\u2026","rel":"","context":"En &quot;Agenda Pol\u00edtica&quot;","block_context":{"text":"Agenda Pol\u00edtica","link":"https:\/\/redaccionoaxaca.com\/index.php\/category\/agenda-politica\/"},"img":{"alt_text":"","src":"","width":0,"height":0},"classes":[]},{"id":25943,"url":"https:\/\/redaccionoaxaca.com\/index.php\/2022\/06\/05\/salomon-jara-y-alejandro-aviles-se-declaran-ganadores-a-la-gubernatura-de-oaxaca\/","url_meta":{"origin":25732,"position":3},"title":"Salom\u00f3n Jara y Alejandro Avil\u00e9s se declaran ganadores a la gubernatura de Oaxaca","author":"ariadna","date":"junio 5, 2022","format":false,"excerpt":"#Redacci\u00f3nOaxaca #Oaxaca Citlalli L\u00f3pez Vel\u00e1zquez Tras el cierre de la jornada electoral, los equipos de campa\u00f1a de Salom\u00f3n Jara de la coalici\u00f3n \u201cJuntos haremos historia en Oaxaca\u201d conformada por Morena, PT, PVEM y PUP, as\u00ed como de Alejandro Avil\u00e9s \u00c1lvarez candidato com\u00fan del PRI-PRD, se declararon ganadores de la contienda\u2026","rel":"","context":"En &quot;Agenda Pol\u00edtica&quot;","block_context":{"text":"Agenda Pol\u00edtica","link":"https:\/\/redaccionoaxaca.com\/index.php\/category\/agenda-politica\/"},"img":{"alt_text":"","src":"","width":0,"height":0},"classes":[]},{"id":25947,"url":"https:\/\/redaccionoaxaca.com\/index.php\/2022\/06\/05\/salomon-jara-aventaja-60-en-eleccion-de-gubernatura-de-oaxaca-mesurado-aviles-tambien-levanta-la-mano\/","url_meta":{"origin":25732,"position":4},"title":"Salomon Jara aventaja 60% en elecci\u00f3n de Gubernatura de Oaxaca; mesurado, Avil\u00e9s tambi\u00e9n levanta la mano","author":"ariadna","date":"junio 5, 2022","format":false,"excerpt":"#Redacci\u00f3nOaxaca #Oaxaca Jaime GUERRERO Tras el cierre de la jornada electoral, los equipos de campa\u00f1a de Salom\u00f3n Jara de la coalici\u00f3n \u201cJuntos haremos historia en Oaxaca\u201d conformada por Morena, PT, PVEM y PUP, as\u00ed como de Alejandro Avil\u00e9s \u00c1lvarez candidato com\u00fan del PRI-PRD, se declararon ganadores de la contienda a\u2026","rel":"","context":"En &quot;Agenda Pol\u00edtica&quot;","block_context":{"text":"Agenda Pol\u00edtica","link":"https:\/\/redaccionoaxaca.com\/index.php\/category\/agenda-politica\/"},"img":{"alt_text":"","src":"","width":0,"height":0},"classes":[]},{"id":23965,"url":"https:\/\/redaccionoaxaca.com\/index.php\/2022\/02\/10\/video-pri-no-entrego-plaza-a-morena-en-oaxaca-ataja-alito-relacion-de-murat-con-amlo-es-institucional-dice-e-invita-susana-a-proyecto-de-aviles\/","url_meta":{"origin":25732,"position":5},"title":"VIDEO: PRI no entreg\u00f3 plaza a Morena en Oaxaca, ataja Alito; relaci\u00f3n  de Murat con AMLO es institucional, dice e invita Susana a proyecto de Avil\u00e9s.","author":"ariadna","date":"febrero 10, 2022","format":"video","excerpt":"#Redacci\u00f3nOaxaca #Oaxaca Jaime GUERRERO El Presidente del Comit\u00e9 Ejecutivo Nacional del Partido Revolucionario Institucional, Alejandro Moreno C\u00e1rdenas, neg\u00f3 que el PRI ya entreg\u00f3 la plaza (gubernatura) en Oaxaca al Movimiento de Regeneraci\u00f3n Nacional (Morena). En entrevista, asegur\u00f3 que un gobernador como es el caso de Alejandro Murat Hinojosa, tiene una\u2026","rel":"","context":"En &quot;Agenda Pol\u00edtica&quot;","block_context":{"text":"Agenda Pol\u00edtica","link":"https:\/\/redaccionoaxaca.com\/index.php\/category\/agenda-politica\/"},"img":{"alt_text":"","src":"","width":0,"height":0},"classes":[]}],"_links":{"self":[{"href":"https:\/\/redaccionoaxaca.com\/index.php\/wp-json\/wp\/v2\/posts\/25732","targetHints":{"allow":["GET"]}}],"collection":[{"href":"https:\/\/redaccionoaxaca.com\/index.php\/wp-json\/wp\/v2\/posts"}],"about":[{"href":"https:\/\/redaccionoaxaca.com\/index.php\/wp-json\/wp\/v2\/types\/post"}],"author":[{"embeddable":true,"href":"https:\/\/redaccionoaxaca.com\/index.php\/wp-json\/wp\/v2\/users\/9"}],"replies":[{"embeddable":true,"href":"https:\/\/redaccionoaxaca.com\/index.php\/wp-json\/wp\/v2\/comments?post=25732"}],"version-history":[{"count":1,"href":"https:\/\/redaccionoaxaca.com\/index.php\/wp-json\/wp\/v2\/posts\/25732\/revisions"}],"predecessor-version":[{"id":25735,"href":"https:\/\/redaccionoaxaca.com\/index.php\/wp-json\/wp\/v2\/posts\/25732\/revisions\/25735"}],"wp:attachment":[{"href":"https:\/\/redaccionoaxaca.com\/index.php\/wp-json\/wp\/v2\/media?parent=25732"}],"wp:term":[{"taxonomy":"category","embeddable":true,"href":"https:\/\/redaccionoaxaca.com\/index.php\/wp-json\/wp\/v2\/categories?post=25732"},{"taxonomy":"post_tag","embeddable":true,"href":"https:\/\/redaccionoaxaca.com\/index.php\/wp-json\/wp\/v2\/tags?post=25732"}],"curies":[{"name":"wp","href":"https:\/\/api.w.org\/{rel}","templated":true}]}}