{"id":27388,"date":"2022-08-22T19:05:23","date_gmt":"2022-08-23T00:05:23","guid":{"rendered":"https:\/\/redaccionoaxaca.com\/?p=27388"},"modified":"2022-08-22T19:05:23","modified_gmt":"2022-08-23T00:05:23","slug":"158-homicidas-continuan-libres-mientras-15-familias-siguen-llorando-a-sus-muertos-comite-de-victimas-de-huazantlan-acusa-que-en-el-nuevo-cabildo-de-san-mateo-hay-participes-del-multihomicidio","status":"publish","type":"post","link":"https:\/\/redaccionoaxaca.com\/index.php\/2022\/08\/22\/158-homicidas-continuan-libres-mientras-15-familias-siguen-llorando-a-sus-muertos-comite-de-victimas-de-huazantlan-acusa-que-en-el-nuevo-cabildo-de-san-mateo-hay-participes-del-multihomicidio\/","title":{"rendered":"158 homicidas contin\u00faan libres, mientras 15 familias siguen llorando a sus muertos, Comite de V\u00edctimas de Huazantlan acusa que en el nuevo cabildo de San Mateo hay participes del multihomicidio"},"content":{"rendered":"<p style=\"text-align: justify;\"><strong>#Redacci\u00f3nOaxaca<\/strong><\/p>\n<p style=\"text-align: justify;\"><strong>#Oaxaca<\/strong><\/p>\n<p style=\"text-align: justify;\"><strong>Maira Ric\u00e1rdez Luna<\/strong><\/p>\n<p style=\"text-align: justify;\">A dos a\u00f1os de la masacre ocurrida en Huazatlan del R\u00edo, perteneciente a San Mateo del Mar, regi\u00f3n del Istmo de Tehuantepec, hay pendientes 158 \u00f3rdenes de aprehensi\u00f3n por ejecutar, denunciaron est\u00e1 ma\u00f1ana los familiares de las v\u00edctimas en el marco de una protesta en la explanada de la Agencia Estatal de Investigaciones (AEI) de la Fiscal\u00eda General de Justicia de Oaxaca.<\/p>\n<p style=\"text-align: justify;\">El Vocero del Comit\u00e9 de V\u00edctimas de Huazatlan del R\u00edo, Jorge Arroyo, acuso que miembros del nuevo Cabildo de San Mateo del Mar, que ganaron a partir de una elecci\u00f3n ama\u00f1ada recalc\u00f3, son participes de este crimen masivo, &#8220;la asamblea donde fue electa la nueva autoridad fue manipulada por los asesinos&#8221;, dijo de manera directa.<\/p>\n<p style=\"text-align: justify;\">En estos hechos perdieron la vida 15 ind\u00edgenas Ikoots, recapitularon, y la Fiscal\u00eda de Oaxaca solo ha reportado la detenci\u00f3n de tres sujetos, quienes supuestamente fueron los principales incitadores de la masacre, cuando la lista de asesinos participantes es larga, se\u00f1alaron. &#8220;Hay m\u00e1s de 160 personas involucradas que a la fecha no han sido notificadas&#8221;.<\/p>\n<p style=\"text-align: justify;\">En este contexto urgieron a las autoridades apresurar sus procesos de investigaci\u00f3n, no descansar\u00e1n advirtieron, hasta ver caer a todos los responsables de este acto sangriento.<\/p>\n<p style=\"text-align: justify;\">&#8220;Una peque\u00f1a comunidad Ikoot se convirti\u00f3 en epicentro de una de las masacres m\u00e1s sangrientas del pasado reciente de nuestro pa\u00eds; los responsables son 161 personas, de las cuales, por fin, tres est\u00e1n durmiendo en prisi\u00f3n, el \u00faltimo Jos\u00e9 Luis N&#8221; pero es burlesco que el resto sigan libres, se\u00f1alaron.<\/p>\n<p style=\"text-align: justify;\">A\u00f1adieron que la &#8220;gran faena&#8221; no ha culminado, y continuar\u00e1n hasta lograr que se ejecuten las 158 \u00f3rdenes de aprehensi\u00f3n restantes, adem\u00e1s de que las autoridades deben garantizar que los responsables detenidos sean sentenciados por las muertes de la masacre de San Mateo del Mar.<\/p>\n","protected":false},"excerpt":{"rendered":"<p>#Redacci\u00f3nOaxaca #Oaxaca Maira Ric\u00e1rdez Luna A dos a\u00f1os de la masacre ocurrida en Huazatlan del R\u00edo, perteneciente a San Mateo del Mar, regi\u00f3n del Istmo de Tehuantepec, hay pendientes 158 \u00f3rdenes de aprehensi\u00f3n por ejecutar, denunciaron est\u00e1 ma\u00f1ana los familiares de las v\u00edctimas en el marco de una protesta en la explanada de la Agencia [&hellip;]<\/p>\n","protected":false},"author":9,"featured_media":0,"comment_status":"open","ping_status":"open","sticky":false,"template":"","format":"standard","meta":{"jetpack_post_was_ever_published":false,"_jetpack_newsletter_access":"","_jetpack_dont_email_post_to_subs":false,"_jetpack_newsletter_tier_id":0,"_jetpack_memberships_contains_paywalled_content":false,"_jetpack_memberships_contains_paid_content":false,"footnotes":"","jetpack_publicize_message":"","jetpack_publicize_feature_enabled":true,"jetpack_social_post_already_shared":true,"jetpack_social_options":{"image_generator_settings":{"template":"highway","default_image_id":0,"font":"","enabled":false},"version":2}},"categories":[4,7,5],"tags":[],"class_list":{"0":"post-27388","1":"post","2":"type-post","3":"status-publish","4":"format-standard","6":"category-agenda-politica","7":"category-al-cierre","8":"category-imagen"},"jetpack_publicize_connections":[],"jetpack_featured_media_url":"","jetpack_sharing_enabled":true,"jetpack_shortlink":"https:\/\/wp.me\/p9Ynjw-77K","jetpack-related-posts":[{"id":27922,"url":"https:\/\/redaccionoaxaca.com\/index.php\/2022\/09\/21\/nuevamente-familiares-de-victimas-de-masacre-de-san-mateo-del-mar-protestan-frente-a-la-aei-de-la-fiscalia\/","url_meta":{"origin":27388,"position":0},"title":"Nuevamente, familiares de v\u00edctimas de masacre de San Mateo del Mar protestan frente a la AEI de la Fiscal\u00eda","author":"ariadna","date":"septiembre 21, 2022","format":false,"excerpt":"#Redacci\u00f3nOaxaca #Oaxaca #MairaRic\u00e1rdezLuna *A dos a\u00f1os de la masacre, se\u00f1alan que a\u00fan quedan pendientes 158 \u00f3rdenes de aprehensi\u00f3n por ejecutar. Expusieron que por este hecho donde perdieron la vida 15 ind\u00edgenas Ikoots, la fiscal\u00eda de Oaxaca solo ha reportado la detenci\u00f3n de tres sujetos quienes presuntamente fueron los principales incitadores\u2026","rel":"","context":"En &quot;Mesa de Redacci\u00f3n&quot;","block_context":{"text":"Mesa de Redacci\u00f3n","link":"https:\/\/redaccionoaxaca.com\/index.php\/category\/mesa-de-redaccion\/"},"img":{"alt_text":"","src":"","width":0,"height":0},"classes":[]},{"id":15892,"url":"https:\/\/redaccionoaxaca.com\/index.php\/2020\/12\/21\/video-con-planton-familiares-de-victimas-asesinadas-en-huazantlan-del-rio-exigen-justicias-a-6-meses-del-multihomicidio\/","url_meta":{"origin":27388,"position":1},"title":"VIDEO: Con plant\u00f3n, familiares de v\u00edctimas asesinadas en Huazantl\u00e1n del R\u00edo, exigen justicias a 6 meses del multihomicidio.","author":"ariadna","date":"diciembre 21, 2020","format":"video","excerpt":"#Redacci\u00f3nOaxaca #Oaxaca Ariadna Mendoza La ma\u00f1ana de este lunes, habitantes de la agencia de #Huazantl\u00e1n del R\u00edo, perteneciente al municipio de San Mateo del Mar, en el #Istmo de #Tehuantepec\u00a0se instalaron en plant\u00f3n frente a Palacio de Gobierno de Oaxaca, para exigir justicia tras el multihomicidio de 15 personas, ocurrido\u2026","rel":"","context":"En &quot;Agenda Pol\u00edtica&quot;","block_context":{"text":"Agenda Pol\u00edtica","link":"https:\/\/redaccionoaxaca.com\/index.php\/category\/agenda-politica\/"},"img":{"alt_text":"","src":"","width":0,"height":0},"classes":[]},{"id":12966,"url":"https:\/\/redaccionoaxaca.com\/index.php\/2020\/06\/22\/torturaron-y-quemaron-a-15-indigenas-en-istmo-de-oaxaca-confirman-autoridades-ni-guardia-nacional-pudo-contener-la-violencia\/","url_meta":{"origin":27388,"position":2},"title":"Torturaron y quemaron a 15 ind\u00edgenas en Istmo de #Oaxaca, confirman autoridades; &#8220;ni Guardia Nacional pudo contener la violencia&#8221;.","author":"ariadna","date":"junio 22, 2020","format":false,"excerpt":"#Redacci\u00f3nOaxaca #Oaxaca Jaime GUERRERO A trav\u00e9s de un comunicado, las autoridades municipales de San Mateo del Mar, confirmaron la tortura y muerte de 15 personas esa poblaci\u00f3n y culparon de esos hechos a pobladores de Huazantl\u00e1n del R\u00edo, quienes fueron encabezados por Jos\u00e9 Luis Ch\u00e1vez Salinas, quien se ostenta como\u2026","rel":"","context":"En &quot;Agenda Pol\u00edtica&quot;","block_context":{"text":"Agenda Pol\u00edtica","link":"https:\/\/redaccionoaxaca.com\/index.php\/category\/agenda-politica\/"},"img":{"alt_text":"","src":"https:\/\/i0.wp.com\/redaccionoaxaca.com\/wp-content\/uploads\/2020\/06\/IMG-20200622-WA0033-300x225.jpg?resize=350%2C200","width":350,"height":200},"classes":[]},{"id":8091,"url":"https:\/\/redaccionoaxaca.com\/index.php\/2019\/08\/21\/violacion-y-abusos-fisicos-ocurren-en-normal-rural-de-tamazulapam-oaxaca\/","url_meta":{"origin":27388,"position":3},"title":"Violaci\u00f3n y abusos f\u00edsicos ocurren en Normal Rural de Tamazulapam, Oaxaca.","author":"ariadna","date":"agosto 21, 2019","format":false,"excerpt":"#Redacci\u00f3nOaxaca #Oaxaca Tres casos de violaci\u00f3n y abusos f\u00edsicos se habr\u00edan cometido recientemente al interior de las Escuela Normal Rural Vanguardia de Tamazulapam del Progreso, propiciados por el Comit\u00e9 Estudiantil en complicidad con docentes y personal administrativo. Las v\u00edctimas fueron estudiantes de nuevo ingreso quienes, de acuerdo a una de\u2026","rel":"","context":"Entrada similar ","block_context":{"text":"Entrada similar ","link":""},"img":{"alt_text":"","src":"","width":0,"height":0},"classes":[]},{"id":12995,"url":"https:\/\/redaccionoaxaca.com\/index.php\/2020\/06\/22\/investiga-fiscalia-general-hechos-violentos-en-la-zona-de-san-mateo-del-mar-15-personas-fueron-victimas-de-homicidio\/","url_meta":{"origin":27388,"position":4},"title":"Investiga Fiscal\u00eda General hechos violentos en la zona de San Mateo del Mar; 15 personas fueron v\u00edctimas de homicidio.","author":"ariadna","date":"junio 22, 2020","format":false,"excerpt":"#Redacci\u00f3nOaxaca #Oaxaca \u2022 Despu\u00e9s de las primeras diligencias hechas por la Fiscal\u00eda General, se confirma el fallecimiento de 2 mujeres y 13 hombres. \u2022 Personal de la Agencia Estatal de Investigaciones, Agentes del Ministerio P\u00fablico y peritos del Instituto de Servicios Periciales, realizaron el procesamiento del lugar de los hechos,\u2026","rel":"","context":"En &quot;Mesa de Redacci\u00f3n&quot;","block_context":{"text":"Mesa de Redacci\u00f3n","link":"https:\/\/redaccionoaxaca.com\/index.php\/category\/mesa-de-redaccion\/"},"img":{"alt_text":"","src":"","width":0,"height":0},"classes":[]},{"id":28271,"url":"https:\/\/redaccionoaxaca.com\/index.php\/2022\/10\/13\/la-proxima-semana-oaxaca-podria-tener-nuevo-tiradero-el-municipio-solicitara-al-estado-por-decision-del-cabildo-apoyo-financiero-para-comprar-predio\/","url_meta":{"origin":27388,"position":5},"title":"La pr\u00f3xima semana Oaxaca podr\u00eda tener nuevo tiradero, el Municipio solicitar\u00e1 al Estado por decisi\u00f3n del cabildo, apoyo financiero para comprar predio","author":"ariadna","date":"octubre 13, 2022","format":false,"excerpt":"#Redacci\u00f3nOaxaca #Oaxaca Maira Ric\u00e1rdez Luna En Sesi\u00f3n extraordinaria, el Cabildo del Municipio de Oaxaca , le autoriz\u00f3 al edil capitalino Francisco Mart\u00ednez Neri , solicitar al Gobierno del estado, su apoyo financiero para poder adquirir el predio para el nuevo relleno sanitario y poder acelerar los tiempos y gestiones para\u2026","rel":"","context":"En &quot;Imagen&quot;","block_context":{"text":"Imagen","link":"https:\/\/redaccionoaxaca.com\/index.php\/category\/imagen\/"},"img":{"alt_text":"","src":"","width":0,"height":0},"classes":[]}],"_links":{"self":[{"href":"https:\/\/redaccionoaxaca.com\/index.php\/wp-json\/wp\/v2\/posts\/27388","targetHints":{"allow":["GET"]}}],"collection":[{"href":"https:\/\/redaccionoaxaca.com\/index.php\/wp-json\/wp\/v2\/posts"}],"about":[{"href":"https:\/\/redaccionoaxaca.com\/index.php\/wp-json\/wp\/v2\/types\/post"}],"author":[{"embeddable":true,"href":"https:\/\/redaccionoaxaca.com\/index.php\/wp-json\/wp\/v2\/users\/9"}],"replies":[{"embeddable":true,"href":"https:\/\/redaccionoaxaca.com\/index.php\/wp-json\/wp\/v2\/comments?post=27388"}],"version-history":[{"count":1,"href":"https:\/\/redaccionoaxaca.com\/index.php\/wp-json\/wp\/v2\/posts\/27388\/revisions"}],"predecessor-version":[{"id":27390,"href":"https:\/\/redaccionoaxaca.com\/index.php\/wp-json\/wp\/v2\/posts\/27388\/revisions\/27390"}],"wp:attachment":[{"href":"https:\/\/redaccionoaxaca.com\/index.php\/wp-json\/wp\/v2\/media?parent=27388"}],"wp:term":[{"taxonomy":"category","embeddable":true,"href":"https:\/\/redaccionoaxaca.com\/index.php\/wp-json\/wp\/v2\/categories?post=27388"},{"taxonomy":"post_tag","embeddable":true,"href":"https:\/\/redaccionoaxaca.com\/index.php\/wp-json\/wp\/v2\/tags?post=27388"}],"curies":[{"name":"wp","href":"https:\/\/api.w.org\/{rel}","templated":true}]}}