{"id":27391,"date":"2022-08-22T19:11:22","date_gmt":"2022-08-23T00:11:22","guid":{"rendered":"https:\/\/redaccionoaxaca.com\/?p=27391"},"modified":"2022-08-22T19:11:22","modified_gmt":"2022-08-23T00:11:22","slug":"las-corporaciones-de-seguridad-estamos-haciendo-nuestra-parte-la-incidencia-delictiva-en-oaxaca-es-menor-que-en-el-resto-del-pais-secretaria-de-seguridad-del-estado","status":"publish","type":"post","link":"https:\/\/redaccionoaxaca.com\/index.php\/2022\/08\/22\/las-corporaciones-de-seguridad-estamos-haciendo-nuestra-parte-la-incidencia-delictiva-en-oaxaca-es-menor-que-en-el-resto-del-pais-secretaria-de-seguridad-del-estado\/","title":{"rendered":"Las corporaciones de seguridad estamos haciendo nuestra parte, la incidencia delictiva en Oaxaca es menor que en el resto del pa\u00eds: Secretaria de Seguridad del Estado"},"content":{"rendered":"<p><strong>#Redacci\u00f3nOaxaca<\/strong><\/p>\n<p><strong>#Oaxaca<\/strong><\/p>\n<p><strong>Maira Ric\u00e1rdez Luna<\/strong><\/p>\n<p style=\"text-align: justify;\">Aunque la percepci\u00f3n ciudadana pudiera ser distinta, Oaxaca est\u00e1 entre los 10 estados m\u00e1s seguros del pa\u00eds, reiter\u00f3 la Secretaria de Seguridad P\u00fablica de Oaxaca (SSPO), Dalia Ba\u00f1os Noyola , qui\u00e9n aport\u00f3 datos duros sobre este sensible tema en el marco de la entrega de la insignia a las y los miembros de la 5a. generaci\u00f3n de la Unidad Policial de Operaciones Especiales (UPOE), efectuada hoy en el Instituto de Profesionalizaci\u00f3n Policial del Estado.<\/p>\n<p style=\"text-align: justify;\">Reconoci\u00f3 a los nuevos elementos de la polic\u00eda estatal que ahora est\u00e1n profesionalmente acreditados para brindar un servicio honorable en bien del Estado, y reconoci\u00f3 a la Polic\u00eda de Oaxaca como una de las siete instituciones policiales del pa\u00eds con mayor confianza ciudadana.<\/p>\n<p style=\"text-align: justify;\">Preciso -de acuerdo a los datos del Secretariado Nacional de Seguridad P\u00fablica- que la incidencia delictiva en Oaxaca por cada 100 mil habitantes, es del 22.1% contra una mediana en el pa\u00eds del 30% , y es que no es que Oaxaca sea un para\u00edso destac\u00f3, la incidencia de inseguridad en diversos estados est\u00e1 a la alza y en Oaxaca se viven los fen\u00f3menos propios, pero con las herramientas que tenemos y el personal invaluable para est\u00e1 labor, las corporaciones de seguridad estamos haciendo nuestra parte, afirm\u00f3 ante el Gobernador de Oaxaca, y la base Policial reunida en el evento.<\/p>\n","protected":false},"excerpt":{"rendered":"<p>#Redacci\u00f3nOaxaca #Oaxaca Maira Ric\u00e1rdez Luna Aunque la percepci\u00f3n ciudadana pudiera ser distinta, Oaxaca est\u00e1 entre los 10 estados m\u00e1s seguros del pa\u00eds, reiter\u00f3 la Secretaria de Seguridad P\u00fablica de Oaxaca (SSPO), Dalia Ba\u00f1os Noyola , qui\u00e9n aport\u00f3 datos duros sobre este sensible tema en el marco de la entrega de la insignia a las y [&hellip;]<\/p>\n","protected":false},"author":9,"featured_media":0,"comment_status":"open","ping_status":"open","sticky":false,"template":"","format":"standard","meta":{"jetpack_post_was_ever_published":false,"_jetpack_newsletter_access":"","_jetpack_dont_email_post_to_subs":false,"_jetpack_newsletter_tier_id":0,"_jetpack_memberships_contains_paywalled_content":false,"_jetpack_memberships_contains_paid_content":false,"footnotes":"","jetpack_publicize_message":"","jetpack_publicize_feature_enabled":true,"jetpack_social_post_already_shared":true,"jetpack_social_options":{"image_generator_settings":{"template":"highway","default_image_id":0,"font":"","enabled":false},"version":2}},"categories":[7,3],"tags":[],"class_list":{"0":"post-27391","1":"post","2":"type-post","3":"status-publish","4":"format-standard","6":"category-al-cierre","7":"category-mesa-de-redaccion"},"jetpack_publicize_connections":[],"jetpack_featured_media_url":"","jetpack_sharing_enabled":true,"jetpack_shortlink":"https:\/\/wp.me\/p9Ynjw-77N","jetpack-related-posts":[{"id":27394,"url":"https:\/\/redaccionoaxaca.com\/index.php\/2022\/08\/22\/94-de-las-policias-de-oaxaca-estan-acreditadaa-murat-y-vera-entregan-insignias-a-5a-generacion-de-la-upoe-de-la-policia-estatal\/","url_meta":{"origin":27391,"position":0},"title":"94% de las polic\u00edas de Oaxaca, est\u00e1n acreditadaa; Murat y Vera,   entregan insignias a 5\u00aa generaci\u00f3n de la UPOE de la Polic\u00eda Estatal","author":"ariadna","date":"agosto 22, 2022","format":false,"excerpt":"#Redacci\u00f3nOaxaca #Oaxaca Jaime GUERRERO El 94% del total de la fuerza p\u00fablica de Oaxaca se encuentra acreditada, report\u00f3 el secretario ejecutivo del Sistema Estatal de Seguridad P\u00fablica de Oaxaca (SESESPO), Jos\u00e9 Manuel Vera Salinas, durante la entrega de 25 insignias a las y los integrantes de la 5\u00aa generaci\u00f3n de\u2026","rel":"","context":"En &quot;Al Cierre&quot;","block_context":{"text":"Al Cierre","link":"https:\/\/redaccionoaxaca.com\/index.php\/category\/al-cierre\/"},"img":{"alt_text":"","src":"","width":0,"height":0},"classes":[]},{"id":3058,"url":"https:\/\/redaccionoaxaca.com\/index.php\/2018\/10\/05\/reciben-policias-estatales-de-oaxaca-presea-nacional-chimalli-al-merito-policial-la-secretaria-de-seguridad-publica-de-oaxaca-sspo-encabezada-por-el-capitan-de-fragata-jose-ray\/","url_meta":{"origin":27391,"position":1},"title":"RECIBEN POLIC\u00cdAS ESTATALES DE OAXACA PRESEA NACIONAL \u201cCHIMALLI\u201d AL M\u00c9RITO POLICIAL   La Secretar\u00eda de Seguridad P\u00fablica de Oaxaca (SSPO), encabezada por el Capit\u00e1n de Fragata, Jos\u00e9 Raymundo Tu\u00f1\u00f3n J\u00e1uregui, dio a conocer que la ma\u00f1ana de este viernes  tres elementos de la Polic\u00eda Estatal fueron condecorados con la presea \u201cChimalli\u201d al m\u00e9rito policial, en la Ciudad de M\u00e9xico.  Cabe mencionar que el reconocimiento otorgado por el Consejo Nacional de la Abogac\u00eda \u201cIgnacio L. Vallarta\u201d, se otorga derivado de los actos de valor, lealtad, honor y compromiso a la Instituci\u00f3n policial a la que pertenece cada elemento, as\u00ed como con la sociedad.  Fue as\u00ed como tres efectivos de las fuerzas estatales, recibieron preseas por m\u00e9rito a su labor, siendo en primera instancia el Polic\u00eda Segundo, Remigio S\u00e1nchez D\u00edaz por su trabajo constante; seguido de la Polic\u00eda Estatal, Vicenta Herrera Mart\u00ednez y del Polic\u00eda Estatal, Heberto Pedro Isidro por su destacada participaci\u00f3n en operativos de seguridad de alto riesgo.  La ceremonia protocolaria fue realizada alrededor de las 08:30 horas, en las instalaciones del Hotel The Green Park, ubicado en la Ciudad de M\u00e9xico, en donde la dependencia encargada de la seguridad de los oaxaque\u00f1os se engalan\u00f3 con el reconocimiento a las mujeres y los hombres que la conforman","author":"denise","date":"octubre 5, 2018","format":false,"excerpt":"La Secretar\u00eda de Seguridad P\u00fablica de Oaxaca (SSPO), encabezada por el Capit\u00e1n de Fragata, Jos\u00e9 Raymundo Tu\u00f1\u00f3n J\u00e1uregui, dio a conocer que la ma\u00f1ana de este viernes tres elementos de la Polic\u00eda Estatal fueron condecorados con la presea \u201cChimalli\u201d al m\u00e9rito policial, en la Ciudad de M\u00e9xico. Cabe mencionar que\u2026","rel":"","context":"En &quot;Agenda Pol\u00edtica&quot;","block_context":{"text":"Agenda Pol\u00edtica","link":"https:\/\/redaccionoaxaca.com\/index.php\/category\/agenda-politica\/"},"img":{"alt_text":"","src":"","width":0,"height":0},"classes":[]},{"id":27377,"url":"https:\/\/redaccionoaxaca.com\/index.php\/2022\/08\/22\/policias-estatales-de-oaxaca-las-mejores-del-pais-su-compromiso-ha-hecho-que-la-entidad-sea-de-las-mas-seguras-del-pais-dalia-banos-noyola\/","url_meta":{"origin":27391,"position":2},"title":"POLIC\u00cdAS ESTATALES DE OAXACA, LAS MEJORES DEL PA\u00cdS, SU COMPROMISO HA HECHO QUE LA ENTIDAD SEA DE LAS M\u00c1S SEGURAS DEL PA\u00cdS* : DALIA BA\u00d1OS NOYOLA","author":"ariadna","date":"agosto 22, 2022","format":false,"excerpt":"#Redacci\u00f3nOaxaca #Oaxaca Oaxaca de Ju\u00e1rez, Oax., 22 de agosto de 2022.- La Polic\u00eda Estatal de Oaxaca es considerada una de las siete instituciones policiales del pa\u00eds con mayor confianza ciudadana, destac\u00f3 la titular de la Secretar\u00eda de Seguridad P\u00fablica de Oaxaca (SSPO), Dalia Ba\u00f1os Noyola en el marco de la\u2026","rel":"","context":"En &quot;Imagen&quot;","block_context":{"text":"Imagen","link":"https:\/\/redaccionoaxaca.com\/index.php\/category\/imagen\/"},"img":{"alt_text":"","src":"https:\/\/i0.wp.com\/redaccionoaxaca.com\/wp-content\/uploads\/2022\/08\/IMG-20220822-WA0075-300x225.jpg?resize=350%2C200&ssl=1","width":350,"height":200},"classes":[]},{"id":23511,"url":"https:\/\/redaccionoaxaca.com\/index.php\/2022\/01\/18\/obtiene-sspo-resultados-alentadores-en-la-lucha-de-las-fuerzas-policiales-y-bomberos-por-construir-paz-y-seguridad-para-oaxaca\/","url_meta":{"origin":27391,"position":3},"title":"Obtiene SSPO resultados alentadores en la lucha de las fuerzas policiales y bomberos por construir paz y seguridad para Oaxaca.","author":"ariadna","date":"enero 18, 2022","format":"video","excerpt":"#Redacci\u00f3nOaxaca #Oaxaca Comunicado San Raymundo Jalpan, Oax. 18 de enero de 2022.- Oaxaca es el s\u00e9ptimo estado m\u00e1s seguro a nivel nacional con m\u00e1s de 10 mil elementos de seguridad p\u00fablica en el Registro \u00danico de Polic\u00edas (RUPO), y d\u00e9cimo lugar a nivel nacional en cu\u00e1nto a servidores p\u00fablicos con\u2026","rel":"","context":"En &quot;Agenda Pol\u00edtica&quot;","block_context":{"text":"Agenda Pol\u00edtica","link":"https:\/\/redaccionoaxaca.com\/index.php\/category\/agenda-politica\/"},"img":{"alt_text":"","src":"https:\/\/i0.wp.com\/redaccionoaxaca.com\/wp-content\/uploads\/2022\/01\/IMG-20220118-WA0107-300x200.jpg?resize=350%2C200&ssl=1","width":350,"height":200},"classes":[]},{"id":38839,"url":"https:\/\/redaccionoaxaca.com\/index.php\/2025\/10\/23\/regresa-el-operativo-pescador-a-la-central-de-abasto-de-oaxaca-participan-mas-de-800-elementos-de-seguridad\/","url_meta":{"origin":27391,"position":4},"title":"Regresa el operativo \u201cPescador\u201d a la Central de Abasto de Oaxaca; participan m\u00e1s de 800 elementos de seguridad","author":"ariadna","date":"octubre 23, 2025","format":false,"excerpt":"#Redacci\u00f3nOaxaca #Oaxaca Por instrucciones del gobernador del estado Salom\u00f3n Jara Cruz\u00a0 ante los resultados positivos obtenidos en ediciones anteriores, este jueves regres\u00f3 el operativo \u201cPescador\u201d a la Central de Abasto de Oaxaca, con el objetivo de reforzar la seguridad en una de las zonas comerciales m\u00e1s grandes y concurridas de\u2026","rel":"","context":"En &quot;Agenda Pol\u00edtica&quot;","block_context":{"text":"Agenda Pol\u00edtica","link":"https:\/\/redaccionoaxaca.com\/index.php\/category\/agenda-politica\/"},"img":{"alt_text":"","src":"","width":0,"height":0},"classes":[]},{"id":6690,"url":"https:\/\/redaccionoaxaca.com\/index.php\/2019\/05\/08\/aplaza-guardia-nacional-llegada-a-oaxaca\/","url_meta":{"origin":27391,"position":5},"title":"Aplaza Guardia Nacional, llegada a Oaxaca.","author":"jaime","date":"mayo 8, 2019","format":false,"excerpt":"#Redacci\u00f3nOaxaca #Oaxaca \u00a0 Jaime GUERRERO \u00a0 El gobernador del Estado, Alejandro Murat Hinojosa, confirm\u00f3 que Oaxaca no es de los Estados del pa\u00eds prioritarios para el arribo de la Guardia Nacional, por tanto, ese cuerpo de seguridad aun retrasara unos d\u00edas su llegada al Estado. El mandatario estatal indic\u00f3 que\u2026","rel":"","context":"Entrada similar ","block_context":{"text":"Entrada similar ","link":""},"img":{"alt_text":"","src":"","width":0,"height":0},"classes":[]}],"_links":{"self":[{"href":"https:\/\/redaccionoaxaca.com\/index.php\/wp-json\/wp\/v2\/posts\/27391","targetHints":{"allow":["GET"]}}],"collection":[{"href":"https:\/\/redaccionoaxaca.com\/index.php\/wp-json\/wp\/v2\/posts"}],"about":[{"href":"https:\/\/redaccionoaxaca.com\/index.php\/wp-json\/wp\/v2\/types\/post"}],"author":[{"embeddable":true,"href":"https:\/\/redaccionoaxaca.com\/index.php\/wp-json\/wp\/v2\/users\/9"}],"replies":[{"embeddable":true,"href":"https:\/\/redaccionoaxaca.com\/index.php\/wp-json\/wp\/v2\/comments?post=27391"}],"version-history":[{"count":1,"href":"https:\/\/redaccionoaxaca.com\/index.php\/wp-json\/wp\/v2\/posts\/27391\/revisions"}],"predecessor-version":[{"id":27393,"href":"https:\/\/redaccionoaxaca.com\/index.php\/wp-json\/wp\/v2\/posts\/27391\/revisions\/27393"}],"wp:attachment":[{"href":"https:\/\/redaccionoaxaca.com\/index.php\/wp-json\/wp\/v2\/media?parent=27391"}],"wp:term":[{"taxonomy":"category","embeddable":true,"href":"https:\/\/redaccionoaxaca.com\/index.php\/wp-json\/wp\/v2\/categories?post=27391"},{"taxonomy":"post_tag","embeddable":true,"href":"https:\/\/redaccionoaxaca.com\/index.php\/wp-json\/wp\/v2\/tags?post=27391"}],"curies":[{"name":"wp","href":"https:\/\/api.w.org\/{rel}","templated":true}]}}