{"id":27394,"date":"2022-08-22T19:27:03","date_gmt":"2022-08-23T00:27:03","guid":{"rendered":"https:\/\/redaccionoaxaca.com\/?p=27394"},"modified":"2022-08-22T19:27:03","modified_gmt":"2022-08-23T00:27:03","slug":"94-de-las-policias-de-oaxaca-estan-acreditadaa-murat-y-vera-entregan-insignias-a-5a-generacion-de-la-upoe-de-la-policia-estatal","status":"publish","type":"post","link":"https:\/\/redaccionoaxaca.com\/index.php\/2022\/08\/22\/94-de-las-policias-de-oaxaca-estan-acreditadaa-murat-y-vera-entregan-insignias-a-5a-generacion-de-la-upoe-de-la-policia-estatal\/","title":{"rendered":"94% de las polic\u00edas de Oaxaca, est\u00e1n acreditadaa; Murat y Vera,   entregan insignias a 5\u00aa generaci\u00f3n de la UPOE de la Polic\u00eda Estatal"},"content":{"rendered":"<p><strong>#Redacci\u00f3nOaxaca<\/strong><\/p>\n<p><strong>#Oaxaca<\/strong><\/p>\n<p><strong>Jaime GUERRERO<\/strong><\/p>\n<p style=\"text-align: justify;\">El 94% del total de la fuerza p\u00fablica de Oaxaca se encuentra acreditada, report\u00f3 el secretario ejecutivo del Sistema Estatal de Seguridad P\u00fablica de Oaxaca (SESESPO), Jos\u00e9 Manuel Vera Salinas, durante la entrega de 25 insignias a las y los integrantes de la 5\u00aa generaci\u00f3n de la Unidad Policial de Operaciones Especiales (UPOE) de la Polic\u00eda Estatal de Oaxaca.<\/p>\n<p style=\"text-align: justify;\">Ante el gobernador Alejandro Murat Hinojosa, destac\u00f3 que gracias al trabajo que se realiza en Instituto de Capacitaci\u00f3n Policial, al momento el avance en la certificaci\u00f3n de los elementos de la Polic\u00eda Preventiva es del 97%, para las Polic\u00edas Preventivas Municipales el 91%, para los Agentes Estatales de Investigaci\u00f3n el 93% y el 100% para los agentes de Guardia y Custodia.<\/p>\n<p style=\"text-align: justify;\">En s\u00edntesis, hasta el momento el 97% del total de la fuerza publica ya se encuentra certificada.<\/p>\n<p style=\"text-align: justify;\">Vera Salinas inform\u00f3 que esta 5\u00aa Generaci\u00f3n de las y los elementos de la UPOE fueron capacitados en las instalaciones de las fuerzas especiales de la Secretar\u00eda de Marina y Armada de M\u00e9xico, por lo que cuentan con los conocimientos y adiestramientos \u00f3ptimos para su desempe\u00f1o.<\/p>\n<p style=\"text-align: justify;\">\u201cDesde el 2001 la UPOE ha servido a los oaxaque\u00f1os con lealtad, valor, pero sobre todo con respeto irrestricto a los Derechos Humanos. A 21 a\u00f1os de distancia, estos elementos se suman a la tarea de hacer 100 veces mejor la labor a los polic\u00edas de l\u00ednea\u201d.<\/p>\n<p style=\"text-align: justify;\">Por su parte, Murat Hinojosa, agradeci\u00f3 a las y los elementos de seguridad por su dedicaci\u00f3n y compromiso al servicio del pueblo oaxaque\u00f1o, toda vez que esto, ha permitido que Oaxaca est\u00e9 considerada dentro de las 10 entidades m\u00e1s seguras del pa\u00eds.<\/p>\n<p style=\"text-align: justify;\">&#8220;<em>Hoy tenemos un estado en paz, porque hay gobernabilidad. Quiero agradecer a todas las fuerzas de seguridad del estado. Si hoy Oaxaca ha logrado esos objetivos, es por este equipo; agradezco a las fuerzas de seguridad que me han acompa\u00f1ado hoy, y que han acompa\u00f1ado siempre al pueblo de Oaxaca\u201d.<\/em><\/p>\n<p style=\"text-align: justify;\">Murat Hinojosa reconoci\u00f3 el trabajo en equipo con los elementos de seguridad y los mandos, pues esto ha permitido gobernabilidad y paz social.<\/p>\n<p style=\"text-align: justify;\">\u201c<em>Basta ver la situaci\u00f3n de violencia que han vivido otros estados, aqu\u00ed en Oaxaca tenemos eventos y turismo, en otras partes del pa\u00eds est\u00e1n quemando los negocios y las carreteras. En mucho tiene que ver por las personas, por ello mi reconocimiento y agradecimiento a todas las fuerzas por la labor y compromiso que tienen todos los d\u00edas\u201d.<\/em><\/p>\n<p style=\"text-align: justify;\">En el acto, el titular del Centro Nacional de Certificaci\u00f3n y Acreditaci\u00f3n, Francisco Medina Padilla, hizo entrega al Gobernador de la Constancia de acreditaci\u00f3n al al Centro Estatal de Evaluaci\u00f3n y Control de Confianza.<\/p>\n<p style=\"text-align: justify;\">La secretaria de Seguridad P\u00fablica de Oaxaca, Dalia Ba\u00f1os Noyola, inform\u00f3 que a lo largo de la presente Administraci\u00f3n esta dependencia s\u00f3lo ha tenido cuatro recomendaciones por parte de los Derechos Humanos, lo que habla del apego irrestricto en garantizar las libertades de las y los oaxaque\u00f1os.<\/p>\n<p style=\"text-align: justify;\">En la ceremonia, ante familiares de los 25 elementos -23 hombres y dos mujeres- de la UPOE, el Gobernador y el Secretario Ejecutivo del SESPO, entregaron las insignias y boinas que distingue a esta Unidad como Grupo \u00c9lite Especializado para realizar labores de Intervenci\u00f3n y Reacci\u00f3n Inmediata. Asimismo, les entregaron de manera simb\u00f3lica equipo t\u00e1ctico especializado.<\/p>\n<p style=\"text-align: justify;\">En tanto, Murat Hinojosa, inaugur\u00f3 el campo de tiro abierto y el cuarto de armas del Instituto de Profesionalizaci\u00f3n Policial, garantizando con ello mejor capacitaci\u00f3n a las y los elementos, adem\u00e1s de garantizar el cuidado y buen manejo del armamento que utilizan las Corporaciones de Seguridad.<\/p>\n","protected":false},"excerpt":{"rendered":"<p>#Redacci\u00f3nOaxaca #Oaxaca Jaime GUERRERO El 94% del total de la fuerza p\u00fablica de Oaxaca se encuentra acreditada, report\u00f3 el secretario ejecutivo del Sistema Estatal de Seguridad P\u00fablica de Oaxaca (SESESPO), Jos\u00e9 Manuel Vera Salinas, durante la entrega de 25 insignias a las y los integrantes de la 5\u00aa generaci\u00f3n de la Unidad Policial de Operaciones [&hellip;]<\/p>\n","protected":false},"author":9,"featured_media":0,"comment_status":"open","ping_status":"open","sticky":false,"template":"","format":"standard","meta":{"jetpack_post_was_ever_published":false,"_jetpack_newsletter_access":"","_jetpack_dont_email_post_to_subs":false,"_jetpack_newsletter_tier_id":0,"_jetpack_memberships_contains_paywalled_content":false,"_jetpack_memberships_contains_paid_content":false,"footnotes":"","jetpack_publicize_message":"","jetpack_publicize_feature_enabled":true,"jetpack_social_post_already_shared":true,"jetpack_social_options":{"image_generator_settings":{"template":"highway","default_image_id":0,"font":"","enabled":false},"version":2}},"categories":[7,3],"tags":[],"class_list":{"0":"post-27394","1":"post","2":"type-post","3":"status-publish","4":"format-standard","6":"category-al-cierre","7":"category-mesa-de-redaccion"},"jetpack_publicize_connections":[],"jetpack_featured_media_url":"","jetpack_sharing_enabled":true,"jetpack_shortlink":"https:\/\/wp.me\/p9Ynjw-77Q","jetpack-related-posts":[{"id":27377,"url":"https:\/\/redaccionoaxaca.com\/index.php\/2022\/08\/22\/policias-estatales-de-oaxaca-las-mejores-del-pais-su-compromiso-ha-hecho-que-la-entidad-sea-de-las-mas-seguras-del-pais-dalia-banos-noyola\/","url_meta":{"origin":27394,"position":0},"title":"POLIC\u00cdAS ESTATALES DE OAXACA, LAS MEJORES DEL PA\u00cdS, SU COMPROMISO HA HECHO QUE LA ENTIDAD SEA DE LAS M\u00c1S SEGURAS DEL PA\u00cdS* : DALIA BA\u00d1OS NOYOLA","author":"ariadna","date":"agosto 22, 2022","format":false,"excerpt":"#Redacci\u00f3nOaxaca #Oaxaca Oaxaca de Ju\u00e1rez, Oax., 22 de agosto de 2022.- La Polic\u00eda Estatal de Oaxaca es considerada una de las siete instituciones policiales del pa\u00eds con mayor confianza ciudadana, destac\u00f3 la titular de la Secretar\u00eda de Seguridad P\u00fablica de Oaxaca (SSPO), Dalia Ba\u00f1os Noyola en el marco de la\u2026","rel":"","context":"En &quot;Imagen&quot;","block_context":{"text":"Imagen","link":"https:\/\/redaccionoaxaca.com\/index.php\/category\/imagen\/"},"img":{"alt_text":"","src":"https:\/\/i0.wp.com\/redaccionoaxaca.com\/wp-content\/uploads\/2022\/08\/IMG-20220822-WA0075-300x225.jpg?resize=350%2C200&ssl=1","width":350,"height":200},"classes":[]},{"id":27391,"url":"https:\/\/redaccionoaxaca.com\/index.php\/2022\/08\/22\/las-corporaciones-de-seguridad-estamos-haciendo-nuestra-parte-la-incidencia-delictiva-en-oaxaca-es-menor-que-en-el-resto-del-pais-secretaria-de-seguridad-del-estado\/","url_meta":{"origin":27394,"position":1},"title":"Las corporaciones de seguridad estamos haciendo nuestra parte, la incidencia delictiva en Oaxaca es menor que en el resto del pa\u00eds: Secretaria de Seguridad del Estado","author":"ariadna","date":"agosto 22, 2022","format":false,"excerpt":"#Redacci\u00f3nOaxaca #Oaxaca Maira Ric\u00e1rdez Luna Aunque la percepci\u00f3n ciudadana pudiera ser distinta, Oaxaca est\u00e1 entre los 10 estados m\u00e1s seguros del pa\u00eds, reiter\u00f3 la Secretaria de Seguridad P\u00fablica de Oaxaca (SSPO), Dalia Ba\u00f1os Noyola , qui\u00e9n aport\u00f3 datos duros sobre este sensible tema en el marco de la entrega de\u2026","rel":"","context":"En &quot;Al Cierre&quot;","block_context":{"text":"Al Cierre","link":"https:\/\/redaccionoaxaca.com\/index.php\/category\/al-cierre\/"},"img":{"alt_text":"","src":"","width":0,"height":0},"classes":[]},{"id":31401,"url":"https:\/\/redaccionoaxaca.com\/index.php\/2024\/04\/25\/gobernador-de-oaxaca-ordena-separar-del-cargo-a-mandos-por-video-corrido-de-policia-de-elite-grabado-en-instalaciones-y-con-equipo-tactico\/","url_meta":{"origin":27394,"position":2},"title":"Gobernador de Oaxaca ordena separar del cargo a mandos por video \u201ccorrido\u201d de polic\u00eda de \u00e9lite, grabado en instalaciones y con equipo t\u00e1ctico","author":"ariadna","date":"abril 25, 2024","format":false,"excerpt":"#Redacci\u00f3nOaxaca #Oaxaca Jaime GUERRERO Tras la difusi\u00f3n de un videoclip musical de \u201ccorrido\u201d que circula en redes sociales sobre la Unidad Policial de Operaciones Especiales de la Polic\u00eda Estatal de la Secretar\u00eda de Seguridad P\u00fablica y Protecci\u00f3n Ciudadana (SSPC), el Gobernador del Estado, Salom\u00f3n Jara Cruz, anunci\u00f3 que tom\u00f3 la\u2026","rel":"","context":"En &quot;Agenda Pol\u00edtica&quot;","block_context":{"text":"Agenda Pol\u00edtica","link":"https:\/\/redaccionoaxaca.com\/index.php\/category\/agenda-politica\/"},"img":{"alt_text":"","src":"","width":0,"height":0},"classes":[]},{"id":20030,"url":"https:\/\/redaccionoaxaca.com\/index.php\/2021\/08\/12\/oaxaca-el-top-10-de-certificacion-policial-y-semaforo-verde-con-baja-incidencia-delictiva-sesnsp\/","url_meta":{"origin":27394,"position":3},"title":"Oaxaca el top 10 de certificaci\u00f3n policial y\u00a0sem\u00e1foro verde con baja incidencia delictiva: SESNSP.","author":"ariadna","date":"agosto 12, 2021","format":false,"excerpt":"#Redacci\u00f3nOaxaca #Oaxaca Jaime GUERRERO\u00a0 El Consejo Nacional de Seguridad P\u00fablica, report\u00f3 que Oaxaca est\u00e1 ubicada en el lugar 10 en el Certificado \u00danico Policial (CUP), ubic\u00e1ndose con el mayor n\u00famero de polic\u00edas certificados. De acuerdo a los informes presentados, con corte al 30 de junio, del universo de los polic\u00edas\u2026","rel":"","context":"En &quot;Agenda Pol\u00edtica&quot;","block_context":{"text":"Agenda Pol\u00edtica","link":"https:\/\/redaccionoaxaca.com\/index.php\/category\/agenda-politica\/"},"img":{"alt_text":"","src":"","width":0,"height":0},"classes":[]},{"id":20010,"url":"https:\/\/redaccionoaxaca.com\/index.php\/2021\/08\/12\/oaxaca-entre-los-estados-con-mayor-numero-de-policias-certificados\/","url_meta":{"origin":27394,"position":4},"title":"Oaxaca entre los estados con mayor n\u00famero de polic\u00edas certificados.","author":"ariadna","date":"agosto 12, 2021","format":false,"excerpt":"#Redacci\u00f3nOaxaca #Oaxaca Oaxaca de Ju\u00e1rez, Oax. 12 de agosto de 2021. El Secretario Ejecutivo del Sistema Estatal de Seguridad P\u00fablica en Oaxaca, Jos\u00e9 Manuel Vera Salinas, particip\u00f3 en la Reuni\u00f3n Nacional de Secretarios Ejecutivos de Seguridad P\u00fablica convocada para el d\u00eda de hoy por el Secretariado Ejecutivo del Sistema Nacional\u2026","rel":"","context":"En &quot;Imagen&quot;","block_context":{"text":"Imagen","link":"https:\/\/redaccionoaxaca.com\/index.php\/category\/imagen\/"},"img":{"alt_text":"","src":"https:\/\/i0.wp.com\/redaccionoaxaca.com\/wp-content\/uploads\/2021\/08\/IMG-20210812-WA0116-300x225.jpg?resize=350%2C200&ssl=1","width":350,"height":200},"classes":[]},{"id":3058,"url":"https:\/\/redaccionoaxaca.com\/index.php\/2018\/10\/05\/reciben-policias-estatales-de-oaxaca-presea-nacional-chimalli-al-merito-policial-la-secretaria-de-seguridad-publica-de-oaxaca-sspo-encabezada-por-el-capitan-de-fragata-jose-ray\/","url_meta":{"origin":27394,"position":5},"title":"RECIBEN POLIC\u00cdAS ESTATALES DE OAXACA PRESEA NACIONAL \u201cCHIMALLI\u201d AL M\u00c9RITO POLICIAL   La Secretar\u00eda de Seguridad P\u00fablica de Oaxaca (SSPO), encabezada por el Capit\u00e1n de Fragata, Jos\u00e9 Raymundo Tu\u00f1\u00f3n J\u00e1uregui, dio a conocer que la ma\u00f1ana de este viernes  tres elementos de la Polic\u00eda Estatal fueron condecorados con la presea \u201cChimalli\u201d al m\u00e9rito policial, en la Ciudad de M\u00e9xico.  Cabe mencionar que el reconocimiento otorgado por el Consejo Nacional de la Abogac\u00eda \u201cIgnacio L. Vallarta\u201d, se otorga derivado de los actos de valor, lealtad, honor y compromiso a la Instituci\u00f3n policial a la que pertenece cada elemento, as\u00ed como con la sociedad.  Fue as\u00ed como tres efectivos de las fuerzas estatales, recibieron preseas por m\u00e9rito a su labor, siendo en primera instancia el Polic\u00eda Segundo, Remigio S\u00e1nchez D\u00edaz por su trabajo constante; seguido de la Polic\u00eda Estatal, Vicenta Herrera Mart\u00ednez y del Polic\u00eda Estatal, Heberto Pedro Isidro por su destacada participaci\u00f3n en operativos de seguridad de alto riesgo.  La ceremonia protocolaria fue realizada alrededor de las 08:30 horas, en las instalaciones del Hotel The Green Park, ubicado en la Ciudad de M\u00e9xico, en donde la dependencia encargada de la seguridad de los oaxaque\u00f1os se engalan\u00f3 con el reconocimiento a las mujeres y los hombres que la conforman","author":"denise","date":"octubre 5, 2018","format":false,"excerpt":"La Secretar\u00eda de Seguridad P\u00fablica de Oaxaca (SSPO), encabezada por el Capit\u00e1n de Fragata, Jos\u00e9 Raymundo Tu\u00f1\u00f3n J\u00e1uregui, dio a conocer que la ma\u00f1ana de este viernes tres elementos de la Polic\u00eda Estatal fueron condecorados con la presea \u201cChimalli\u201d al m\u00e9rito policial, en la Ciudad de M\u00e9xico. Cabe mencionar que\u2026","rel":"","context":"En &quot;Agenda Pol\u00edtica&quot;","block_context":{"text":"Agenda Pol\u00edtica","link":"https:\/\/redaccionoaxaca.com\/index.php\/category\/agenda-politica\/"},"img":{"alt_text":"","src":"","width":0,"height":0},"classes":[]}],"_links":{"self":[{"href":"https:\/\/redaccionoaxaca.com\/index.php\/wp-json\/wp\/v2\/posts\/27394","targetHints":{"allow":["GET"]}}],"collection":[{"href":"https:\/\/redaccionoaxaca.com\/index.php\/wp-json\/wp\/v2\/posts"}],"about":[{"href":"https:\/\/redaccionoaxaca.com\/index.php\/wp-json\/wp\/v2\/types\/post"}],"author":[{"embeddable":true,"href":"https:\/\/redaccionoaxaca.com\/index.php\/wp-json\/wp\/v2\/users\/9"}],"replies":[{"embeddable":true,"href":"https:\/\/redaccionoaxaca.com\/index.php\/wp-json\/wp\/v2\/comments?post=27394"}],"version-history":[{"count":1,"href":"https:\/\/redaccionoaxaca.com\/index.php\/wp-json\/wp\/v2\/posts\/27394\/revisions"}],"predecessor-version":[{"id":27396,"href":"https:\/\/redaccionoaxaca.com\/index.php\/wp-json\/wp\/v2\/posts\/27394\/revisions\/27396"}],"wp:attachment":[{"href":"https:\/\/redaccionoaxaca.com\/index.php\/wp-json\/wp\/v2\/media?parent=27394"}],"wp:term":[{"taxonomy":"category","embeddable":true,"href":"https:\/\/redaccionoaxaca.com\/index.php\/wp-json\/wp\/v2\/categories?post=27394"},{"taxonomy":"post_tag","embeddable":true,"href":"https:\/\/redaccionoaxaca.com\/index.php\/wp-json\/wp\/v2\/tags?post=27394"}],"curies":[{"name":"wp","href":"https:\/\/api.w.org\/{rel}","templated":true}]}}