{"id":27397,"date":"2022-08-22T19:42:42","date_gmt":"2022-08-23T00:42:42","guid":{"rendered":"https:\/\/redaccionoaxaca.com\/?p=27397"},"modified":"2022-08-22T19:42:42","modified_gmt":"2022-08-23T00:42:42","slug":"hay-varias-lineas-de-investigacion-por-muerte-de-mujer-en-carcel-de-salina-cruz-oaxaca-fiscalia-alista-imputaciones","status":"publish","type":"post","link":"https:\/\/redaccionoaxaca.com\/index.php\/2022\/08\/22\/hay-varias-lineas-de-investigacion-por-muerte-de-mujer-en-carcel-de-salina-cruz-oaxaca-fiscalia-alista-imputaciones\/","title":{"rendered":"Hay varias l\u00edneas de investigaci\u00f3n por muerte de mujer   en c\u00e1rcel de Salina Cruz, Oaxaca; Fiscal\u00eda alista imputaciones"},"content":{"rendered":"<p style=\"text-align: justify;\"><strong>#Redacci\u00f3nOaxaca<\/strong><\/p>\n<p style=\"text-align: justify;\"><strong>#Oaxaca<\/strong><\/p>\n<p style=\"text-align: justify;\"><strong>Jaime GUERRERO<\/strong><\/p>\n<p style=\"text-align: justify;\">El Fiscal General del Estado, Arturo Peimbert Calvo, asegur\u00f3 que no se descarta ninguna l\u00ednea de investigaci\u00f3n en la muerte de Abigail Hay Urrutia, quien fue hallada sin vida en la c\u00e1rcel del Ayuntamiento de Salina Cruz, luego de tres horas de ser recluida -con vida- por elementos de la Polic\u00eda Municipal por cometer una falta administrativa.<\/p>\n<p style=\"text-align: justify;\">El abogado del estado, concedi\u00f3 que son casos lamentables y reprochables. Delitos que no se tendr\u00edan que cometer en el momento en que la sociedad demanda respeto a los derechos humanos y civilidad total.<\/p>\n<p style=\"text-align: justify;\">El caso de la mujer que fue detenida y apareci\u00f3 muerta en la c\u00e1rcel del ayuntamiento de Salina Cruz se investiga y se sancionar\u00e1 a los responsables, prometi\u00f3.<\/p>\n<p style=\"text-align: justify;\"><em>\u201cEs una oportunidad para revisar que no se est\u00e1 cumpliendo y cu\u00e1les son est\u00e1ndares municipales que deben de atenderse para salvaguardar la detenci\u00f3n segura de las personas que est\u00e1n cometiendo alg\u00fan tipo de delito<\/em>\u201d, apunt\u00f3.<\/p>\n<p style=\"text-align: justify;\">Por lo pronto, la Fiscal\u00eda ha terminado el informe forense y presentar\u00e1 en las pr\u00f3ximas horas las imputaciones para que el Juez de Control decida sobre los delitos que se est\u00e1n presentando.<\/p>\n<p><img data-recalc-dims=\"1\" loading=\"lazy\" decoding=\"async\" class=\"size-medium wp-image-27399 aligncenter\" src=\"https:\/\/i0.wp.com\/redaccionoaxaca.com\/wp-content\/uploads\/2022\/08\/IMG-20220821-WA0010-241x300.jpg?resize=241%2C300&#038;ssl=1\" alt=\"\" width=\"241\" height=\"300\" \/><\/p>\n<p style=\"text-align: justify;\">Peimbert Calvo, asegur\u00f3 que se agotaron todos los procedimientos cient\u00edficos para determinar las causas de la muerte<\/p>\n<p style=\"text-align: justify;\">Al momento, evit\u00f3 revelar si existe alg\u00fan funcionario o elemento de la Polic\u00eda Municipal detenido o investigado por esos hechos.<\/p>\n<p style=\"text-align: justify;\">\u201c<em>Lo primero, ser\u00e1 agotar los mecanismos cient\u00edficos que pueden dar una ruta de investigaci\u00f3n y delito para delimitar cu\u00e1l es la responsabilidad de todos los involucrados\u201d<\/em>, recalc\u00f3 frente a las dudas y cuestionamientos de la familia de Abigail Hay Urrutia.<\/p>\n<p style=\"text-align: justify;\">La muerte de la mujer de alrededor 30 a\u00f1os se registr\u00f3 la noche del viernes 19 de agosto seg\u00fan los reportes de la autoridad municipal y del Juzgado C\u00edvico Calificador de Salina Cruz. La joven muri\u00f3 en la c\u00e1rcel municipal despu\u00e9s de que fuera detenida por elementos de polic\u00eda por faltas administrativas, que seg\u00fan el reporte consistieron en agredir a una persona en la v\u00eda p\u00fablica, supuestamente su pareja.<\/p>\n<p style=\"text-align: justify;\">El reporte de la polic\u00eda municipal asegura que la mujer se quit\u00f3 la vida en el interior de los separos, sin que las guardias se dieran cuenta. Cuando se percataron solicitaron la intervenci\u00f3n de los servicios de emergencia, que le aplicaron los primeros auxilios pero la mujer ya estaba muerta. Despu\u00e9s, se dio parte al Ministerio Publico, cuyos elementos hicieron el levantamiento del cuerpo; adem\u00e1s, se inici\u00f3 una carpeta de investigaci\u00f3n de parte de la Fiscal\u00eda General del Estado de Oaxaca (FGEO).<\/p>\n<p style=\"text-align: justify;\">La versi\u00f3n de las autoridades sobre la detenci\u00f3n de Abigail se\u00f1alan que la mujer, supuestamente agred\u00eda a su pareja en un autom\u00f3vil y en el camino se toparon con una patrulla de la Polic\u00eda Municipal que los condujo hasta la comandancia. En ese lugar la detuvieron, para luego ser trasladada a una verificaci\u00f3n m\u00e9dica.<\/p>\n<p style=\"text-align: justify;\">Posteriormente, la mujer fue turnada al juez c\u00edvico que le ofreci\u00f3 tres opciones para pagar la falta cometida: pago de una multa, servicio comunitario o 24 horas en la c\u00e1rcel. Seg\u00fan el juez, la mujer acept\u00f3 la c\u00e1rcel. En este espacio s\u00f3lo estuvo tres horas, luego fue localizada muerta.<\/p>\n<p style=\"text-align: justify;\">Por su parte, el Ayuntamiento de Salina Cruz, a trav\u00e9s de la Comisar\u00eda de Seguridad Publica, inform\u00f3 en un comunicado que el presidente municipal, Daniel M\u00e9ndez Sosa (Morena), gir\u00f3 instrucciones precisas para otorgar las garant\u00edas necesarias para que la Fiscal\u00eda de Oaxaca, a trav\u00e9s del personal de la Agencia Estatal de Investigaciones, realice las pesquisas pertinentes.<\/p>\n<p>&nbsp;<\/p>\n","protected":false},"excerpt":{"rendered":"<p>#Redacci\u00f3nOaxaca #Oaxaca Jaime GUERRERO El Fiscal General del Estado, Arturo Peimbert Calvo, asegur\u00f3 que no se descarta ninguna l\u00ednea de investigaci\u00f3n en la muerte de Abigail Hay Urrutia, quien fue hallada sin vida en la c\u00e1rcel del Ayuntamiento de Salina Cruz, luego de tres horas de ser recluida -con vida- por elementos de la Polic\u00eda [&hellip;]<\/p>\n","protected":false},"author":9,"featured_media":0,"comment_status":"open","ping_status":"open","sticky":false,"template":"","format":"standard","meta":{"jetpack_post_was_ever_published":false,"_jetpack_newsletter_access":"","_jetpack_dont_email_post_to_subs":false,"_jetpack_newsletter_tier_id":0,"_jetpack_memberships_contains_paywalled_content":false,"_jetpack_memberships_contains_paid_content":false,"footnotes":"","jetpack_publicize_message":"","jetpack_publicize_feature_enabled":true,"jetpack_social_post_already_shared":true,"jetpack_social_options":{"image_generator_settings":{"template":"highway","default_image_id":0,"font":"","enabled":false},"version":2}},"categories":[5,6],"tags":[],"class_list":{"0":"post-27397","1":"post","2":"type-post","3":"status-publish","4":"format-standard","6":"category-imagen","7":"category-tendencias"},"jetpack_publicize_connections":[],"jetpack_featured_media_url":"","jetpack_sharing_enabled":true,"jetpack_shortlink":"https:\/\/wp.me\/p9Ynjw-77T","jetpack-related-posts":[{"id":27487,"url":"https:\/\/redaccionoaxaca.com\/index.php\/2022\/08\/25\/diputadas-de-morena-denuncian-abuso-de-poder-de-edil-de-salina-cruz-y-piden-destitucion-por-muerte-de-abigail-en-carcel-piden-a-fiscal-castigo-a-responsables\/","url_meta":{"origin":27397,"position":0},"title":"Diputadas de Morena denuncian abuso de poder de edil de Salina Cruz y piden  destituci\u00f3n por muerte de Abigail en c\u00e1rcel; piden a Fiscal castigo a responsables","author":"ariadna","date":"agosto 25, 2022","format":false,"excerpt":"#Redacci\u00f3nOaxaca #Oaxaca Jaime GUERRERO La extra\u00f1a muerte de la joven Abigail Hay Urrutia, hizo eco en la sesi\u00f3n ordinaria de la LXV Legislatura, donde diputadas y diputados de Morena, PAN, PRI y PVEM, demandaron a la al Fiscal General del Estado, Arturo Peimbert Calvo, el esclarecimiento y hasta la destituci\u00f3n\u2026","rel":"","context":"En &quot;Agenda Pol\u00edtica&quot;","block_context":{"text":"Agenda Pol\u00edtica","link":"https:\/\/redaccionoaxaca.com\/index.php\/category\/agenda-politica\/"},"img":{"alt_text":"","src":"","width":0,"height":0},"classes":[]},{"id":38306,"url":"https:\/\/redaccionoaxaca.com\/index.php\/2025\/09\/18\/por-omision-en-suicidios-de-mujeres-en-la-carcel-van-por-destitucion-de-presidente-municipal-de-salina-cruz-oaxaca\/","url_meta":{"origin":27397,"position":1},"title":"Por omisi\u00f3n en suicidios de mujeres en la c\u00e1rcel, van por destituci\u00f3n de Presidente Municipal de Salina Cruz, Oaxaca","author":"ariadna","date":"septiembre 18, 2025","format":false,"excerpt":"#Redacci\u00f3nOaxaca #Oaxaca Jaime GUERRERO La diputada del Partido Movimiento de Regeneraci\u00f3n Nacional (Morena), Concepci\u00f3n Rueda G\u00f3mez, anunci\u00f3 que, pedir\u00e1 la destituci\u00f3n del Presidente Municipal de Salina Cruz, Oaxaca, Daniel Mendez Sosa, por omisi\u00f3n en los suicidios de dos mujeres en la c\u00e1rcel de ese municipio de la regi\u00f3n del Istmo\u2026","rel":"","context":"En &quot;Agenda Pol\u00edtica&quot;","block_context":{"text":"Agenda Pol\u00edtica","link":"https:\/\/redaccionoaxaca.com\/index.php\/category\/agenda-politica\/"},"img":{"alt_text":"","src":"https:\/\/i0.wp.com\/redaccionoaxaca.com\/wp-content\/uploads\/2025\/09\/images-2025-09-18T093228.461.jpeg?fit=701%2C438&ssl=1&resize=350%2C200","width":350,"height":200,"srcset":"https:\/\/i0.wp.com\/redaccionoaxaca.com\/wp-content\/uploads\/2025\/09\/images-2025-09-18T093228.461.jpeg?fit=701%2C438&ssl=1&resize=350%2C200 1x, https:\/\/i0.wp.com\/redaccionoaxaca.com\/wp-content\/uploads\/2025\/09\/images-2025-09-18T093228.461.jpeg?fit=701%2C438&ssl=1&resize=525%2C300 1.5x, https:\/\/i0.wp.com\/redaccionoaxaca.com\/wp-content\/uploads\/2025\/09\/images-2025-09-18T093228.461.jpeg?fit=701%2C438&ssl=1&resize=700%2C400 2x"},"classes":[]},{"id":27413,"url":"https:\/\/redaccionoaxaca.com\/index.php\/2022\/08\/22\/abigail-fue-detenida-por-policias-fue-hallada-muerta-en-los-separos-en-salina-cruz-oaxaca-familia-asegura-que-fue-asesinada-fgje-realiza-investigacion\/","url_meta":{"origin":27397,"position":2},"title":"Abigail fue detenida por polic\u00edas; fue hallada muerta en los separos en Salina Cruz Oaxaca  Familia asegura que fue asesinada; FGJE realiza investigaci\u00f3n","author":"ariadna","date":"agosto 22, 2022","format":false,"excerpt":"#Redacci\u00f3nOaxaca #Oaxaca Citlalli L\u00f3pez Vel\u00e1zquez Abigail H. U., fue detenida en el municipio de Salina Cruz, Oaxaca por elementos de la polic\u00eda municipal, horas m\u00e1s tarde, fue hallada sin vida dentro de los separos. Los uniformados aseguraron que se trat\u00f3 de un suicidio; la familia de la joven asegura que\u2026","rel":"","context":"En &quot;Imagen&quot;","block_context":{"text":"Imagen","link":"https:\/\/redaccionoaxaca.com\/index.php\/category\/imagen\/"},"img":{"alt_text":"","src":"","width":0,"height":0},"classes":[]},{"id":38388,"url":"https:\/\/redaccionoaxaca.com\/index.php\/2025\/09\/23\/morena-pvem-y-fpm-exigen-la-revocacion-de-mandato-de-presidente-municipal-de-salina-cruz-por-omision-en-suicidio-de-mujeres-en-carcel-municipal\/","url_meta":{"origin":27397,"position":3},"title":"Morena, PVEM y FPM exigen la revocaci\u00f3n de mandato de Presidente Municipal de Salina Cruz por omisi\u00f3n en suicidio de mujeres en c\u00e1rcel municipal","author":"ariadna","date":"septiembre 23, 2025","format":false,"excerpt":"#Redacci\u00f3nOaxaca #Oaxaca Jaime GUERRERO Con el respaldo de la totalidad de las bancadas de Morena, PVEM, FPM, la diputada de Morena, Concepci\u00f3n Rueda G\u00f3mez, solicit\u00f3 la destituci\u00f3n del presidente municipal de Salina Cruz, Daniel M\u00e9ndez Sosa, a quien responsabiliz\u00f3 por la muerte de dos mujeres en los separos municipales ocurrida\u2026","rel":"","context":"En &quot;Agenda Pol\u00edtica&quot;","block_context":{"text":"Agenda Pol\u00edtica","link":"https:\/\/redaccionoaxaca.com\/index.php\/category\/agenda-politica\/"},"img":{"alt_text":"","src":"https:\/\/i0.wp.com\/redaccionoaxaca.com\/wp-content\/uploads\/2025\/09\/FVCI2SQGZFGCJF5OQQRCP5PU4A.jpg?fit=1200%2C740&ssl=1&resize=350%2C200","width":350,"height":200,"srcset":"https:\/\/i0.wp.com\/redaccionoaxaca.com\/wp-content\/uploads\/2025\/09\/FVCI2SQGZFGCJF5OQQRCP5PU4A.jpg?fit=1200%2C740&ssl=1&resize=350%2C200 1x, https:\/\/i0.wp.com\/redaccionoaxaca.com\/wp-content\/uploads\/2025\/09\/FVCI2SQGZFGCJF5OQQRCP5PU4A.jpg?fit=1200%2C740&ssl=1&resize=525%2C300 1.5x, https:\/\/i0.wp.com\/redaccionoaxaca.com\/wp-content\/uploads\/2025\/09\/FVCI2SQGZFGCJF5OQQRCP5PU4A.jpg?fit=1200%2C740&ssl=1&resize=700%2C400 2x, https:\/\/i0.wp.com\/redaccionoaxaca.com\/wp-content\/uploads\/2025\/09\/FVCI2SQGZFGCJF5OQQRCP5PU4A.jpg?fit=1200%2C740&ssl=1&resize=1050%2C600 3x"},"classes":[]},{"id":38250,"url":"https:\/\/redaccionoaxaca.com\/index.php\/2025\/09\/15\/fiscalia-investiga-muerte-de-mujer-al-interior-de-la-comisaria-de-salina-cruz-analizan-video-de-los-hechos\/","url_meta":{"origin":27397,"position":4},"title":"Fiscal\u00eda investiga muerte de mujer al interior de la Comisar\u00eda de Salina Cruz; analizan video de los hechos","author":"ariadna","date":"septiembre 15, 2025","format":false,"excerpt":"#Redacci\u00f3nOaxaca #Oaxaca La Fiscal\u00eda General del Estado de Oaxaca (FGEO) inici\u00f3 una investigaci\u00f3n ministerial para determinar el grado de responsabilidad de elementos de la Polic\u00eda Municipal de Salina Cruz, tras la muerte de una mujer al interior de una celda de la Comisar\u00eda. La v\u00edctima, identificada como A.T.B.A., hab\u00eda sido\u2026","rel":"","context":"En &quot;Imagen&quot;","block_context":{"text":"Imagen","link":"https:\/\/redaccionoaxaca.com\/index.php\/category\/imagen\/"},"img":{"alt_text":"","src":"https:\/\/i0.wp.com\/redaccionoaxaca.com\/wp-content\/uploads\/2025\/09\/images-2025-09-15T091029.085.jpeg?fit=576%2C390&ssl=1&resize=350%2C200","width":350,"height":200,"srcset":"https:\/\/i0.wp.com\/redaccionoaxaca.com\/wp-content\/uploads\/2025\/09\/images-2025-09-15T091029.085.jpeg?fit=576%2C390&ssl=1&resize=350%2C200 1x, https:\/\/i0.wp.com\/redaccionoaxaca.com\/wp-content\/uploads\/2025\/09\/images-2025-09-15T091029.085.jpeg?fit=576%2C390&ssl=1&resize=525%2C300 1.5x"},"classes":[]},{"id":13925,"url":"https:\/\/redaccionoaxaca.com\/index.php\/2020\/08\/12\/pandemia-por-covid-hace-surgir-negocios-indispensables-sepultureros-en-salina-cruz-cobran-de-6-a-9-mil-pesos\/","url_meta":{"origin":27397,"position":5},"title":"Pandemia por Covid hace surgir negocios indispensables, sepultureros en Salina Cruz cobran de 6 a 9 mil pesos.","author":"ariadna","date":"agosto 12, 2020","format":false,"excerpt":"#Redacci\u00f3nOaxaca #Oaxaca Maira Ric\u00e1dez *Mun\u00edcipe sobreviviente al Covid, Atecas Altamirano pide reconocer este trabajo, es algo que nadie quiere ni sabe hacer, si no se atiende ser\u00eda un grav\u00edsimo foco de infecci\u00f3n. La realidad que se vive en Salina Cruz Oaxaca, Istmo de Tehuantepec, donde han muerto por covid19 hasta\u2026","rel":"","context":"En &quot;Al Cierre&quot;","block_context":{"text":"Al Cierre","link":"https:\/\/redaccionoaxaca.com\/index.php\/category\/al-cierre\/"},"img":{"alt_text":"","src":"","width":0,"height":0},"classes":[]}],"_links":{"self":[{"href":"https:\/\/redaccionoaxaca.com\/index.php\/wp-json\/wp\/v2\/posts\/27397","targetHints":{"allow":["GET"]}}],"collection":[{"href":"https:\/\/redaccionoaxaca.com\/index.php\/wp-json\/wp\/v2\/posts"}],"about":[{"href":"https:\/\/redaccionoaxaca.com\/index.php\/wp-json\/wp\/v2\/types\/post"}],"author":[{"embeddable":true,"href":"https:\/\/redaccionoaxaca.com\/index.php\/wp-json\/wp\/v2\/users\/9"}],"replies":[{"embeddable":true,"href":"https:\/\/redaccionoaxaca.com\/index.php\/wp-json\/wp\/v2\/comments?post=27397"}],"version-history":[{"count":1,"href":"https:\/\/redaccionoaxaca.com\/index.php\/wp-json\/wp\/v2\/posts\/27397\/revisions"}],"predecessor-version":[{"id":27401,"href":"https:\/\/redaccionoaxaca.com\/index.php\/wp-json\/wp\/v2\/posts\/27397\/revisions\/27401"}],"wp:attachment":[{"href":"https:\/\/redaccionoaxaca.com\/index.php\/wp-json\/wp\/v2\/media?parent=27397"}],"wp:term":[{"taxonomy":"category","embeddable":true,"href":"https:\/\/redaccionoaxaca.com\/index.php\/wp-json\/wp\/v2\/categories?post=27397"},{"taxonomy":"post_tag","embeddable":true,"href":"https:\/\/redaccionoaxaca.com\/index.php\/wp-json\/wp\/v2\/tags?post=27397"}],"curies":[{"name":"wp","href":"https:\/\/api.w.org\/{rel}","templated":true}]}}