{"id":27729,"date":"2022-09-07T22:15:16","date_gmt":"2022-09-08T03:15:16","guid":{"rendered":"https:\/\/redaccionoaxaca.com\/?p=27729"},"modified":"2022-09-07T22:17:13","modified_gmt":"2022-09-08T03:17:13","slug":"por-ineficacia-de-sebien-de-oaxaca-no-se-ejecutaron-150-mdp-destinados-a-desempleados-y-pobres-afectados-por-covid19","status":"publish","type":"post","link":"https:\/\/redaccionoaxaca.com\/index.php\/2022\/09\/07\/por-ineficacia-de-sebien-de-oaxaca-no-se-ejecutaron-150-mdp-destinados-a-desempleados-y-pobres-afectados-por-covid19\/","title":{"rendered":"Por ineficacia de Sebien de Oaxaca no se ejecutaron 150 mdp\u00a0destinados a desempleados y pobres afectados por COVID19 \u00a0"},"content":{"rendered":"<p style=\"text-align: justify;\"><strong>#Redacci\u00f3nOaxaca<\/strong><\/p>\n<p style=\"text-align: justify;\"><strong>#Oaxaca<\/strong><\/p>\n<p><strong>Jaime GUERRERO\u00a0<\/strong><\/p>\n<p style=\"text-align: justify;\">La titular de la secretar\u00eda de Bienestar, Yolanda Mart\u00ednez L\u00f3pez, incurri\u00f3 en ineficacia e indolencia en la fallida ejecuci\u00f3n de 150 millones de pesos del programa para fortalecer la economia de las mujeres y hombres entre 18 y 59 a\u00f1os en situaci\u00f3n de pobreza, buscadores de empleo y sin remuneraci\u00f3n fija, afectados por la pandemia covid-19.<\/p>\n<p style=\"text-align: justify;\">En la v\u00edspera, la organizaci\u00f3n Internacional del Trabajo, advirti\u00f3 los efectos del COVID-19 en el aumento del PIB a escala mundial por el aumento del desempleo mundial que oscila 24.7 millones de personas.<\/p>\n<p style=\"text-align: justify;\">Para mitigar los efectos en Oaxaca el pasado 9 de diciembre de 2021, se public\u00f3 en el Peri\u00f3dico Oficial del Estado, el decreto n\u00famero 13 relativo al presupuesto de Egresos del Estado, el cual contempla en su art\u00edculo 42 que el Ejecutivo del Estado asignar\u00e1 150 millones de pesos para fortalecer las econom\u00edas de las mujeres y los hombres entre 18 a 59 a\u00f1os, en situaci\u00f3n de pobreza, buscadores de empleo y sin remuneraci\u00f3n fija, mismos que fueron afectados por la contingencia sanitaria SARS COV2\u00a0\u00a0COVID 19.<\/p>\n<p style=\"text-align: justify;\">Esta disposici\u00f3n se complement\u00f3 con un art\u00edculo transitorio en el que se hace referencia las formas, tiempo y modo en el que deber\u00eda emplearse y ejecutarse tal cantidad.<\/p>\n<p style=\"text-align: justify;\">En cuanto al monto asignado, la Secretaria de Bienestar del Estado de Oaxaca, debi\u00f3 publicar en el Peri\u00f3dico oficial del Gobierno del Estado, el programa y las reglas de operaci\u00f3n en un plazo no mayor a 60 d\u00edas h\u00e1biles posteriores a la entrada en vigor del decreto.<\/p>\n<p style=\"text-align: justify;\">En \u00e9l se especificar\u00e1 el objetivo social del programa, la poblaci\u00f3n objetivo, el monto, mec\u00e1nica de operaci\u00f3n y sus criterios e indicadores de evaluaci\u00f3n.<\/p>\n<p style=\"text-align: justify;\">De acuerdo a lo dispuesto en el transitorio S\u00c9PTIMO la dependencia ejecutora, es decir la Secretar\u00eda de Bienestar, estaba obligada a publicar las reglas de operaci\u00f3n en un plazo no mayor a sesenta d\u00edas, es decir, hasta antes del d\u00eda 29 de marzo de 2022.<\/p>\n<p style=\"text-align: justify;\">De acuerdo a la diputada promovente de la bancada de Morena, Dennis Garc\u00eda Guti\u00e9rrez, el decreto 13 entr\u00f3 en vigor el 1 de enero de 2022, tras 21 d\u00edas h\u00e1biles de enero, 19 d\u00edas h\u00e1biles de febrero, descontando el 5; y 20 d\u00edas h\u00e1biles de marzo, la Secretar\u00eda Bienestar, fue omisa, porque no se publicaron en el medio oficial de comunicaci\u00f3n dichas reglas de operaci\u00f3n.<\/p>\n<p style=\"text-align: justify;\">\u201cDe una simple revisi\u00f3n de la p\u00e1gina oficial de la dependencia y una consulta al peri\u00f3dico oficial, dichas reglas de operaci\u00f3n sobre el programa espec\u00edfico no existen\u201d, denunci\u00f3.<\/p>\n<p style=\"text-align: justify;\">Y es que el art\u00edculo 8 del\u00a0\u00a0reglamento interno publicado en el Peri\u00f3dico Oficial del Estado el 16 de abril del presente a\u00f1o 2022, la Secretaria del Bienestar tiene las facultades de emitir reglas de operaci\u00f3n, lineamientos, manuales y dem\u00e1s instrumentos relativos a la competencia de la Secretar\u00eda conforme a la normatividad aplicable.<\/p>\n<p style=\"text-align: justify;\">En consecuencia, reproch\u00f3, existe incertidumbre hasta este momento si el programa y las\u00a0\u00a0reglas de operaci\u00f3n destinado a fortalecer las econom\u00edas de las mujeres y los\u00a0\u00a0hombres entre 18 a 59 a\u00f1os, en situaci\u00f3n de pobreza, buscadores de empleo y sin remuneraci\u00f3n fija que fueron afectados por la contingencia sanitaria\u00a0\u00a0SARS COV 2 COVID 19, fueron publicadas espec\u00edficamente sobre ese nombre o bien alguno semejante, pues se reitera que al realizar una b\u00fasqueda manual en la p\u00e1gina\u00a0\u00a0oficial y en\u00a0\u00a0el peri\u00f3dico oficial del Estado, no fue localizado.<\/p>\n<p style=\"text-align: justify;\">Garc\u00eda Guti\u00e9rrez, advirti\u00f3 que para el caso de que los 150 millones destinados hubieren sido asignados a la dependencia y esta haya sido omisa en el cumplimiento\u00a0\u00a0de su destino, se actualizan conductas\u00a0\u00a0atribuibles al servidor p\u00fablico previstas en\u00a0\u00a0la ley de\u00a0\u00a0responsabilidades administrativas del Estado y Municipios de Oaxaca.<\/p>\n<p style=\"text-align: justify;\">En la v\u00edspera, Mart\u00ednez L\u00f3pez inform\u00f3 a la LXV Legislatura que finanzas no le dieron el oficio de autorizaci\u00f3n para los recursos y por tal motivo no se pudo lanzar la convocatoria.<\/p>\n","protected":false},"excerpt":{"rendered":"<p>#Redacci\u00f3nOaxaca #Oaxaca Jaime GUERRERO\u00a0 La titular de la secretar\u00eda de Bienestar, Yolanda Mart\u00ednez L\u00f3pez, incurri\u00f3 en ineficacia e indolencia en la fallida ejecuci\u00f3n de 150 millones de pesos del programa para fortalecer la economia de las mujeres y hombres entre 18 y 59 a\u00f1os en situaci\u00f3n de pobreza, buscadores de empleo y sin remuneraci\u00f3n fija, [&hellip;]<\/p>\n","protected":false},"author":9,"featured_media":0,"comment_status":"open","ping_status":"open","sticky":false,"template":"","format":"standard","meta":{"jetpack_post_was_ever_published":false,"_jetpack_newsletter_access":"","_jetpack_dont_email_post_to_subs":false,"_jetpack_newsletter_tier_id":0,"_jetpack_memberships_contains_paywalled_content":false,"_jetpack_memberships_contains_paid_content":false,"footnotes":"","jetpack_publicize_message":"","jetpack_publicize_feature_enabled":true,"jetpack_social_post_already_shared":true,"jetpack_social_options":{"image_generator_settings":{"template":"highway","default_image_id":0,"font":"","enabled":false},"version":2}},"categories":[4,5,6],"tags":[],"class_list":{"0":"post-27729","1":"post","2":"type-post","3":"status-publish","4":"format-standard","6":"category-agenda-politica","7":"category-imagen","8":"category-tendencias"},"jetpack_publicize_connections":[],"jetpack_featured_media_url":"","jetpack_sharing_enabled":true,"jetpack_shortlink":"https:\/\/wp.me\/p9Ynjw-7df","jetpack-related-posts":[{"id":26986,"url":"https:\/\/redaccionoaxaca.com\/index.php\/2022\/07\/28\/opacidad-en-la-sebien-de-oaxaca-incierto-el-destino-de-150-mdp-destinados-a-desempleados-y-pobres-afectados-por-covid19\/","url_meta":{"origin":27729,"position":0},"title":"Opacidad en la Sebien de Oaxaca; incierto el destino de 150 mdp  destinados a desempleados y pobres afectados por COVID19","author":"ariadna","date":"julio 28, 2022","format":false,"excerpt":"#Redacci\u00f3nOaxaca #Oaxaca Jaime GUERRERO El Congreso del Estado, pidi\u00f3 al gobernador del estado, Alejandro Murat Hinojonsa, para que, a trav\u00e9s de la titular de la secretar\u00eda de bienestar, Yolanda Mart\u00ednez L\u00f3pez, transparente el nombre del programa mediante el cual fueron distribuidos 150 millones de pesos, en un programa para fortalecer\u2026","rel":"","context":"En &quot;Agenda Pol\u00edtica&quot;","block_context":{"text":"Agenda Pol\u00edtica","link":"https:\/\/redaccionoaxaca.com\/index.php\/category\/agenda-politica\/"},"img":{"alt_text":"","src":"","width":0,"height":0},"classes":[]},{"id":4956,"url":"https:\/\/redaccionoaxaca.com\/index.php\/2019\/01\/14\/efectos-de-transicion-climatica-en-2-decadas-lluvias-ya-disminuyen\/","url_meta":{"origin":27729,"position":1},"title":"Efectos de transici\u00f3n clim\u00e1tica,\u00a0en 2 d\u00e9cadas; lluvias ya disminuyen\u00a0","author":"denise","date":"enero 14, 2019","format":false,"excerpt":"#Redacci\u00f3nOaxaca\u00a0 Jaime GUERRERO\u00a0 Debido al cambio clim\u00e1tico que se experimenta en todo el planeta, las lluvias en Oaxaca habr\u00e1n de disminuir hasta 6 por ciento durante este siglo y, seg\u00fan las previsiones del Instituto Nacional de Ecolog\u00eda y Cambio Clim\u00e1tico (INECC), los primeros efectos de esta transici\u00f3n clim\u00e1tica comenzar\u00e1n a\u2026","rel":"","context":"En &quot;Agenda Pol\u00edtica&quot;","block_context":{"text":"Agenda Pol\u00edtica","link":"https:\/\/redaccionoaxaca.com\/index.php\/category\/agenda-politica\/"},"img":{"alt_text":"","src":"","width":0,"height":0},"classes":[]},{"id":28620,"url":"https:\/\/redaccionoaxaca.com\/index.php\/2023\/03\/28\/llama-luis-alfonso-silva-romo-a-tomar-medidas-para-el-cuidado-del-agua\/","url_meta":{"origin":27729,"position":2},"title":"Llama Luis Alfonso Silva Romo a tomar medidas para el cuidado del agua","author":"ariadna","date":"marzo 28, 2023","format":false,"excerpt":"#Redacci\u00f3nOaxaca #Oaxaca Oaxaca de Ju\u00e1rez, Oax. 28 de marzo de 2023.- Luis Alfonso Silva Romo asisti\u00f3 a la inauguraci\u00f3n de los foros en conmemoraci\u00f3n del D\u00eda Mundial del Agua, organizados por el gobierno estatal. Indic\u00f3 que estas actividades son fundamentales para que las autoridades y sociedad centren su atenci\u00f3n en\u2026","rel":"","context":"En &quot;Agenda Pol\u00edtica&quot;","block_context":{"text":"Agenda Pol\u00edtica","link":"https:\/\/redaccionoaxaca.com\/index.php\/category\/agenda-politica\/"},"img":{"alt_text":"","src":"https:\/\/i0.wp.com\/redaccionoaxaca.com\/wp-content\/uploads\/2023\/03\/IMG-20230328-WA0009-300x200.jpg?resize=350%2C200&ssl=1","width":350,"height":200},"classes":[]},{"id":12890,"url":"https:\/\/redaccionoaxaca.com\/index.php\/2020\/06\/17\/diputados-de-morena-afines-a-senador-que-aspira-a-gobernar-oaxaca-proponen-reforma-electoral-para-adelantar-eleccion-de-gobernador-en-2021\/","url_meta":{"origin":27729,"position":3},"title":"Diputados de Morena, afines a Senador que aspira a Gobernar Oaxaca, proponen reforma electoral para adelantar elecci\u00f3n de Gobernador en 2021.","author":"ariadna","date":"junio 17, 2020","format":false,"excerpt":"#Redacci\u00f3nOaxaca #Oaxaca Jaime GUERRERO Bajo el argumento de generar un ahorro presupuestal de 140 millones de pesos, la bancada del Partido Movimiento de Regeneraci\u00f3n Nacional (MORENA), present\u00f3 una iniciativa de reforma a la Ley de Instituciones y Procedimientos Electorales del Estado de Oaxaca (LIPEO), para adelantar 1 a\u00f1o la elecci\u00f3n\u2026","rel":"","context":"En &quot;Agenda Pol\u00edtica&quot;","block_context":{"text":"Agenda Pol\u00edtica","link":"https:\/\/redaccionoaxaca.com\/index.php\/category\/agenda-politica\/"},"img":{"alt_text":"","src":"","width":0,"height":0},"classes":[]},{"id":12781,"url":"https:\/\/redaccionoaxaca.com\/index.php\/2020\/06\/11\/golpe-a-localidades-migrantes-el-desempleo-a-partir-de-la-pandemia-covid-en-e-u-grave-impacto-en-la-economia-oaxaquena\/","url_meta":{"origin":27729,"position":4},"title":"Golpe a localidades migrantes; el desempleo a partir de la pandemia COVID en E.U. grave impacto en la econom\u00eda Oaxaque\u00f1a","author":"ariadna","date":"junio 11, 2020","format":false,"excerpt":"#Redacci\u00f3nOaxaca #Oaxaca Maira Ric\u00e1rdez Adem\u00e1s de los efectos propios del covid y su afectaci\u00f3n econ\u00f3mica a nivel mundial, y particularmente en M\u00e9xico y estados del Sur de por si con devaluada econom\u00eda, como Oaxaca, el tema del env\u00edo de remesas a nuestro estado representa una alta preocupaci\u00f3n en el corto\u2026","rel":"","context":"En &quot;Al Cierre&quot;","block_context":{"text":"Al Cierre","link":"https:\/\/redaccionoaxaca.com\/index.php\/category\/al-cierre\/"},"img":{"alt_text":"","src":"","width":0,"height":0},"classes":[]},{"id":33613,"url":"https:\/\/redaccionoaxaca.com\/index.php\/2024\/09\/28\/morena-si-traiciona-en-san-gabriel\/","url_meta":{"origin":27729,"position":5},"title":"\u201cMORENA S\u00cd TRAICIONA EN SAN GABRIEL\u201d.","author":"ariadna","date":"septiembre 28, 2024","format":false,"excerpt":"#Redacci\u00f3nOaxaca #Oaxaca #Redacci\u00f3nOaxaca El hurac\u00e1n John no s\u00f3lo se llev\u00f3 la carretera, tambi\u00e9n dej\u00f3 al descubierto la ineficacia, el desorden y la falta de solidaridad con los damnificados por parte de quienes se definen como militantes del partido MORENA en San Gabriel Mixtepec. Mientras el gobernador Salom\u00f3n Jara acudi\u00f3 dos\u2026","rel":"","context":"En &quot;Imagen&quot;","block_context":{"text":"Imagen","link":"https:\/\/redaccionoaxaca.com\/index.php\/category\/imagen\/"},"img":{"alt_text":"","src":"https:\/\/i0.wp.com\/redaccionoaxaca.com\/wp-content\/uploads\/2024\/09\/IMG-20240928-WA0107-300x168.jpg?resize=350%2C200&ssl=1","width":350,"height":200},"classes":[]}],"_links":{"self":[{"href":"https:\/\/redaccionoaxaca.com\/index.php\/wp-json\/wp\/v2\/posts\/27729","targetHints":{"allow":["GET"]}}],"collection":[{"href":"https:\/\/redaccionoaxaca.com\/index.php\/wp-json\/wp\/v2\/posts"}],"about":[{"href":"https:\/\/redaccionoaxaca.com\/index.php\/wp-json\/wp\/v2\/types\/post"}],"author":[{"embeddable":true,"href":"https:\/\/redaccionoaxaca.com\/index.php\/wp-json\/wp\/v2\/users\/9"}],"replies":[{"embeddable":true,"href":"https:\/\/redaccionoaxaca.com\/index.php\/wp-json\/wp\/v2\/comments?post=27729"}],"version-history":[{"count":3,"href":"https:\/\/redaccionoaxaca.com\/index.php\/wp-json\/wp\/v2\/posts\/27729\/revisions"}],"predecessor-version":[{"id":27733,"href":"https:\/\/redaccionoaxaca.com\/index.php\/wp-json\/wp\/v2\/posts\/27729\/revisions\/27733"}],"wp:attachment":[{"href":"https:\/\/redaccionoaxaca.com\/index.php\/wp-json\/wp\/v2\/media?parent=27729"}],"wp:term":[{"taxonomy":"category","embeddable":true,"href":"https:\/\/redaccionoaxaca.com\/index.php\/wp-json\/wp\/v2\/categories?post=27729"},{"taxonomy":"post_tag","embeddable":true,"href":"https:\/\/redaccionoaxaca.com\/index.php\/wp-json\/wp\/v2\/tags?post=27729"}],"curies":[{"name":"wp","href":"https:\/\/api.w.org\/{rel}","templated":true}]}}