{"id":27734,"date":"2022-09-07T22:19:53","date_gmt":"2022-09-08T03:19:53","guid":{"rendered":"https:\/\/redaccionoaxaca.com\/?p=27734"},"modified":"2022-09-07T22:19:53","modified_gmt":"2022-09-08T03:19:53","slug":"congreso-de-oaxaca-pide-a-tepjf-sancionar-al-senado-por-incumplir-sentencia-en-designacion-de-magistraturas-del-teeo","status":"publish","type":"post","link":"https:\/\/redaccionoaxaca.com\/index.php\/2022\/09\/07\/congreso-de-oaxaca-pide-a-tepjf-sancionar-al-senado-por-incumplir-sentencia-en-designacion-de-magistraturas-del-teeo\/","title":{"rendered":"Congreso de Oaxaca pide a TEPJF sancionar al Senado por incumplir sentencia en designaci\u00f3n de magistraturas del TEEO"},"content":{"rendered":"<p><strong>#Redacci\u00f3nOaxaca<\/strong><\/p>\n<p><strong>#Oaxaca<\/strong><\/p>\n<p><strong>Jaime GUERRERO<\/strong><\/p>\n<p style=\"text-align: justify;\">El Congreso de Oaxaca, exhort\u00f3 a la Sala Superior del Tribunal Electoral del Poder Judicial de la Federaci\u00f3n (TEPJF), para que imponga medios de sanci\u00f3n por incumplimiento de la sentencia que emiti\u00f3 al Senado de la Rep\u00fablica para la designaci\u00f3n de magistraturas del Tribunal Electoral del Estado de Oaxaca (TEEO)<\/p>\n<p style=\"text-align: justify;\">As\u00ed mismo, al Senado de la Rep\u00fablica para que nombre magistraturas e inicie procedimiento para suplir al magistrado Raymundo Wilfrido L\u00f3pez V\u00e1zquez.<\/p>\n<p style=\"text-align: justify;\">A trav\u00e9s de un punto de acuerdo presentado por la diputada del PRI, Mar\u00eda Luisa Matus Fuentes, se record\u00f3 que en 2014, la Constituci\u00f3n Pol\u00edtica Federal, fue reformada en materia electoral para establecer la forma de integraci\u00f3n de los tribunales de las entidades federativas, por lo que el Tribunal Electoral dejo de ser parte del Tribunal Superior de Justicia del Estado de Oaxaca.<\/p>\n<p style=\"text-align: justify;\">El objetivo fue dotarlos de principios rectores que son los de certeza, objetividad, legalidad y probidad, como lo preve el art\u00edculo 105 de la Ley General de Instituciones y Procedimientos Electorales.<\/p>\n<p style=\"text-align: justify;\">El Decreto de reforma y la expedici\u00f3n de la Ley General de Instituciones y Procedimientos electorales, determin\u00f3 que se nombrar\u00e1n tres magistrados, el primero por un periodo de 3 a\u00f1os, el segundo de 5 a\u00f1os y el tercero de 7 a\u00f1os, con la finalidad de que la renovaci\u00f3n se diera de forma escalonada y permanencieran quienes ya han tenido experiencia.<\/p>\n<p style=\"text-align: justify;\">Primero fue sustituido el magistrado designado por 3 a\u00f1os, por la actual Magistrada Presidenta del Tribunal Electoral de Oaxaca, Elizabeth Bautista Velasco.<\/p>\n<p style=\"text-align: justify;\">Sin embargo, para sustituir al magistrado que fue designado por 5 a\u00f1os, el senado de la rep\u00fablica designo a un hombre, sin embargo una de las participantes en la convocatoria, impugno la determinaci\u00f3n a trav\u00e9s del Juicio de Protecci\u00f3n de los Derechos Pol\u00edticos Electorales SUP-JDC-10255\/2020.<\/p>\n<p style=\"text-align: justify;\">La impugnaci\u00f3n fue resulta el 7 de febrero del 2021, revocando la designaci\u00f3n del magistrado y ordenando al Senado de la Rep\u00fablica la designaci\u00f3n de un nuevo magistrado observando el principio de alternancia de g\u00e9nero, es decir que designe a una mujer como magistrada integrante del Tribunal Electoral de Oaxaca.<\/p>\n<p style=\"text-align: justify;\">No obstante, el Senado de la rep\u00fablica, no ha designado a la nueva magistrada.<\/p>\n<p style=\"text-align: justify;\">En respuesta, el pasado 31 de agosto, por mayor\u00eda del pleno, se adicion\u00f3 al art\u00edculo 28 Bis a la Ley Org\u00e1nica del Tribunal Electoral del Estado de Oaxaca, una pr\u00f3rroga para las magistraturas que culminen su cargo.<\/p>\n<p style=\"text-align: justify;\">Ante lo que calific\u00f3 como una serie de desaseo legislativo, Matus Fuentes, present\u00f3 el exhorto a la Sala Superior del Tribunal Electoral del Poder Judicial de la Federaci\u00f3n, para que haga cumplir su sentencia y de ser necesario imponga las medidas de apremio que preve la ley ante la falta de cumplimiento de la sentencia dictada por ese \u00f3rgano jurisdiccional.<\/p>\n<p style=\"text-align: justify;\">As\u00ed tambien, camara de senadores, para que a trav\u00e9s de la Junta de Coordinaci\u00f3n Pol\u00edtica \u00a0emita la convocatoria para la designaci\u00f3n de la magistratura que sustituira a L\u00f3pez V\u00e1squez, y as\u00ed el \u00f3rgano jurisdiccional este debidamente integrado, para poder garantizar a las ciudadanas y ciudadanos el derecho a la administraci\u00f3n de justicia.<\/p>\n<p style=\"text-align: justify;\">Record\u00f3 que en Oaxaca, en este a\u00f1o se renuevan concejal\u00edas que se rigen por sistema normativo indigena en 417 municipios, \u201cpor lo que es de vital importancia, sobre todo que este a\u00f1o nuestras municipios deben cumplir con el principio de paridad de g\u00e9nero, es decir debemos tener certeza que quienes impartiran justicia son magistrados designados por el senado de la rep\u00fablica\u201d.<\/p>\n","protected":false},"excerpt":{"rendered":"<p>#Redacci\u00f3nOaxaca #Oaxaca Jaime GUERRERO El Congreso de Oaxaca, exhort\u00f3 a la Sala Superior del Tribunal Electoral del Poder Judicial de la Federaci\u00f3n (TEPJF), para que imponga medios de sanci\u00f3n por incumplimiento de la sentencia que emiti\u00f3 al Senado de la Rep\u00fablica para la designaci\u00f3n de magistraturas del Tribunal Electoral del Estado de Oaxaca (TEEO) As\u00ed [&hellip;]<\/p>\n","protected":false},"author":9,"featured_media":0,"comment_status":"open","ping_status":"open","sticky":false,"template":"","format":"standard","meta":{"jetpack_post_was_ever_published":false,"_jetpack_newsletter_access":"","_jetpack_dont_email_post_to_subs":false,"_jetpack_newsletter_tier_id":0,"_jetpack_memberships_contains_paywalled_content":false,"_jetpack_memberships_contains_paid_content":false,"footnotes":"","jetpack_publicize_message":"","jetpack_publicize_feature_enabled":true,"jetpack_social_post_already_shared":true,"jetpack_social_options":{"image_generator_settings":{"template":"highway","default_image_id":0,"font":"","enabled":false},"version":2}},"categories":[1],"tags":[],"class_list":{"0":"post-27734","1":"post","2":"type-post","3":"status-publish","4":"format-standard","6":"category-uncategorized"},"jetpack_publicize_connections":[],"jetpack_featured_media_url":"","jetpack_sharing_enabled":true,"jetpack_shortlink":"https:\/\/wp.me\/p9Ynjw-7dk","jetpack-related-posts":[{"id":36400,"url":"https:\/\/redaccionoaxaca.com\/index.php\/2025\/04\/04\/senado-de-la-republica-debe-garantizar-principios-de-idoneidad-experiencia-e-imparcialidad-en-eleccion-de-magistraturas-del-teeo\/","url_meta":{"origin":27734,"position":0},"title":"Senado de la Rep\u00fablica debe garantizar principios de idoneidad, experiencia e imparcialidad en elecci\u00f3n de magistraturas del TEEO","author":"ariadna","date":"abril 4, 2025","format":false,"excerpt":"#Redacci\u00f3nOaxaca #Oaxaca * Avala Congreso de Oaxaca Punto de Acuerdo presentado por diputado del PT, Dante Monta\u00f1o Montero, en el sentido de que las designaciones sean bajo estos preceptos necesarios para un tribunal aut\u00f3nomo San Raymundo Jalpan, Oax., 04 de abril de 2025.- Con 36 votos a favor, el Pleno\u2026","rel":"","context":"En &quot;Agenda Pol\u00edtica&quot;","block_context":{"text":"Agenda Pol\u00edtica","link":"https:\/\/redaccionoaxaca.com\/index.php\/category\/agenda-politica\/"},"img":{"alt_text":"","src":"https:\/\/i0.wp.com\/redaccionoaxaca.com\/wp-content\/uploads\/2025\/04\/Screenshot_20250404_213909_Facebook-300x207.jpg?resize=350%2C200&ssl=1","width":350,"height":200},"classes":[]},{"id":27204,"url":"https:\/\/redaccionoaxaca.com\/index.php\/2022\/08\/11\/por-omision-del-senado-en-designacion-y-para-frenar-discrecionalidad-de-presidenta-del-teeo-morena-propone-prolongar-magistraturas-vencidas\/","url_meta":{"origin":27734,"position":1},"title":"Por omisi\u00f3n del Senado en designaci\u00f3n y para frenar discrecionalidad de  presidenta del TEEO; Morena propone prolongar magistraturas vencidas","author":"ariadna","date":"agosto 11, 2022","format":false,"excerpt":"#Redacci\u00f3nOaxaca #Oaxaca Jaime GUERRERO Diputadas de la bancada de Morena en el Congreso de Oaxaca, presentaron una inciativa de reforma a la ley org\u00e1nica del Tribunal Electoral del Estado de Oaxaca (TEEO) para prorrogar la permanencia de magistraturas que una vez vencidas y no hayan sido designadas por el Senado\u2026","rel":"","context":"En &quot;Agenda Pol\u00edtica&quot;","block_context":{"text":"Agenda Pol\u00edtica","link":"https:\/\/redaccionoaxaca.com\/index.php\/category\/agenda-politica\/"},"img":{"alt_text":"","src":"","width":0,"height":0},"classes":[]},{"id":27571,"url":"https:\/\/redaccionoaxaca.com\/index.php\/2022\/09\/01\/ante-omision-del-senado-diputados-afines-a-gobernador-electo-de-oaxaca-aprueban-prorrogar-magistraturas-vencidas-y-acotan-a-presidenta-del-teeo\/","url_meta":{"origin":27734,"position":2},"title":"Ante omisi\u00f3n del Senado, diputados afines a Gobernador electo de Oaxaca,  aprueban prorrogar magistraturas vencidas y acotan a Presidenta del TEEO","author":"ariadna","date":"septiembre 1, 2022","format":false,"excerpt":"#Redacci\u00f3nOaxaca #Oaxaca Jaime GUERRERO Con 21 votos a favor de una bancada dividida de Morena, PRD y sus aliados del PT, PUP, y PVEM, la mayor\u00eda de los diputados de la LXV Legislatura -afines al gobernador electo, Salom\u00f3n Jara Cruz- aprobaron una adici\u00f3n del Art\u00edculo 28 Bis a la Ley\u2026","rel":"","context":"En &quot;Agenda Pol\u00edtica&quot;","block_context":{"text":"Agenda Pol\u00edtica","link":"https:\/\/redaccionoaxaca.com\/index.php\/category\/agenda-politica\/"},"img":{"alt_text":"","src":"","width":0,"height":0},"classes":[]},{"id":27509,"url":"https:\/\/redaccionoaxaca.com\/index.php\/2022\/08\/26\/aprueban-en-comision-reforma-a-ley-organica-del-teeo-para-frenar-discrecionalidad-de-magistrada-presidenta-y-prolongar-magistraturas-vencidas\/","url_meta":{"origin":27734,"position":3},"title":"Aprueban en Comisi\u00f3n reforma a ley org\u00e1nica del TEEO para frenar   discrecionalidad de magistrada presidenta y prolongar magistraturas vencidas","author":"ariadna","date":"agosto 26, 2022","format":false,"excerpt":"#Redacci\u00f3nOaxaca #Oaxaca Jaime GUERRERO Con 4 votos y firmas en favor de diputados de Morena y Verde Ecologista de M\u00e9xico (PVEM) que integran la Comisi\u00f3n de Democracia y Participaci\u00f3n Ciudadana de la LXV Legislatura, se aprob\u00f3 el dictamen de reforma a la ley org\u00e1nica del Tribunal Electoral del Estado de\u2026","rel":"","context":"En &quot;Agenda Pol\u00edtica&quot;","block_context":{"text":"Agenda Pol\u00edtica","link":"https:\/\/redaccionoaxaca.com\/index.php\/category\/agenda-politica\/"},"img":{"alt_text":"","src":"","width":0,"height":0},"classes":[]},{"id":31679,"url":"https:\/\/redaccionoaxaca.com\/index.php\/2024\/05\/08\/tepjf-ordena-restituir-a-maria-del-carmen-ricardez-como-candidata-al-senado-de-la-republica-por-el-pri\/","url_meta":{"origin":27734,"position":4},"title":"TEPJF ordena restituir a Mar\u00eda del Carmen Ric\u00e1rdez como candidata al Senado de la Rep\u00fablica por el PRI","author":"ariadna","date":"mayo 8, 2024","format":false,"excerpt":"#Redacci\u00f3nOaxaca #Oaxaca La Sala Superior del Tribunal Electoral del Poder Judicial de la Federaci\u00f3n orden\u00f3 la restituci\u00f3n de Mar\u00eda del Carmen Ric\u00e1rdez Vela como candidata al Senado de la Rep\u00fablica por la primera f\u00f3rmula del Partido Revolucionario Institucional en Oaxaca. Las magistraturas de la Sala Superior determinaron revocar la sentencia\u2026","rel":"","context":"En &quot;Agenda Pol\u00edtica&quot;","block_context":{"text":"Agenda Pol\u00edtica","link":"https:\/\/redaccionoaxaca.com\/index.php\/category\/agenda-politica\/"},"img":{"alt_text":"","src":"","width":0,"height":0},"classes":[]},{"id":16694,"url":"https:\/\/redaccionoaxaca.com\/index.php\/2021\/02\/04\/sala-superior-del-tepjf-tumba-a-magistrado-del-teeo-impulsado-por-amh-senado-no-cumplio-paridad-debera-elegir-a-mujer\/","url_meta":{"origin":27734,"position":5},"title":"Sala Superior del TEPJF tumba a magistrado del TEEO, impulsado  por AMH; Senado no cumpli\u00f3 paridad, deber\u00e1 elegir a mujer.","author":"ariadna","date":"febrero 4, 2021","format":false,"excerpt":"#Redacci\u00f3nOaxaca #Oaxaca Jaime GUERRERO Con cinco votos a favor y 2 en contra, la Sala Superior del Tribunal Electoral del Poder Judicial de la Federaci\u00f3n (TEPJF), revoc\u00f3 la designaci\u00f3n de Heriberto Jim\u00e9nez V\u00e1zquez como Magistrado del Tribunal Electoral del Estado de Oaxaca (TEEO), quien fuera una carta impulsada por el\u2026","rel":"","context":"En &quot;Agenda Pol\u00edtica&quot;","block_context":{"text":"Agenda Pol\u00edtica","link":"https:\/\/redaccionoaxaca.com\/index.php\/category\/agenda-politica\/"},"img":{"alt_text":"","src":"","width":0,"height":0},"classes":[]}],"_links":{"self":[{"href":"https:\/\/redaccionoaxaca.com\/index.php\/wp-json\/wp\/v2\/posts\/27734","targetHints":{"allow":["GET"]}}],"collection":[{"href":"https:\/\/redaccionoaxaca.com\/index.php\/wp-json\/wp\/v2\/posts"}],"about":[{"href":"https:\/\/redaccionoaxaca.com\/index.php\/wp-json\/wp\/v2\/types\/post"}],"author":[{"embeddable":true,"href":"https:\/\/redaccionoaxaca.com\/index.php\/wp-json\/wp\/v2\/users\/9"}],"replies":[{"embeddable":true,"href":"https:\/\/redaccionoaxaca.com\/index.php\/wp-json\/wp\/v2\/comments?post=27734"}],"version-history":[{"count":1,"href":"https:\/\/redaccionoaxaca.com\/index.php\/wp-json\/wp\/v2\/posts\/27734\/revisions"}],"predecessor-version":[{"id":27736,"href":"https:\/\/redaccionoaxaca.com\/index.php\/wp-json\/wp\/v2\/posts\/27734\/revisions\/27736"}],"wp:attachment":[{"href":"https:\/\/redaccionoaxaca.com\/index.php\/wp-json\/wp\/v2\/media?parent=27734"}],"wp:term":[{"taxonomy":"category","embeddable":true,"href":"https:\/\/redaccionoaxaca.com\/index.php\/wp-json\/wp\/v2\/categories?post=27734"},{"taxonomy":"post_tag","embeddable":true,"href":"https:\/\/redaccionoaxaca.com\/index.php\/wp-json\/wp\/v2\/tags?post=27734"}],"curies":[{"name":"wp","href":"https:\/\/api.w.org\/{rel}","templated":true}]}}