{"id":27858,"date":"2022-09-16T22:49:04","date_gmt":"2022-09-17T03:49:04","guid":{"rendered":"https:\/\/redaccionoaxaca.com\/?p=27858"},"modified":"2022-09-16T22:49:04","modified_gmt":"2022-09-17T03:49:04","slug":"53-de-votantes-senala-que-crimen-organizado-interviene-elecciones-de-mexico-identa-69-considera-que-tepjf-trabaja-bien-y-67-confia-en-el-ine","status":"publish","type":"post","link":"https:\/\/redaccionoaxaca.com\/index.php\/2022\/09\/16\/53-de-votantes-senala-que-crimen-organizado-interviene-elecciones-de-mexico-identa-69-considera-que-tepjf-trabaja-bien-y-67-confia-en-el-ine\/","title":{"rendered":"53% de votantes se\u00f1ala que crimen organizado interviene elecciones de M\u00e9xico: IDENTA; 69% considera que TEPJF trabaja bien y 67% conf\u00eda en el INE"},"content":{"rendered":"<p style=\"text-align: justify;\"><strong>#Redacci\u00f3nOaxaca<\/strong><\/p>\n<p style=\"text-align: justify;\"><strong>#Oaxaca<\/strong><\/p>\n<p style=\"text-align: justify;\"><strong>Jaime GUERRERO<\/strong><\/p>\n<p style=\"text-align: justify;\">De acuerdo la agencia de comunicaci\u00f3n IDENTA el 53 por ciento de los ciudadanos en el pa\u00eds considera que el crimen organizado interviene en las elecciones.<\/p>\n<p style=\"text-align: justify;\">Al presentar los resultados de esa investigaci\u00f3n de opini\u00f3n p\u00fablica en el pa\u00eds, el Magistrado Presidente del Tribunal Electoral del Poder Judicial de la Federaci\u00f3n (TEPJF), Reyes Rodr\u00edguez Mondrag\u00f3n, dijo que ese porcentaje de gente es mayor que el que tiene como tema prioritario el costo del sistema electoral, aunque est\u00e1n de acuerdo en que \u00e9ste se reduzca.<\/p>\n<p style=\"text-align: justify;\">Rodr\u00edguez Mondrag\u00f3n, particip\u00f3 en la firma del convenio de colaboraci\u00f3n entre la LXV Legislatura del Congreso de Oaxaca y el TEPJF, para impulsar una Maestr\u00eda en Derecho Electoral.<\/p>\n<p style=\"text-align: justify;\">Ante la Presidenta de la Mesa Directiva del Congreso de Oaxaca, Mariana Ben\u00edtez Tiburcio; la Presidenta de la Junta de Coordinaci\u00f3n Pol\u00edtica, Laura Estrada Mauro; y legisladores del PAN, PRD, PT y PVEM, advirti\u00f3 de la gran preocupaci\u00f3n de la poblaci\u00f3n por los diferentes abusos que sufre antes, durante y despu\u00e9s de los procesos electorales.<\/p>\n<p style=\"text-align: justify;\">Expuso que, de acuerdo a la encuesta, 76% de la sociedad considera que el sistema electoral funciona bien y esa parte de la percepci\u00f3n se debe a la imagen positiva de las instituciones electorales a nivel federal y estatal.<\/p>\n<p style=\"text-align: justify;\">Asimismo, que el 53 por ciento dice que en su colonia la pr\u00e1ctica de ofrecer dinero a cambio del voto es \u201cmucho o algo frecuente\u201d.<\/p>\n<p style=\"text-align: justify;\">De igual forma, el 41 por ciento se\u00f1al\u00f3 que los gobiernos o sus funcionarios intervienen en las elecciones.<\/p>\n<p style=\"text-align: justify;\">El 38 por ciento expres\u00f3 que hay amenazas para retirar apoyos de programas sociales en caso de no votar por un partido pol\u00edtico.<\/p>\n<p style=\"text-align: justify;\">De igual forma, el 69% considera que el Tribunal Electoral del Poder Judicial de la Federaci\u00f3n (TEPJF), hace bien su trabajo, el 67% conf\u00eda en el Instituto Nacional Electoral (INE).<\/p>\n<p style=\"text-align: justify;\">Sin embargo, inform\u00f3, la poblaci\u00f3n estima que el sistema electoral es perfectible, pues el 53% dice que en su colonia ofrecen dinero a cambio del voto.<\/p>\n<p style=\"text-align: justify;\">El 24% dice que las amenazas en la colonia si no se vota por un partido son frecuentes y de manera preocupante y el 53% considera que el crimen organizado interviene en las elecciones.<\/p>\n<p style=\"text-align: justify;\">Reyes Rodr\u00edguez consider\u00f3 que estas cifras muestran una preocupaci\u00f3n generalizada por la integridad de las elecciones y calidad de la democracia.<\/p>\n<p style=\"text-align: justify;\">\u201cEsos abusos son lo que verdaderamente le preocupan a la ciudadan\u00eda, y este porcentaje es mayor a los que estar\u00edan preocupados por el costo del sistema en un primer lugar\u201d.<\/p>\n<p style=\"text-align: justify;\">Sin embargo, agreg\u00f3, aunque la evaluaci\u00f3n del sistema es relativamente positiva, la ciudadan\u00eda no est\u00e1 conforme con que se sigan presentando malas pr\u00e1cticas en las elecciones.<\/p>\n<p style=\"text-align: justify;\">El estudio se\u00f1al\u00f3 que s\u00f3lo el 17 por ciento de los ciudadanos considera que el sistema funciona mal y requiere reformas de fondo.<br \/>\n\u201cEl resto est\u00e1 dividido entre quienes creen que no necesita ning\u00fan cambio y quienes piensan que funciona bien, pero requiere algunos cambios. Es decir, la ciudadan\u00eda s\u00ed quiere mejoras en el sistema, pero no una transformaci\u00f3n radical\u201d, indica.<\/p>\n","protected":false},"excerpt":{"rendered":"<p>#Redacci\u00f3nOaxaca #Oaxaca Jaime GUERRERO De acuerdo la agencia de comunicaci\u00f3n IDENTA el 53 por ciento de los ciudadanos en el pa\u00eds considera que el crimen organizado interviene en las elecciones. Al presentar los resultados de esa investigaci\u00f3n de opini\u00f3n p\u00fablica en el pa\u00eds, el Magistrado Presidente del Tribunal Electoral del Poder Judicial de la Federaci\u00f3n [&hellip;]<\/p>\n","protected":false},"author":9,"featured_media":0,"comment_status":"open","ping_status":"open","sticky":false,"template":"","format":"standard","meta":{"jetpack_post_was_ever_published":false,"_jetpack_newsletter_access":"","_jetpack_dont_email_post_to_subs":false,"_jetpack_newsletter_tier_id":0,"_jetpack_memberships_contains_paywalled_content":false,"_jetpack_memberships_contains_paid_content":false,"footnotes":"","jetpack_publicize_message":"","jetpack_publicize_feature_enabled":true,"jetpack_social_post_already_shared":true,"jetpack_social_options":{"image_generator_settings":{"template":"highway","default_image_id":0,"font":"","enabled":false},"version":2}},"categories":[7,5],"tags":[],"class_list":{"0":"post-27858","1":"post","2":"type-post","3":"status-publish","4":"format-standard","6":"category-al-cierre","7":"category-imagen"},"jetpack_publicize_connections":[],"jetpack_featured_media_url":"","jetpack_sharing_enabled":true,"jetpack_shortlink":"https:\/\/wp.me\/p9Ynjw-7fk","jetpack-related-posts":[{"id":24995,"url":"https:\/\/redaccionoaxaca.com\/index.php\/2022\/04\/09\/firman-ieepco-y-tepjf-convenio-de-colaboracion\/","url_meta":{"origin":27858,"position":0},"title":"Firman IEEPCO y TEPJF convenio de colaboraci\u00f3n.","author":"ariadna","date":"abril 9, 2022","format":false,"excerpt":"#Redacci\u00f3nOaxaca #Oaxaca Comunicado _Impulsar\u00e1n la justicia digital electoral y el fortalecimiento de la carrera judicial en Oaxaca_ Lograr una justicia digital electoral nacional e impulsar la carrera judicial entre las y los servidores p\u00fablicos del Instituto Estatal Electoral y de Participaci\u00f3n Ciudadana de Oaxaca (#IEEPCO), es el objetivo del convenio\u2026","rel":"","context":"En &quot;Agenda Pol\u00edtica&quot;","block_context":{"text":"Agenda Pol\u00edtica","link":"https:\/\/redaccionoaxaca.com\/index.php\/category\/agenda-politica\/"},"img":{"alt_text":"","src":"https:\/\/i0.wp.com\/redaccionoaxaca.com\/wp-content\/uploads\/2022\/04\/IMG-20220409-WA0030-300x146.jpg?resize=350%2C200&ssl=1","width":350,"height":200},"classes":[]},{"id":25391,"url":"https:\/\/redaccionoaxaca.com\/index.php\/2022\/05\/03\/congreso-pide-a-fepade-evitar-desvio-de-recursos-publicos-en-eleccion-de-gubernatura-a-funcionariado-de-murat-renunciar-si-promocionaran-voto\/","url_meta":{"origin":27858,"position":1},"title":"Congreso pide a Fepade evitar desvio de recursos p\u00fablicos en elecci\u00f3n   de gubernatura; a funcionariado de Murat, renunciar si promocionaran voto.","author":"ariadna","date":"mayo 3, 2022","format":false,"excerpt":"#Redacci\u00f3nOaxaca #Oaxaca Jaime GUERRERO La LXV Legislatura, pidi\u00f3 a la Fiscal\u00eda Especializada en Delitos Electorales del Estado de Oaxaca (#Fepade), ser vigilante y garante del desarrollo de la elecci\u00f3n de gobernatura en Oaxaca y el correcto desempe\u00f1o de la funci\u00f3n p\u00fablica para evitar los desv\u00edos de recursos. Exhort\u00f3 tambi\u00e9n, al\u2026","rel":"","context":"En &quot;Agenda Pol\u00edtica&quot;","block_context":{"text":"Agenda Pol\u00edtica","link":"https:\/\/redaccionoaxaca.com\/index.php\/category\/agenda-politica\/"},"img":{"alt_text":"","src":"","width":0,"height":0},"classes":[]},{"id":31691,"url":"https:\/\/redaccionoaxaca.com\/index.php\/2024\/05\/09\/por-invasion-de-facultades-del-ine-tepjf-tumbo-sentencias-del-tribunal-anticorrupcion-de-oaxaca-ordeno-reinstalacion-inmediata-de-presidenta-del-ieepco\/","url_meta":{"origin":27858,"position":2},"title":"Por invasi\u00f3n de facultades del INE, TEPJF tumb\u00f3 sentencias del Tribunal Anticorrupci\u00f3n de Oaxaca; orden\u00f3 reinstalaci\u00f3n inmediata de Presidenta del IEEPCO","author":"ariadna","date":"mayo 9, 2024","format":false,"excerpt":"#Redacci\u00f3nOaxaca #Oaxaca Jaime GUERRERO Por unanimidad de votos, la Sala Superior del Tribunal Electoral del Poder Judicial de la Federaci\u00f3n (TEPJF, tumb\u00f3 las sentencias de la Segunda Sala Unitaria del Tribunal de Justicia Administrativa y Combate a la Corrupci\u00f3n del Estado de Oaxaca (TJACCO), en las que inhabilit\u00f3 por 1\u2026","rel":"","context":"En &quot;Agenda Pol\u00edtica&quot;","block_context":{"text":"Agenda Pol\u00edtica","link":"https:\/\/redaccionoaxaca.com\/index.php\/category\/agenda-politica\/"},"img":{"alt_text":"","src":"","width":0,"height":0},"classes":[]},{"id":21920,"url":"https:\/\/redaccionoaxaca.com\/index.php\/2021\/10\/28\/video-magistrados-de-la-sala-superior-del-tepjf-mafiosos-y-facciosos-afirma-pt-de-oaxaca-por-tumbarle-1-pluri\/","url_meta":{"origin":27858,"position":3},"title":"VIDEO: Magistrados de la Sala Superior\u00a0del TEPJF,\u00a0&#8220;mafiosos\u00a0 y\u00a0facciosos&#8221;,\u00a0afirma PT de Oaxaca, por tumbarle 1 pluri.","author":"ariadna","date":"octubre 28, 2021","format":"video","excerpt":"#Redacci\u00f3nOaxaca #Oaxaca Jaime GUERRERO M\u00f3nica Isabella Santiago Hern\u00e1ndez, acus\u00f3 a magistrados y magistradas, principalmente al presidente del Tribunal Electoral del Poder Judicial de la Federaci\u00f3n (#TEPJF), Reyes Rodr\u00edguez Mondrag\u00f3n de actuar de forma facciosa, por instruir que se le quitara de su diputaci\u00f3n plurinominal por el Partido del Trabajo (#PT).\u2026","rel":"","context":"En &quot;Agenda Pol\u00edtica&quot;","block_context":{"text":"Agenda Pol\u00edtica","link":"https:\/\/redaccionoaxaca.com\/index.php\/category\/agenda-politica\/"},"img":{"alt_text":"","src":"","width":0,"height":0},"classes":[]},{"id":31674,"url":"https:\/\/redaccionoaxaca.com\/index.php\/2024\/05\/08\/magistrado-de-sala-superior-del-tepjf-propone-revocar-inhabilitacion-de-consejera-presidenta-del-ieepco-y-ordena-reincorporacion-inmediata-ine-unico-facultado-para-remover\/","url_meta":{"origin":27858,"position":4},"title":"Magistrado de Sala Superior del TEPJF propone revocar inhabilitaci\u00f3n de consejera presidenta del IEEPCO y ordena reincorporaci\u00f3n inmediata; INE \u00fanico facultado para remover","author":"ariadna","date":"mayo 8, 2024","format":false,"excerpt":"#Redacci\u00f3nOaxaca #Oaxaca Jaime GUERRERO En su proyecto de sentencia, el Magistrado de la Sala Superior del Tribunal Electoral del Poder Judicial de la Federaci\u00f3n (TEPJF), Reyes Rodr\u00edguez Mondrag\u00f3n, propone revocar la inhabilitaci\u00f3n de la funci\u00f3n p\u00fablica de 1 a\u00f1o que, interpuso de la Sala Unitaria del Tribunal de Justicia Administrativa\u2026","rel":"","context":"En &quot;Agenda Pol\u00edtica&quot;","block_context":{"text":"Agenda Pol\u00edtica","link":"https:\/\/redaccionoaxaca.com\/index.php\/category\/agenda-politica\/"},"img":{"alt_text":"","src":"https:\/\/i0.wp.com\/redaccionoaxaca.com\/wp-content\/uploads\/2024\/05\/IMG-20240508-WA0044-186x300.jpg?resize=350%2C200&ssl=1","width":350,"height":200},"classes":[]},{"id":33008,"url":"https:\/\/redaccionoaxaca.com\/index.php\/2024\/08\/15\/tepjf-valida-eleccion-declara-a-claudia-sheinbaum-presidenta-electa-y-ordena-entregarle-hoy-constancia-de-mayoria\/","url_meta":{"origin":27858,"position":5},"title":"TEPJF valida elecci\u00f3n, declara a Claudia Sheinbaum presidenta electa y ordena entregarle hoy, constancia de mayor\u00eda","author":"ariadna","date":"agosto 15, 2024","format":false,"excerpt":"#Redacci\u00f3nOaxaca #Oaxaca Jaime GUERRERO Por unanimidad, el pleno de la Sala Superior del Tribunal Electoral del Poder Judicial de la Federaci\u00f3n (TEPJF) declar\u00f3 la validez de la elecci\u00f3n presidencial y del triunfo de Claudia Sheinbaum Pardo, quien ser\u00e1 la primera Presidenta de M\u00e9xico. \u201cEn el dictamen se propone declarar que\u2026","rel":"","context":"En &quot;Agenda Pol\u00edtica&quot;","block_context":{"text":"Agenda Pol\u00edtica","link":"https:\/\/redaccionoaxaca.com\/index.php\/category\/agenda-politica\/"},"img":{"alt_text":"","src":"","width":0,"height":0},"classes":[]}],"_links":{"self":[{"href":"https:\/\/redaccionoaxaca.com\/index.php\/wp-json\/wp\/v2\/posts\/27858","targetHints":{"allow":["GET"]}}],"collection":[{"href":"https:\/\/redaccionoaxaca.com\/index.php\/wp-json\/wp\/v2\/posts"}],"about":[{"href":"https:\/\/redaccionoaxaca.com\/index.php\/wp-json\/wp\/v2\/types\/post"}],"author":[{"embeddable":true,"href":"https:\/\/redaccionoaxaca.com\/index.php\/wp-json\/wp\/v2\/users\/9"}],"replies":[{"embeddable":true,"href":"https:\/\/redaccionoaxaca.com\/index.php\/wp-json\/wp\/v2\/comments?post=27858"}],"version-history":[{"count":1,"href":"https:\/\/redaccionoaxaca.com\/index.php\/wp-json\/wp\/v2\/posts\/27858\/revisions"}],"predecessor-version":[{"id":27860,"href":"https:\/\/redaccionoaxaca.com\/index.php\/wp-json\/wp\/v2\/posts\/27858\/revisions\/27860"}],"wp:attachment":[{"href":"https:\/\/redaccionoaxaca.com\/index.php\/wp-json\/wp\/v2\/media?parent=27858"}],"wp:term":[{"taxonomy":"category","embeddable":true,"href":"https:\/\/redaccionoaxaca.com\/index.php\/wp-json\/wp\/v2\/categories?post=27858"},{"taxonomy":"post_tag","embeddable":true,"href":"https:\/\/redaccionoaxaca.com\/index.php\/wp-json\/wp\/v2\/tags?post=27858"}],"curies":[{"name":"wp","href":"https:\/\/api.w.org\/{rel}","templated":true}]}}