{"id":28036,"date":"2022-09-28T09:06:06","date_gmt":"2022-09-28T14:06:06","guid":{"rendered":"https:\/\/redaccionoaxaca.com\/?p=28036"},"modified":"2022-09-28T09:06:18","modified_gmt":"2022-09-28T14:06:18","slug":"teeo-exonero-a-presidente-y-secretaria-muncipal-de-oaxaca-de-violencia-politica-vs-regidora-del-pan-congreso-le-habia-pedido-detener-actos-de-molestia","status":"publish","type":"post","link":"https:\/\/redaccionoaxaca.com\/index.php\/2022\/09\/28\/teeo-exonero-a-presidente-y-secretaria-muncipal-de-oaxaca-de-violencia-politica-vs-regidora-del-pan-congreso-le-habia-pedido-detener-actos-de-molestia\/","title":{"rendered":"TEEO exoner\u00f3 a Presidente y Secretaria Muncipal de Oaxaca de violencia pol\u00edtica  vs regidora del PAN; Congreso le hab\u00eda pedido detener actos de molestia"},"content":{"rendered":"<p><strong>#Redacci\u00f3nOaxaca<\/strong><\/p>\n<p><strong>#Oaxaca<\/strong><\/p>\n<p><strong>Jaime GUERRERO<\/strong><\/p>\n<p style=\"text-align: justify;\">Por unanimidad del pleno de las y el magistrado del Tribunal Electoral del Estado de Oaxaca (TEEO), se declar\u00f3 inexistente la violencia pol\u00edtica en raz\u00f3n de g\u00e9nero, denunciada por una regidora del municipio de Oaxaca de Ju\u00e1rez, y atribuida al presidente municipal, Francisco Mart\u00ednez Neri y a la Secretar\u00eda Municipal, Norma Iris Santiago Hern\u00e1ndez.<\/p>\n<p style=\"text-align: justify;\">No obstante, en la sentencia aprobada, ese \u00f3rgano jurisdiccional pidi\u00f3 a Santiago Hern\u00e1ndez, ajustarse a la normatividad municipal.<\/p>\n<p style=\"text-align: justify;\">En la resoluci\u00f3n del juicio ciudadano con clave JDC\/623\/2022, el Pleno del TEEO se\u00f1al\u00f3 que, no qued\u00f3 demostrado que se le pretenda invisibilizar por el hecho de ser mujer, menos a\u00fan, qued\u00f3 acreditado que con tales actos se le pretend\u00eda menoscabar en sus derechos pol\u00edticos electorales en la vertiente del desempe\u00f1o cargo como regidora.<\/p>\n<p style=\"text-align: justify;\">La concejal denunci\u00f3, que hubo una violaci\u00f3n sistem\u00e1tica para convocarla a sesiones de cabildo, sin embargo, en el estudio de este asunto, la autoridad municipal justific\u00f3 a trav\u00e9s de la Secretar\u00eda Municipal, el cambio de fecha de las sesiones de cabildo.<\/p>\n<p style=\"text-align: justify;\">En cuanto a la sesi\u00f3n del diecis\u00e9is de marzo, se quej\u00f3 que Mart\u00ednez Neri y Santiago Hern\u00e1ndez, al notificar la convocatoria para la sesi\u00f3n, no se respet\u00f3 lo establecido en el Bando de Polic\u00eda y Gobierno del Municipio , asimismo se\u00f1al\u00f3 que tampoco respet\u00f3 el plazo para la remisi\u00f3n de la documentaci\u00f3n que se iba a discutir en dicha sesi\u00f3n.<\/p>\n<blockquote>\n<p style=\"text-align: justify;\">\u201cLa parte actora aduce que hay una violaci\u00f3n sistem\u00e1tica para convocarla a sesiones de cabildo, pues a su decir la Secretaria Municipal al notificar la convocatoria para la sesi\u00f3n de diecis\u00e9is de marzo, no respet\u00f3 lo establecido en el Bando de Polic\u00eda y Gobierno del Municipio en cita, asimismo se\u00f1ala que tampoco respet\u00f3 el plazo para la remisi\u00f3n de la documentaci\u00f3n que se iba a discutir en dicha sesi\u00f3n\u201d, plasma el expediente.<\/p>\n<\/blockquote>\n<p style=\"text-align: justify;\">No obstante, en el proyecto aprobado, se desestimaron los motivos de disenso, pues de las constancias que integran los autos se advierte que existe una justificaci\u00f3n por parte de la Secretaria Municipal, relacionado con el cambio de fecha que por costumbre tiene el ayuntamiento para llevar a cabo las sesiones de cabildo.<\/p>\n<p style=\"text-align: justify;\">Asimismo, se razona que si bien, la parte actora refiere una conducta sistematizada respecto de que no se respeta el plazo para que sea convocada a sesiones de cabildo, es decir, cuando menos con cuarenta y ocho horas de anticipaci\u00f3n, de las constancias que integran los autos se puede advertir que \u00fanicamente dos sesiones fueron convocadas con minutos de diferencia, lo que se traduce en una inobservancia a las propias disposiciones municipales, sin embargo, ello no configura la obstaculizaci\u00f3n en el ejercicio del cargo.<\/p>\n<p style=\"text-align: justify;\">El pasado 9 de agosto, la LXV Legislatura, pidi\u00f3 a Mart\u00ednez Neri: dejar de realizar cualquier acto de molestia que puedan configurarse en alg\u00fan tipo de violencia en raz\u00f3n de g\u00e9nero, especialmente la de \u00edndole pol\u00edtico en contra de la regidora del PAN, Mirna L\u00f3pez Torres.<\/p>\n<p style=\"text-align: justify;\">En el punto de acuerdo se le advierte que la violencia pol\u00edtica puede ser objeto de sanciones en t\u00e9rminos de lo que fijan las leyes aplicables al caso concreto.<\/p>\n<p style=\"text-align: justify;\">En tanto, el pleno tambi\u00e9n lo exhort\u00f3 a que implemente un programa de revisi\u00f3n de documentos de comercio en v\u00eda p\u00fablica, establecidos y de regularizaci\u00f3n en mercados p\u00fablicos para identificar y sancionar el uso de licencias y permisos ap\u00f3crifos.<\/p>\n<p style=\"text-align: justify;\">Esos puntos de acuerdo fueron aprobados por la mayor\u00eda de la bancada de Morena y sus aliados minoritarios.<\/p>\n<p style=\"text-align: justify;\">Respecto a la violencia pol\u00edtica que se presume por parte de Mart\u00ednez Neri y Santiago Hern\u00e1nde, contra la regidora del PAN, L\u00f3pez Torres, el Actuario del Tribunal Electoral del Estado de Oaxaca (TEEO), notific\u00f3 el acuerdo en el que se ordena que de manera inmediata y en el \u00e1mbito de sus competencias se tomen las medidas que conforme a la Ley resultan procedentes para salvaguardar los derechos y bienes jur\u00eddicos de concejal panista.<\/p>\n<p style=\"text-align: justify;\">Y es que en el expediente JDC\/623\/2022, L\u00f3pez Torres, en su car\u00e1cter de Regidora de Derechos Humanos y Asuntos Ind\u00edgenas, reclam\u00f3 del Presidente y Secretaria del Municipio capitalino violaci\u00f3n a su derecho pol\u00edtico electoral de votar y ser votada, por actos que podr\u00edan constituir violencia pol\u00edtica en raz\u00f3n de g\u00e9nero.<\/p>\n<p style=\"text-align: justify;\">Al resolver el juicio, el TEEO, estim\u00f3 -con la finalidad de atender en forma diligente e integral, la controversia planteada por la panista, sin prejuzgar sobre el fondo del asunto-, la adopci\u00f3n de medidas de protecci\u00f3n ante el se\u00f1alamiento que reclama a las autoridades se\u00f1aladas como responsables.<\/p>\n<p style=\"text-align: justify;\">En el dictamen aprobado por el pleno del congreso se se\u00f1ala que la violencia contra las mujeres representa la s\u00edntesis de un conjunto de elementos culturales, sociales, pol\u00edticos, econ\u00f3micos y normativos que permiten directa o indirectamente la discriminaci\u00f3n por razones de g\u00e9nero, que toleran y perpet\u00faan la desigualdad entre mujeres y hombres.<\/p>\n<div style=\"width: 696px;\" class=\"wp-video\"><video class=\"wp-video-shortcode\" id=\"video-28036-1\" width=\"696\" height=\"394\" preload=\"metadata\" controls=\"controls\"><source type=\"video\/mp4\" src=\"https:\/\/redaccionoaxaca.com\/wp-content\/uploads\/2022\/09\/VID-20220927-WA0107.mp4?_=1\" \/><a href=\"https:\/\/redaccionoaxaca.com\/wp-content\/uploads\/2022\/09\/VID-20220927-WA0107.mp4\">https:\/\/redaccionoaxaca.com\/wp-content\/uploads\/2022\/09\/VID-20220927-WA0107.mp4<\/a><\/video><\/div>\n","protected":false},"excerpt":{"rendered":"<p>#Redacci\u00f3nOaxaca #Oaxaca Jaime GUERRERO Por unanimidad del pleno de las y el magistrado del Tribunal Electoral del Estado de Oaxaca (TEEO), se declar\u00f3 inexistente la violencia pol\u00edtica en raz\u00f3n de g\u00e9nero, denunciada por una regidora del municipio de Oaxaca de Ju\u00e1rez, y atribuida al presidente municipal, Francisco Mart\u00ednez Neri y a la Secretar\u00eda Municipal, Norma [&hellip;]<\/p>\n","protected":false},"author":9,"featured_media":0,"comment_status":"open","ping_status":"open","sticky":false,"template":"","format":"video","meta":{"jetpack_post_was_ever_published":false,"_jetpack_newsletter_access":"","_jetpack_dont_email_post_to_subs":false,"_jetpack_newsletter_tier_id":0,"_jetpack_memberships_contains_paywalled_content":false,"_jetpack_memberships_contains_paid_content":false,"footnotes":"","jetpack_publicize_message":"","jetpack_publicize_feature_enabled":true,"jetpack_social_post_already_shared":true,"jetpack_social_options":{"image_generator_settings":{"template":"highway","default_image_id":0,"font":"","enabled":false},"version":2}},"categories":[4,5,6],"tags":[],"class_list":{"0":"post-28036","1":"post","2":"type-post","3":"status-publish","4":"format-video","6":"category-agenda-politica","7":"category-imagen","8":"category-tendencias","9":"post_format-post-format-video"},"jetpack_publicize_connections":[],"jetpack_featured_media_url":"","jetpack_sharing_enabled":true,"jetpack_shortlink":"https:\/\/wp.me\/p9Ynjw-7ic","jetpack-related-posts":[{"id":17476,"url":"https:\/\/redaccionoaxaca.com\/index.php\/2021\/03\/12\/video-presidente-municipal-de-taniche-cometio-violencia-politica-vs-regidora-resuelve-teeo-e-instruye-al-congreso-revocarle-mandato\/","url_meta":{"origin":28036,"position":0},"title":"VIDEO: Presidente Municipal de Taniche cometi\u00f3 violencia pol\u00edtica vs  regidora, resuelve TEEO e instruye al Congreso revocarle mandato.","author":"ariadna","date":"marzo 12, 2021","format":"video","excerpt":"#Redacci\u00f3nOaxaca #Oaxaca Jaime GUERRERO El Pleno del Tribunal Electoral del Estado de Oaxaca (#TEEO) acredit\u00f3 la violencia pol\u00edtica en raz\u00f3n de g\u00e9nero ejercida por el Presidente Municipal de Taniche, Ariel Osbaldo Ramos Gonz\u00e1lez, en contra de la Regidora de Hacienda de ese Ayuntamiento, Alejandra Jaqueline Barrag\u00e1n Corres, por someterla a\u2026","rel":"","context":"En &quot;Agenda Pol\u00edtica&quot;","block_context":{"text":"Agenda Pol\u00edtica","link":"https:\/\/redaccionoaxaca.com\/index.php\/category\/agenda-politica\/"},"img":{"alt_text":"","src":"","width":0,"height":0},"classes":[]},{"id":15937,"url":"https:\/\/redaccionoaxaca.com\/index.php\/2020\/12\/23\/teeo-pide-a-congreso-revocar-mandato-a-presidente-y-sindica-de-ixcatlan-por-cometer-violencia-politica-vs-regidora\/","url_meta":{"origin":28036,"position":1},"title":"TEEO pide a Congreso revocar mandato a Presidente y  S\u00edndica de Ixcatl\u00e1n por cometer violencia pol\u00edtica vs regidora.","author":"ariadna","date":"diciembre 23, 2020","format":false,"excerpt":"#Redacci\u00f3nOaxaca #Oaxaca Jaime GUERRERO El Pleno del Tribunal Electoral del Estado de Oaxaca (TEEO), notificar al Congreso del Estado sobre la violencia pol\u00edtica en raz\u00f3n de g\u00e9nero cometida por el Presidente Municipal de Santo Domingo Ixcatl\u00e1n, Bertoldo Garc\u00eda Bernab\u00e9, y la S\u00edndica Municipal, para que les inicie un procedimiento de\u2026","rel":"","context":"En &quot;Agenda Pol\u00edtica&quot;","block_context":{"text":"Agenda Pol\u00edtica","link":"https:\/\/redaccionoaxaca.com\/index.php\/category\/agenda-politica\/"},"img":{"alt_text":"","src":"","width":0,"height":0},"classes":[]},{"id":27169,"url":"https:\/\/redaccionoaxaca.com\/index.php\/2022\/08\/09\/presidente-municipal-de-santiago-chazumba-es-violentador-politico-de-concejalas\/","url_meta":{"origin":28036,"position":2},"title":"Presidente Municipal de Santiago  Chazumba es violentador pol\u00edtico de concejalas","author":"ariadna","date":"agosto 9, 2022","format":false,"excerpt":"#Redacci\u00f3nOaxaca #Oaxaca Jaime GUERRERO El Pleno del Tribunal Electoral del Estado de Oaxaca (TEEO) acredit\u00f3 la violencia pol\u00edtica en raz\u00f3n de g\u00e9nero, cometida por el presidente municipal de Santiago Chazumba, Efra\u00edn Bautista Garc\u00eda, en contra de concejalas de esa localidad. Los juicios ciudadanos fueron promovidos por la S\u00edndica Municipal, Dalia\u2026","rel":"","context":"En &quot;Agenda Pol\u00edtica&quot;","block_context":{"text":"Agenda Pol\u00edtica","link":"https:\/\/redaccionoaxaca.com\/index.php\/category\/agenda-politica\/"},"img":{"alt_text":"","src":"","width":0,"height":0},"classes":[]},{"id":15473,"url":"https:\/\/redaccionoaxaca.com\/index.php\/2020\/11\/27\/teeo-confirma-violencia-politica-vs-presidenta-de-teopoxco-y-en-caso-de-regidora-suplente-de-quieri-ordena-a-edil-disculpa-publica\/","url_meta":{"origin":28036,"position":3},"title":"TEEO confirma violencia pol\u00edtica vs Presidenta de Teopoxco y en caso de regidora suplente de Quier\u00ed, ordena a edil, disculpa p\u00fablica.","author":"ariadna","date":"noviembre 27, 2020","format":false,"excerpt":"#Redacci\u00f3nOaxaca #Oaxaca Jaime GUERRERO Por unanimidad de votos, el Pleno del Tribunal Electoral del Estado de Oaxaca (TEEO) acredit\u00f3 la violencia pol\u00edtica en raz\u00f3n de g\u00e9nero cometida contra la suplente de la Regidora de Equidad de G\u00e9nero en el Ayuntamiento de Santa Catalina Quier\u00ed, por parte del edil, Santiago Gonzales.\u2026","rel":"","context":"En &quot;Agenda Pol\u00edtica&quot;","block_context":{"text":"Agenda Pol\u00edtica","link":"https:\/\/redaccionoaxaca.com\/index.php\/category\/agenda-politica\/"},"img":{"alt_text":"","src":"","width":0,"height":0},"classes":[]},{"id":15120,"url":"https:\/\/redaccionoaxaca.com\/index.php\/2020\/11\/09\/teeo-confirma-que-presidenta-de-san-jacinto-amilpas-cometio-violencia-politica-vs-regidora\/","url_meta":{"origin":28036,"position":4},"title":"TEEO confirma que Presidenta de San Jacinto  Amilpas cometi\u00f3 violencia pol\u00edtica vs regidora.","author":"ariadna","date":"noviembre 9, 2020","format":false,"excerpt":"#Redacci\u00f3nOaxaca #Oaxaca Jaime GUERRERO El Tribunal Electoral del Estado de Oaxaca (TEEO) declar\u00f3 fundado el agravio respecto a la violencia pol\u00edtica por raz\u00f3n de g\u00e9nero ejercida por la Presidenta Municipal de San Jacinto Amilpas, Yolanda Santos Monta\u00f1o, en contra de la regidora de hacienda, Gisela Lilia P\u00e9rez Garc\u00eda. En sesi\u00f3n\u2026","rel":"","context":"En &quot;Agenda Pol\u00edtica&quot;","block_context":{"text":"Agenda Pol\u00edtica","link":"https:\/\/redaccionoaxaca.com\/index.php\/category\/agenda-politica\/"},"img":{"alt_text":"","src":"","width":0,"height":0},"classes":[]},{"id":27198,"url":"https:\/\/redaccionoaxaca.com\/index.php\/2022\/08\/11\/por-violencia-politica-congreso-advierte-sancion-a-edil-de-oaxaca-le-pide-no-molestar-a-regidora-y-regular-permisos-piratas-de-comercio\/","url_meta":{"origin":28036,"position":5},"title":"Por violencia pol\u00edtica, Congreso advierte sanci\u00f3n a edil de Oaxaca;  le pide no molestar a regidora; y regular permisos piratas de comercio","author":"ariadna","date":"agosto 11, 2022","format":false,"excerpt":"#Redacci\u00f3nOaxaca #Oaxaca Jaime GUERRERO La LXV Legislatura, lanz\u00f3 dos exigencias al presidente municipal de Oaxaca de Ju\u00e1rez, Francisco Martinez Neri: dejar de realizar cualquier acto de molestia que puedan configurarse en alg\u00fan tipo de violencia en raz\u00f3n de g\u00e9nero especialmente la de \u00edndole pol\u00edtico en contra de la regidora del\u2026","rel":"","context":"En &quot;Agenda Pol\u00edtica&quot;","block_context":{"text":"Agenda Pol\u00edtica","link":"https:\/\/redaccionoaxaca.com\/index.php\/category\/agenda-politica\/"},"img":{"alt_text":"","src":"","width":0,"height":0},"classes":[]}],"_links":{"self":[{"href":"https:\/\/redaccionoaxaca.com\/index.php\/wp-json\/wp\/v2\/posts\/28036","targetHints":{"allow":["GET"]}}],"collection":[{"href":"https:\/\/redaccionoaxaca.com\/index.php\/wp-json\/wp\/v2\/posts"}],"about":[{"href":"https:\/\/redaccionoaxaca.com\/index.php\/wp-json\/wp\/v2\/types\/post"}],"author":[{"embeddable":true,"href":"https:\/\/redaccionoaxaca.com\/index.php\/wp-json\/wp\/v2\/users\/9"}],"replies":[{"embeddable":true,"href":"https:\/\/redaccionoaxaca.com\/index.php\/wp-json\/wp\/v2\/comments?post=28036"}],"version-history":[{"count":1,"href":"https:\/\/redaccionoaxaca.com\/index.php\/wp-json\/wp\/v2\/posts\/28036\/revisions"}],"predecessor-version":[{"id":28039,"href":"https:\/\/redaccionoaxaca.com\/index.php\/wp-json\/wp\/v2\/posts\/28036\/revisions\/28039"}],"wp:attachment":[{"href":"https:\/\/redaccionoaxaca.com\/index.php\/wp-json\/wp\/v2\/media?parent=28036"}],"wp:term":[{"taxonomy":"category","embeddable":true,"href":"https:\/\/redaccionoaxaca.com\/index.php\/wp-json\/wp\/v2\/categories?post=28036"},{"taxonomy":"post_tag","embeddable":true,"href":"https:\/\/redaccionoaxaca.com\/index.php\/wp-json\/wp\/v2\/tags?post=28036"}],"curies":[{"name":"wp","href":"https:\/\/api.w.org\/{rel}","templated":true}]}}