{"id":28357,"date":"2022-10-20T11:05:00","date_gmt":"2022-10-20T16:05:00","guid":{"rendered":"https:\/\/redaccionoaxaca.com\/?p=28357"},"modified":"2022-10-20T11:05:00","modified_gmt":"2022-10-20T16:05:00","slug":"anuncian-12-edicion-de-el-buen-fin-llaman-a-consumo-razonado","status":"publish","type":"post","link":"https:\/\/redaccionoaxaca.com\/index.php\/2022\/10\/20\/anuncian-12-edicion-de-el-buen-fin-llaman-a-consumo-razonado\/","title":{"rendered":"Anuncian 12 edici\u00f3n de El Buen Fin, llaman a consumo razonado"},"content":{"rendered":"<p><strong>#Redacci\u00f3nOaxaca<\/strong><\/p>\n<p><strong>#Oaxaca<\/strong><\/p>\n<p><strong>Citlalli L\u00f3pez Vel\u00e1zquez<\/strong><\/p>\n<p style=\"text-align: justify;\">C\u00e1maras empresariales as\u00ed como la Profeco anunci\u00f3 la 12 edici\u00f3n de El Buen Fin, estrategia comercial que en este a\u00f1o se realizar\u00e1 del 18 al 21 de noviembre, es decir en el fin de semana largo del 20 de noviembre con una derrama econ\u00f3mica esperada de 195 mil millones de pesos.<\/p>\n<p style=\"text-align: justify;\">En rueda de prensa informaron que dentro de los art\u00edculos m\u00e1s adquiridos en estas fechas est\u00e1n las pantallas, ropa, calzado, tel\u00e9fonos celulares, con un promedio de gasto de 600 pesos en d\u00e9bito y 1200 en cr\u00e9dito.<\/p>\n<p style=\"text-align: justify;\">El 72 por ciento de las compras fueron con sistemas el\u00e9ctricos, 28 % en efectivo.<\/p>\n<p style=\"text-align: justify;\">De su lado el titular de la Profeco llam\u00f3 al consumo razonado, informado sobre los costos y cu\u00e1les son las ofertas de lo que se est\u00e1 buscando.<\/p>\n<p style=\"text-align: justify;\">La Profeco atender\u00e1 en horario extendido de 9 a 9 los cuatro d\u00edas tanto presencial como a distancia en 234 m\u00f3dulos colocados en todo el pa\u00eds.<\/p>\n<p style=\"text-align: justify;\">La Profeco confi\u00f3 en que las quejas se reduzcan y aumenten las ventas tal como ha sido la tendencia.<\/p>\n<p style=\"text-align: justify;\">Esta estrategia comercial es llamada la fiesta comercial m\u00e1s importante del pa\u00eds. Fue creado en 2011 por la Concanaco para tener una actividad comercial adicionales a las que ya se ten\u00edan.<\/p>\n<p style=\"text-align: justify;\">Para participar es necesario registraste en la Secretar\u00eda de Econom\u00eda sin ning\u00fan costo. Ah\u00ed pueden incluirse desde tiendas departamentales hasta servicios como hotelera y restaurantes. &#8220;El buen fin ha ido crecido ca\u00f1a a\u00f1o, incluso durante la pandemia. Ser\u00e1n cuatro d\u00edas que debemos aprovechar al m\u00e1ximo las ventas y ofertas&#8221;, dijo el l\u00edder nacional de la Concanaco.<\/p>\n","protected":false},"excerpt":{"rendered":"<p>#Redacci\u00f3nOaxaca #Oaxaca Citlalli L\u00f3pez Vel\u00e1zquez C\u00e1maras empresariales as\u00ed como la Profeco anunci\u00f3 la 12 edici\u00f3n de El Buen Fin, estrategia comercial que en este a\u00f1o se realizar\u00e1 del 18 al 21 de noviembre, es decir en el fin de semana largo del 20 de noviembre con una derrama econ\u00f3mica esperada de 195 mil millones de [&hellip;]<\/p>\n","protected":false},"author":9,"featured_media":0,"comment_status":"open","ping_status":"open","sticky":false,"template":"","format":"standard","meta":{"jetpack_post_was_ever_published":false,"_jetpack_newsletter_access":"","_jetpack_dont_email_post_to_subs":false,"_jetpack_newsletter_tier_id":0,"_jetpack_memberships_contains_paywalled_content":false,"_jetpack_memberships_contains_paid_content":false,"footnotes":"","jetpack_publicize_message":"","jetpack_publicize_feature_enabled":true,"jetpack_social_post_already_shared":true,"jetpack_social_options":{"image_generator_settings":{"template":"highway","default_image_id":0,"font":"","enabled":false},"version":2}},"categories":[5,3,6],"tags":[],"class_list":{"0":"post-28357","1":"post","2":"type-post","3":"status-publish","4":"format-standard","6":"category-imagen","7":"category-mesa-de-redaccion","8":"category-tendencias"},"jetpack_publicize_connections":[],"jetpack_featured_media_url":"","jetpack_sharing_enabled":true,"jetpack_shortlink":"https:\/\/wp.me\/p9Ynjw-7nn","jetpack-related-posts":[{"id":11230,"url":"https:\/\/redaccionoaxaca.com\/index.php\/2020\/03\/18\/a-medias-las-medidas-higienicas-en-mercados-y-establecimientos-no-temen-a-covid19\/","url_meta":{"origin":28357,"position":0},"title":"A medias las medidas higi\u00e9nicas en  mercados y establecimientos; no temen a Covid19.","author":"ariadna","date":"marzo 18, 2020","format":"video","excerpt":"#Redacci\u00f3nOaxaca #Oaxaca Jaime GUERRERO Centros y establecimientos comerciales, aplican medidas sanitarias, tras el decreto de jornada nacional de sana distancia. En tanto, los productos que m\u00e1s se han vendido son los de limpieza. Sin embargo, en medio de la contingencia decretada por la Organizaci\u00f3n Mundial de la Salud (OMS), por\u2026","rel":"","context":"Entrada similar ","block_context":{"text":"Entrada similar ","link":""},"img":{"alt_text":"","src":"","width":0,"height":0},"classes":[]},{"id":11543,"url":"https:\/\/redaccionoaxaca.com\/index.php\/2020\/03\/31\/profeco-inicia-procedimientos-a-15-comercios-de-oaxaca-por-ventas-abusivas-durante-contingencia-por-covid19\/","url_meta":{"origin":28357,"position":1},"title":"Profeco inicia procedimientos a 15 comercios de Oaxaca  por ventas abusivas, durante contingencia por COVID19.","author":"ariadna","date":"marzo 31, 2020","format":false,"excerpt":"#Redacci\u00f3nOaxaca #Oaxaca Jaime GUERRERO Desde el paso 13 de marzo, la Procuradur\u00eda Federal del Consumidor (Profeco), en Oaxaca, implement\u00f3 operativos de verificaci\u00f3n y vigilancia de atenci\u00f3n a denuncias por aumento injustificado de precios, y tras realizar 33 visitas de verificaci\u00f3n, determin\u00f3 iniciar 15 procedimientos por infracciones a la Ley Federal\u2026","rel":"","context":"En &quot;Imagen&quot;","block_context":{"text":"Imagen","link":"https:\/\/redaccionoaxaca.com\/index.php\/category\/imagen\/"},"img":{"alt_text":"","src":"","width":0,"height":0},"classes":[]},{"id":10561,"url":"https:\/\/redaccionoaxaca.com\/index.php\/2020\/02\/10\/profeco-podra-multar-hasta-con-23-mil-pesos-a-comercios-de-pescados-que-no-cumplan-con-lineamientos-en-esta-cuaresma\/","url_meta":{"origin":28357,"position":2},"title":"PROFECO podr\u00e1 multar hasta con 23 mil pesos a comercios de pescados que no cumplan con lineamientos en esta Cuaresma.","author":"ariadna","date":"febrero 10, 2020","format":false,"excerpt":"#Redacci\u00f3nOaxaca #Oaxaca Ariadna Mendoza El pr\u00f3ximo 26 de febrero da inicio la Cuaresma por lo que la Procuradur\u00eda Federal del Consumidor delegaci\u00f3n Oaxaca, en coordinaci\u00f3n con el Ayuntamiento de Oaxaca de Ju\u00e1rez \u00a0di\u00f3 inicio con el programa \"Empezcate 2020\" el cual tiene el objetivo de garantizar que el marisco que\u2026","rel":"","context":"Entrada similar ","block_context":{"text":"Entrada similar ","link":""},"img":{"alt_text":"","src":"https:\/\/i0.wp.com\/redaccionoaxaca.com\/wp-content\/uploads\/2020\/02\/20200210_092900-300x169.jpg?resize=350%2C200","width":350,"height":200},"classes":[]},{"id":35119,"url":"https:\/\/redaccionoaxaca.com\/index.php\/2025\/01\/14\/exhorta-poder-legislativo-a-instancias-federales-regular-etiquetado-de-productos-elaborados-con-maiz-transgenico\/","url_meta":{"origin":28357,"position":3},"title":"Exhorta Poder Legislativo a instancias federales regular etiquetado de productos elaborados con ma\u00edz transg\u00e9nico","author":"ariadna","date":"enero 14, 2025","format":false,"excerpt":"#Redacci\u00f3nOaxaca #Oaxaca * Tambi\u00e9n se aval\u00f3 el punto de acuerdo para que la Profeco en Oaxaca difunda acciones en materia de consumo responsable * San Raymundo Jalpan, Oax., a 14 de enero de 2025.-* Para promover el derecho a la informaci\u00f3n, tener una elecci\u00f3n informada y proteger la salud de\u2026","rel":"","context":"En &quot;Agenda Pol\u00edtica&quot;","block_context":{"text":"Agenda Pol\u00edtica","link":"https:\/\/redaccionoaxaca.com\/index.php\/category\/agenda-politica\/"},"img":{"alt_text":"","src":"https:\/\/i0.wp.com\/redaccionoaxaca.com\/wp-content\/uploads\/2025\/01\/IMG-20250114-WA0741-300x200.jpg?resize=350%2C200&ssl=1","width":350,"height":200},"classes":[]},{"id":11383,"url":"https:\/\/redaccionoaxaca.com\/index.php\/2020\/03\/24\/en-medio-de-crisis-por-covid19-en-80-pesos-el-cono-de-huevo-y-sube-2-pesos-el-kilo-de-tortilla-en-oaxaca\/","url_meta":{"origin":28357,"position":4},"title":"En medio de crisis por COVID19, en 80 pesos el cono de huevo y sube 2 pesos el kilo de tortilla en Oaxaca.","author":"ariadna","date":"marzo 24, 2020","format":false,"excerpt":"#Redacci\u00f3nOaxaca #Oaxaca\u00a0 Jaime GUERRERO\u00a0 En medio de la crisis sanitaria por el virus del COVID19, este martes 24 de marzo de 2020, el precio del huevo y la tortilla aument\u00f3 de precio, en el caso del producto av\u00edcola lleg\u00f3 a los 80 pesos el cono de 30 piezas y el\u2026","rel":"","context":"Entrada similar ","block_context":{"text":"Entrada similar ","link":""},"img":{"alt_text":"","src":"","width":0,"height":0},"classes":[]},{"id":10423,"url":"https:\/\/redaccionoaxaca.com\/index.php\/2020\/02\/03\/gasolinera-de-san-jacinto-amilpas-roban-combustible-revela-titular-de-profeco-ante-amlo\/","url_meta":{"origin":28357,"position":5},"title":"Gasolinera de San Jacinto Amilpas, roban combustible, revela titular de Profeco ante AMLO.","author":"ariadna","date":"febrero 3, 2020","format":false,"excerpt":"#Redacci\u00f3nOaxaca #Oaxaca Jaime GUERRERO Al presentar el informe \"Qui\u00e9n es qui\u00e9n en el precio de la gasolina\" del 23 al 29 de enero, Ricardo Sheffield, titular de la Procuradur\u00eda Federal del Consumidor (Profeco) indic\u00f3 que Shell es la empresa \"que m\u00e1s se pasa de rosca\" al registrar los precios m\u00e1s\u2026","rel":"","context":"Entrada similar ","block_context":{"text":"Entrada similar ","link":""},"img":{"alt_text":"","src":"","width":0,"height":0},"classes":[]}],"_links":{"self":[{"href":"https:\/\/redaccionoaxaca.com\/index.php\/wp-json\/wp\/v2\/posts\/28357","targetHints":{"allow":["GET"]}}],"collection":[{"href":"https:\/\/redaccionoaxaca.com\/index.php\/wp-json\/wp\/v2\/posts"}],"about":[{"href":"https:\/\/redaccionoaxaca.com\/index.php\/wp-json\/wp\/v2\/types\/post"}],"author":[{"embeddable":true,"href":"https:\/\/redaccionoaxaca.com\/index.php\/wp-json\/wp\/v2\/users\/9"}],"replies":[{"embeddable":true,"href":"https:\/\/redaccionoaxaca.com\/index.php\/wp-json\/wp\/v2\/comments?post=28357"}],"version-history":[{"count":1,"href":"https:\/\/redaccionoaxaca.com\/index.php\/wp-json\/wp\/v2\/posts\/28357\/revisions"}],"predecessor-version":[{"id":28360,"href":"https:\/\/redaccionoaxaca.com\/index.php\/wp-json\/wp\/v2\/posts\/28357\/revisions\/28360"}],"wp:attachment":[{"href":"https:\/\/redaccionoaxaca.com\/index.php\/wp-json\/wp\/v2\/media?parent=28357"}],"wp:term":[{"taxonomy":"category","embeddable":true,"href":"https:\/\/redaccionoaxaca.com\/index.php\/wp-json\/wp\/v2\/categories?post=28357"},{"taxonomy":"post_tag","embeddable":true,"href":"https:\/\/redaccionoaxaca.com\/index.php\/wp-json\/wp\/v2\/tags?post=28357"}],"curies":[{"name":"wp","href":"https:\/\/api.w.org\/{rel}","templated":true}]}}