{"id":29616,"date":"2023-11-05T14:04:39","date_gmt":"2023-11-05T20:04:39","guid":{"rendered":"https:\/\/redaccionoaxaca.com\/?p=29616"},"modified":"2023-11-05T14:04:39","modified_gmt":"2023-11-05T20:04:39","slug":"violencia-triqui-imparable-cidh-emite-nuevas-medidas-cautelares-a-triquis-de-tierra-blanca-copala-por-riesgo-irreparable-a-dh","status":"publish","type":"post","link":"https:\/\/redaccionoaxaca.com\/index.php\/2023\/11\/05\/violencia-triqui-imparable-cidh-emite-nuevas-medidas-cautelares-a-triquis-de-tierra-blanca-copala-por-riesgo-irreparable-a-dh\/","title":{"rendered":"Violencia Triqui imparable; CIDH emite nuevas medidas cautelares a triquis de Tierra Blanca Copala por riesgo irreparable a DH"},"content":{"rendered":"<p><strong>#Redacci\u00f3nOaxaca<\/strong><\/p>\n<p><strong>#Oaxaca<\/strong><\/p>\n<p><strong>Jaime GUERRERO<\/strong><\/p>\n<p style=\"text-align: justify;\">El pasado 1 de noviembre, la Comisi\u00f3n Interamericana de Derechos Humanos (CIDH) inform\u00f3 que, emiti\u00f3 nuevas medidas cautelares a favor de las familias triquis de la comunidad de Tierra Blanca Copala, Oaxaca, que se encuentran desplazadas en Yosoyuxi Copala, debido a que, se encuentran en una situaci\u00f3n de riesgo de da\u00f1o irreparable a sus derechos.<\/p>\n<p style=\"text-align: justify;\">La resoluci\u00f3n se emiti\u00f3 el 27 de octubre de 2023, en la que, la CIDH solicit\u00f3 al gobierno mexicano a adoptar\u00a0las medidas necesarias, y culturalmente adecuadas, para salvaguardar la vida e integridad personal de las familias triquis de la comunidad de Tierra Blanca Copala.<\/p>\n<p style=\"text-align: justify;\">El organismo internacional inform\u00f3 que el Estado mexicano respondi\u00f3 que \u201cla compleja din\u00e1mica en la Regi\u00f3n Triqui, donde distintas organizaciones habr\u00edan estado involucradas en conflictos pol\u00edticos y sociales durante d\u00e9cadas, y que, desde los hechos ocurridos en 2020, ha dado atenci\u00f3n permanente al conflicto Triqui, destacando apoyos econ\u00f3micos, de salud y alimentarios.<\/p>\n<p style=\"text-align: justify;\">As\u00ed mismo, el gobierno de estatal habr\u00eda instalado la Mesa de Construcci\u00f3n de Paz con Justicia y Bienestar para la Naci\u00f3n Triqui con la participaci\u00f3n de instancias federales, municipales y organizaciones sociales.<\/p>\n<p style=\"text-align: justify;\">Adem\u00e1s, de una base de polic\u00eda estatal en la Comunidad Tierra Blanca y aprobar Jornadas de Atenci\u00f3n Social a las personas desplazadas en la comunidad Yosoyuxi Copala\u201d, seg\u00fan la respuesta de las autoridades mexicanas.<\/p>\n<p style=\"text-align: justify;\">Sin embargo, la CIDH asegur\u00f3 que valor\u00f3 las acciones desplegadas por el Estado, pero observ\u00f3 la continuidad de las acciones violentas.<\/p>\n<p style=\"text-align: justify;\">Es por ello, que el organismo consider\u00f3 la imposibilidad de que las personas desplazadas regresen de forma segura a su comunidad Tierra Blanca Copala, y el impacto que ello podr\u00eda tener en ellas y sus familias.<\/p>\n<p style=\"text-align: justify;\">Adicionalmente, destac\u00f3 que no se han presentado avances en la sanci\u00f3n a quienes ser\u00edan los responsables de los eventos de riesgo, es decir, de la violencia en la regi\u00f3n.<\/p>\n<p style=\"text-align: justify;\">La CIDH demand\u00f3 medidas de seguridad que resulten necesarias y garantizar que puedan regresar de manera segura a su comunidad a las personas beneficiarias y\/o sus representantes.<\/p>\n<p style=\"text-align: justify;\">De la misma forma, informe sobre las acciones adoptadas a fin de investigar los presuntos hechos que dieron lugar a la presente medida cautelar y as\u00ed evitar su repetici\u00f3n.<\/p>\n<p style=\"text-align: justify;\">\u201c<em>El otorgamiento de la medida cautelar y su adopci\u00f3n por el Estado no constituyen un prejuzgamiento a una petici\u00f3n que eventualmente pueda ser interpuesta ante el Sistema Interamericano sobre una posible violaci\u00f3n de los derechos protegidos en los instrumentos aplicables\u201d,<\/em> aclar\u00f3.<\/p>\n<p style=\"text-align: justify;\">La CIDH explic\u00f3 que el 26 de diciembre de 2020 un grupo de aproximadamente 100 personas que presuntamente son de la organizaci\u00f3n Movimiento de Unificaci\u00f3n de Lucha Triqui (MULT), ingresaron en forma violenta a la comunidad de Tierra Blanca Copala.<\/p>\n<p style=\"text-align: justify;\">Esto gener\u00f3 el desplazamiento forzado de 144 familias hacia distintas partes del pa\u00eds.<br \/>\n<em>\u201cM\u00faltiples hechos de violencia habr\u00edan ocurrido desde diciembre de 2020 a la fecha, especialmente contra las familias desplazadas en la comunidad Yosoyuxi Copala\u201d<\/em>, mencion\u00f3 de acuerdo a la parte solicitante de las medidas cautelares.<\/p>\n<p><img data-recalc-dims=\"1\" loading=\"lazy\" decoding=\"async\" class=\"size-medium wp-image-29617 aligncenter\" src=\"https:\/\/i0.wp.com\/redaccionoaxaca.com\/wp-content\/uploads\/2023\/11\/IMG-20231105-WA0037-139x300.jpg?resize=139%2C300&#038;ssl=1\" alt=\"\" width=\"139\" height=\"300\" \/><\/p>\n","protected":false},"excerpt":{"rendered":"<p>#Redacci\u00f3nOaxaca #Oaxaca Jaime GUERRERO El pasado 1 de noviembre, la Comisi\u00f3n Interamericana de Derechos Humanos (CIDH) inform\u00f3 que, emiti\u00f3 nuevas medidas cautelares a favor de las familias triquis de la comunidad de Tierra Blanca Copala, Oaxaca, que se encuentran desplazadas en Yosoyuxi Copala, debido a que, se encuentran en una situaci\u00f3n de riesgo de da\u00f1o [&hellip;]<\/p>\n","protected":false},"author":9,"featured_media":0,"comment_status":"open","ping_status":"open","sticky":false,"template":"","format":"standard","meta":{"jetpack_post_was_ever_published":false,"_jetpack_newsletter_access":"","_jetpack_dont_email_post_to_subs":false,"_jetpack_newsletter_tier_id":0,"_jetpack_memberships_contains_paywalled_content":false,"_jetpack_memberships_contains_paid_content":false,"footnotes":"","jetpack_publicize_message":"","jetpack_publicize_feature_enabled":true,"jetpack_social_post_already_shared":true,"jetpack_social_options":{"image_generator_settings":{"template":"highway","default_image_id":0,"font":"","enabled":false},"version":2}},"categories":[7,844,5],"tags":[],"class_list":{"0":"post-29616","1":"post","2":"type-post","3":"status-publish","4":"format-standard","6":"category-al-cierre","7":"category-dulce-veneno","8":"category-imagen"},"jetpack_publicize_connections":[],"jetpack_featured_media_url":"","jetpack_sharing_enabled":true,"jetpack_shortlink":"https:\/\/wp.me\/p9Ynjw-7HG","jetpack-related-posts":[{"id":5938,"url":"https:\/\/redaccionoaxaca.com\/index.php\/2019\/03\/26\/solicitaria-gobierno-de-oaxaca-a-cidh-retirar-medidas-cautelares-a-triquis-desplazados-porque-ya-fueron-cumplidas-mafud\/","url_meta":{"origin":29616,"position":0},"title":"Solicitar\u00eda Gobierno de Oaxaca a CIDH retirar medidas cautelares a Triquis desplazados, \u201cporque ya fueron cumplidas\u201d: Mafud.","author":"jaime","date":"marzo 26, 2019","format":false,"excerpt":"#Redacci\u00f3nOaxaca #Oaxaca Jaime GUERRERO El Secretario General de Gobierno, H\u00e9ctor Anuard Mafu Mafud, inform\u00f3 que en la pr\u00f3xima reuni\u00f3n con la Comisi\u00f3n Interamericana de Derechos Humanos (CIDH), solicitar\u00edan el retiro de las medidas cautelares a los triquis que fueron desplazados en el sexenio de Gabino Cu\u00e9 Monteagudo, debido a que\u2026","rel":"","context":"Entrada similar ","block_context":{"text":"Entrada similar ","link":""},"img":{"alt_text":"","src":"","width":0,"height":0},"classes":[]},{"id":3162,"url":"https:\/\/redaccionoaxaca.com\/index.php\/2018\/10\/10\/tengo-casa-y-terrenos-no-tengo-porque-trabajartriqui-cautelada-por-la-cidh-discute-con-comerciantes\/","url_meta":{"origin":29616,"position":1},"title":"TENGO CASA Y TERRENOS, NO TENGO PORQUE TRABAJAR:TRIQUI CAUTELADA POR LA CIDH; DISCUTE CON COMERCIANTES","author":"denise","date":"octubre 10, 2018","format":false,"excerpt":"#Redacci\u00f3nOaxaca\u00a0 JAIME GUERRERO Comerciantes fijos, semifijos y del mercado 20 de Noviembre que se ubican en la zona del centro hist\u00f3rico de la capital oaxaque\u00f1a, encararon un grupo de 7 ind\u00edgenas de la zona triqui, y los exigiero retirar el bloqueo que mantienen en las calles, porque afectan sus ventas\u2026","rel":"","context":"En &quot;Agenda Pol\u00edtica&quot;","block_context":{"text":"Agenda Pol\u00edtica","link":"https:\/\/redaccionoaxaca.com\/index.php\/category\/agenda-politica\/"},"img":{"alt_text":"","src":"","width":0,"height":0},"classes":[]},{"id":2322,"url":"https:\/\/redaccionoaxaca.com\/index.php\/2018\/09\/03\/2322\/","url_meta":{"origin":29616,"position":2},"title":"Lorena Merino &#8220;revienta&#8221; evento c\u00edvico de Septiembre mes de la Patria","author":"denise","date":"septiembre 3, 2018","format":"video","excerpt":"#Redacci\u00f3nOaxaca V\u00eda: Humberto Cruz Lorena Merino, quien representa a 3 indigenas #Triquis con medidas cautelares, exige terreno con 40 viviendas y para conseguirlo irrumpi\u00f3 de manera violenta en la primera ceremonia c\u00edvica de \"Septiembre Mes de la Patria\" en la Alameda de Le\u00f3n. La activista fue acompa\u00f1ada por algunas mujeres\u2026","rel":"","context":"En &quot;Agenda Pol\u00edtica&quot;","block_context":{"text":"Agenda Pol\u00edtica","link":"https:\/\/redaccionoaxaca.com\/index.php\/category\/agenda-politica\/"},"img":{"alt_text":"","src":"","width":0,"height":0},"classes":[]},{"id":16380,"url":"https:\/\/redaccionoaxaca.com\/index.php\/2021\/01\/21\/el-control-de-tierra-blanca-el-motivo-de-la-disputa-entre-el-multi-y-mult-falso-que-existan-casas-quemadas-ninos-y-mujeres-heridas-segego\/","url_meta":{"origin":29616,"position":3},"title":"El control de Tierra Blanca, el motivo de la disputa entre el MULTI y MULT;  falso que existan casas quemadas, ni\u00f1os y mujeres heridas: Segego.","author":"ariadna","date":"enero 21, 2021","format":false,"excerpt":"#Redacci\u00f3nOaxaca #Oaxaca Jaime GUERRERO El Secretario General de Gobierno, Francisco Garc\u00eda L\u00f3pez, revel\u00f3 que el fondo del conflicto entre el Movimiento de Unificaci\u00f3n y Lucha Triqui con el Movimiento de Unificaci\u00f3n y Lucha Triqui Independiente es la disputa y control de la Agencia de Tierra Blanca, comunidad que era controlada\u2026","rel":"","context":"En &quot;Agenda Pol\u00edtica&quot;","block_context":{"text":"Agenda Pol\u00edtica","link":"https:\/\/redaccionoaxaca.com\/index.php\/category\/agenda-politica\/"},"img":{"alt_text":"","src":"","width":0,"height":0},"classes":[]},{"id":38226,"url":"https:\/\/redaccionoaxaca.com\/index.php\/2025\/09\/12\/nuevo-ataque-armado-en-tierra-blanca-copala-deja-un-muerto-mult-denuncian-omision-de-autoridades\/","url_meta":{"origin":29616,"position":4},"title":"Nuevo ataque armado en Tierra Blanca Copala deja un muerto; MULT denuncian omisi\u00f3n de autoridades","author":"ariadna","date":"septiembre 12, 2025","format":false,"excerpt":"#Redacci\u00f3nOaxaca #Oaxaca La comunidad triqui de Tierra Blanca Copala fue nuevamente blanco de un ataque armado la ma\u00f1ana de este jueves alrededor de las 10:20 horas, que dej\u00f3 como saldo la muerte de\u00a0Cliserio Ram\u00edrez Mart\u00ednez, de 37 a\u00f1os de edad. De acuerdo con denuncias de habitantes, los agresores habr\u00edan sido\u2026","rel":"","context":"En &quot;Agenda Pol\u00edtica&quot;","block_context":{"text":"Agenda Pol\u00edtica","link":"https:\/\/redaccionoaxaca.com\/index.php\/category\/agenda-politica\/"},"img":{"alt_text":"","src":"https:\/\/i0.wp.com\/redaccionoaxaca.com\/wp-content\/uploads\/2025\/09\/IMG-20250912-WA0074-scaled.jpg?fit=1200%2C675&ssl=1&resize=350%2C200","width":350,"height":200,"srcset":"https:\/\/i0.wp.com\/redaccionoaxaca.com\/wp-content\/uploads\/2025\/09\/IMG-20250912-WA0074-scaled.jpg?fit=1200%2C675&ssl=1&resize=350%2C200 1x, https:\/\/i0.wp.com\/redaccionoaxaca.com\/wp-content\/uploads\/2025\/09\/IMG-20250912-WA0074-scaled.jpg?fit=1200%2C675&ssl=1&resize=525%2C300 1.5x, https:\/\/i0.wp.com\/redaccionoaxaca.com\/wp-content\/uploads\/2025\/09\/IMG-20250912-WA0074-scaled.jpg?fit=1200%2C675&ssl=1&resize=700%2C400 2x, https:\/\/i0.wp.com\/redaccionoaxaca.com\/wp-content\/uploads\/2025\/09\/IMG-20250912-WA0074-scaled.jpg?fit=1200%2C675&ssl=1&resize=1050%2C600 3x"},"classes":[]},{"id":6517,"url":"https:\/\/redaccionoaxaca.com\/index.php\/2019\/04\/27\/demandan-categoria-de-municipio-a-san-juan-copala\/","url_meta":{"origin":29616,"position":5},"title":"Demandan categor\u00eda de municipio a San Juan Copala","author":"jaime","date":"abril 27, 2019","format":false,"excerpt":"#Redacci\u00f3nOaxaca #Oaxaca Jaime GUERRERO\u00a0\u00a0 Al participar en tribuna para conmemorar el 2019 como A\u00f1o Internacional de las Lenguas Ind\u00edgenas, la hablante del idioma triqui, Emelia Ortiz Garc\u00eda, solicit\u00f3 se regrese la categor\u00eda de municipio a San Juan Copala, Oaxaca, como fue del 6 de mayo de 1826 a 1948. Tambi\u00e9n,\u2026","rel":"","context":"Entrada similar ","block_context":{"text":"Entrada similar ","link":""},"img":{"alt_text":"","src":"","width":0,"height":0},"classes":[]}],"_links":{"self":[{"href":"https:\/\/redaccionoaxaca.com\/index.php\/wp-json\/wp\/v2\/posts\/29616","targetHints":{"allow":["GET"]}}],"collection":[{"href":"https:\/\/redaccionoaxaca.com\/index.php\/wp-json\/wp\/v2\/posts"}],"about":[{"href":"https:\/\/redaccionoaxaca.com\/index.php\/wp-json\/wp\/v2\/types\/post"}],"author":[{"embeddable":true,"href":"https:\/\/redaccionoaxaca.com\/index.php\/wp-json\/wp\/v2\/users\/9"}],"replies":[{"embeddable":true,"href":"https:\/\/redaccionoaxaca.com\/index.php\/wp-json\/wp\/v2\/comments?post=29616"}],"version-history":[{"count":1,"href":"https:\/\/redaccionoaxaca.com\/index.php\/wp-json\/wp\/v2\/posts\/29616\/revisions"}],"predecessor-version":[{"id":29619,"href":"https:\/\/redaccionoaxaca.com\/index.php\/wp-json\/wp\/v2\/posts\/29616\/revisions\/29619"}],"wp:attachment":[{"href":"https:\/\/redaccionoaxaca.com\/index.php\/wp-json\/wp\/v2\/media?parent=29616"}],"wp:term":[{"taxonomy":"category","embeddable":true,"href":"https:\/\/redaccionoaxaca.com\/index.php\/wp-json\/wp\/v2\/categories?post=29616"},{"taxonomy":"post_tag","embeddable":true,"href":"https:\/\/redaccionoaxaca.com\/index.php\/wp-json\/wp\/v2\/tags?post=29616"}],"curies":[{"name":"wp","href":"https:\/\/api.w.org\/{rel}","templated":true}]}}