{"id":31586,"date":"2024-05-04T10:00:46","date_gmt":"2024-05-04T16:00:46","guid":{"rendered":"https:\/\/redaccionoaxaca.com\/?p=31586"},"modified":"2024-05-04T10:00:46","modified_gmt":"2024-05-04T16:00:46","slug":"9-mdp-monto-del-asalto-a-personal-de-la-empresa-global-de-traslados-de-valores-en-calles-del-centro-de-la-ciudad-fiscalia-investiga","status":"publish","type":"post","link":"https:\/\/redaccionoaxaca.com\/index.php\/2024\/05\/04\/9-mdp-monto-del-asalto-a-personal-de-la-empresa-global-de-traslados-de-valores-en-calles-del-centro-de-la-ciudad-fiscalia-investiga\/","title":{"rendered":"9 MDP monto del asalto a personal de la Empresa Global de Traslados de Valores en calles del Centro de la Ciudad; Fiscal\u00eda investiga"},"content":{"rendered":"<p><strong>#Redacci\u00f3nOaxaca<\/strong><\/p>\n<p><strong>#Oaxaca<\/strong><\/p>\n<p style=\"text-align: justify;\">La Fiscal\u00eda General del Estado de Oaxaca (FGEO) inici\u00f3 la carpeta de investigaci\u00f3n correspondiente, luego de tomar conocimiento de los hechos de este viernes 03 de mayo de 2024, cuando personal de la Empresa Global de Traslados de Valores report\u00f3 el robo de una fuerte suma de dinero que, de acuerdo con la declaraci\u00f3n inicial, trasladaban para depositarlo en el banco.<\/p>\n<p style=\"text-align: justify;\">El robo ocurri\u00f3 cuando transitaban sobre la calle de Fiallo, donde habr\u00edan sido interceptados por personas que viajaban a bordo de una motocicleta.<\/p>\n<p style=\"text-align: justify;\">La FGEO despleg\u00f3 a un equipo multidisciplinario para realizar una investigaci\u00f3n integral que considere todo el contexto de los hechos y permita presentar ante la justicia a quien o quienes cometan delitos en perjuicio de las y los oaxaque\u00f1os.<\/p>\n<p style=\"text-align: justify;\">\n<img data-recalc-dims=\"1\" loading=\"lazy\" decoding=\"async\" class=\"size-medium wp-image-31570 aligncenter\" src=\"https:\/\/i0.wp.com\/redaccionoaxaca.com\/wp-content\/uploads\/2024\/05\/IMG-20240503-WA0054-300x168.jpg?resize=300%2C168&#038;ssl=1\" alt=\"\" width=\"300\" height=\"168\" \/><\/p>\n<p>&nbsp;<\/p>\n","protected":false},"excerpt":{"rendered":"<p>#Redacci\u00f3nOaxaca #Oaxaca La Fiscal\u00eda General del Estado de Oaxaca (FGEO) inici\u00f3 la carpeta de investigaci\u00f3n correspondiente, luego de tomar conocimiento de los hechos de este viernes 03 de mayo de 2024, cuando personal de la Empresa Global de Traslados de Valores report\u00f3 el robo de una fuerte suma de dinero que, de acuerdo con la [&hellip;]<\/p>\n","protected":false},"author":9,"featured_media":0,"comment_status":"open","ping_status":"open","sticky":false,"template":"","format":"standard","meta":{"_jetpack_newsletter_access":"","_jetpack_dont_email_post_to_subs":false,"_jetpack_newsletter_tier_id":0,"_jetpack_memberships_contains_paywalled_content":false,"_jetpack_feature_clip_id":0,"_jetpack_memberships_contains_paid_content":false,"footnotes":"","jetpack_publicize_message":"","jetpack_publicize_feature_enabled":true,"jetpack_social_post_already_shared":true,"jetpack_social_options":{"image_generator_settings":{"template":"highway","default_image_id":0,"font":"","enabled":false},"version":2},"jetpack_post_was_ever_published":false},"categories":[7,5,3,6],"tags":[],"class_list":{"0":"post-31586","1":"post","2":"type-post","3":"status-publish","4":"format-standard","6":"category-al-cierre","7":"category-imagen","8":"category-mesa-de-redaccion","9":"category-tendencias"},"jetpack_publicize_connections":[],"jetpack_sharing_enabled":true,"jetpack_shortlink":"https:\/\/wp.me\/p9Ynjw-8ds","jetpack-related-posts":[{"id":37437,"url":"https:\/\/redaccionoaxaca.com\/index.php\/2025\/07\/15\/fraude-en-chevrolet-oaxaca-fiscalia-abrio-carpetas-de-investigacion-vs-trabajadores-y-agencia\/","url_meta":{"origin":31586,"position":0},"title":"Fraude en Chevrolet Oaxaca; Fiscal\u00eda abri\u00f3 carpetas de investigaci\u00f3n vs trabajadores y agencia\u00a0","author":"ariadna","date":"julio 15, 2025","format":false,"excerpt":"#Redacci\u00f3nOaxaca Jaime GUERRERO Clientes de la empresa Chevrolet Oaxaca acusaron un fraude que afecta a por lo menos 10 personas por un monto aproximado de 3 millones de pesos. Tras revelarse el fraude, la Fiscal\u00eda General del Estado de Oaxaca (FGEO) inform\u00f3 que abri\u00f3 carpetas de investigaci\u00f3n en contra de\u2026","rel":"","context":"En &quot;Al Cierre&quot;","block_context":{"text":"Al Cierre","link":"https:\/\/redaccionoaxaca.com\/index.php\/category\/al-cierre\/"},"img":{"alt_text":"","src":"","width":0,"height":0},"classes":[]},{"id":32014,"url":"https:\/\/redaccionoaxaca.com\/index.php\/2024\/06\/05\/fiscalia-de-oaxaca-detiene-a-seis-personas-por-robo-de-trailer-cargado-con-acero-hechos-ocurridos-en-el-valle-de-etla\/","url_meta":{"origin":31586,"position":1},"title":"Fiscal\u00eda de Oaxaca detiene a seis personas por robo de tr\u00e1iler cargado con acero, hechos ocurridos en el Valle de Etla","author":"ariadna","date":"junio 5, 2024","format":false,"excerpt":"#Redacci\u00f3nOaxaca #Oaxaca * Elementos de la Agencia Estatal de Investigaciones fueron agredidos con disparos de arma de fuego cuando arribaron al lugar Oaxaca de Ju\u00e1rez, Oax. 05 de junio de 2024.- Como resultado de los trabajos de inteligencia que realiza la Fiscal\u00eda General del Estado de Oaxaca (FGEO), elementos de\u2026","rel":"","context":"En &quot;Al Cierre&quot;","block_context":{"text":"Al Cierre","link":"https:\/\/redaccionoaxaca.com\/index.php\/category\/al-cierre\/"},"img":{"alt_text":"","src":"https:\/\/i0.wp.com\/redaccionoaxaca.com\/wp-content\/uploads\/2024\/06\/IMG-20240605-WA0093-300x169.jpg?resize=350%2C200&ssl=1","width":350,"height":200},"classes":[]},{"id":33454,"url":"https:\/\/redaccionoaxaca.com\/index.php\/2024\/09\/19\/fgeo-inicia-carpeta-de-investigacion-vs-presunto-acosador-sexu4l-en-una-primaria-de-oaxaca\/","url_meta":{"origin":31586,"position":2},"title":"FGEO inicia carpeta de investigaci\u00f3n vs presunto acosador sexu4l en una primaria de Oaxaca","author":"ariadna","date":"septiembre 19, 2024","format":"video","excerpt":"#Redacci\u00f3nOaxaca #Oaxaca Comunicado La Fiscal\u00eda General del Estado de Oaxaca (FGEO) inici\u00f3 una carpeta de investigaci\u00f3n por el delito de acoso sexual, luego de que elementos de la polic\u00eda municipal de Oaxaca de Ju\u00e1rez detuvieron a una persona del sexo masculino fuera de una instituci\u00f3n educativa, hechos ocurridos en la\u2026","rel":"","context":"En &quot;Al Cierre&quot;","block_context":{"text":"Al Cierre","link":"https:\/\/redaccionoaxaca.com\/index.php\/category\/al-cierre\/"},"img":{"alt_text":"","src":"","width":0,"height":0},"classes":[]},{"id":32265,"url":"https:\/\/redaccionoaxaca.com\/index.php\/2024\/06\/19\/fgeo-inicia-investigacion-con-detenido-por-el-delito-de-violacion-a-la-intimidad-sexual-en-agravio-de-dos-ninas-ocurrida-en-escuela-primaria-de-oaxaca-de-juarez\/","url_meta":{"origin":31586,"position":3},"title":"FGEO inicia investigaci\u00f3n con detenido por el delito de violaci\u00f3n a la intimidad sexual en agravio de dos ni\u00f1as, ocurrida en escuela primaria de Oaxaca de Ju\u00e1rez","author":"ariadna","date":"junio 19, 2024","format":false,"excerpt":"#Redacci\u00f3nOaxaca #Oaxaca Oaxaca de Ju\u00e1rez, Oax. 19 de junio de 2024.- La Fiscal\u00eda General del Estado de Oaxaca (FGEO) realiza las diligencias correspondientes en torno a la denuncia penal por el delito de Violaci\u00f3n a la Intimidad Sexual contra una persona del sexo masculino identificado como R.E.G.C. -quien est\u00e1 detenido-,\u2026","rel":"","context":"En &quot;Al Cierre&quot;","block_context":{"text":"Al Cierre","link":"https:\/\/redaccionoaxaca.com\/index.php\/category\/al-cierre\/"},"img":{"alt_text":"","src":"","width":0,"height":0},"classes":[]},{"id":39328,"url":"https:\/\/redaccionoaxaca.com\/index.php\/2025\/12\/03\/fgeo-detiene-a-ex-policia-municipal-de-jocotepec-por-triple-homicidio-ocurrido-en-la-region-de-la-cuenca\/","url_meta":{"origin":31586,"position":4},"title":"FGEO detiene a ex polic\u00eda municipal de Jocotepec por triple homicidio ocurrido en la regi\u00f3n de la Cuenca","author":"ariadna","date":"diciembre 3, 2025","format":false,"excerpt":"#Redacci\u00f3nOaxaca #Oaxaca Oaxaca de Ju\u00e1rez, Oax. 03 de diciembre de 2025.- Las investigaciones ministeriales a cargo de la Fiscal\u00eda General del Estado de Oaxaca (FGEO) hicieron posible la ejecuci\u00f3n de una orden de aprehensi\u00f3n en contra de una persona del sexo masculino identificada como L.L.A., por el delito de homicidio\u2026","rel":"","context":"En &quot;Imagen&quot;","block_context":{"text":"Imagen","link":"https:\/\/redaccionoaxaca.com\/index.php\/category\/imagen\/"},"img":{"alt_text":"","src":"https:\/\/i0.wp.com\/redaccionoaxaca.com\/wp-content\/uploads\/2025\/12\/IMG-20251203-WA0043.jpg?fit=1200%2C900&ssl=1&resize=350%2C200","width":350,"height":200,"srcset":"https:\/\/i0.wp.com\/redaccionoaxaca.com\/wp-content\/uploads\/2025\/12\/IMG-20251203-WA0043.jpg?fit=1200%2C900&ssl=1&resize=350%2C200 1x, https:\/\/i0.wp.com\/redaccionoaxaca.com\/wp-content\/uploads\/2025\/12\/IMG-20251203-WA0043.jpg?fit=1200%2C900&ssl=1&resize=525%2C300 1.5x, https:\/\/i0.wp.com\/redaccionoaxaca.com\/wp-content\/uploads\/2025\/12\/IMG-20251203-WA0043.jpg?fit=1200%2C900&ssl=1&resize=700%2C400 2x, https:\/\/i0.wp.com\/redaccionoaxaca.com\/wp-content\/uploads\/2025\/12\/IMG-20251203-WA0043.jpg?fit=1200%2C900&ssl=1&resize=1050%2C600 3x"},"classes":[]},{"id":30196,"url":"https:\/\/redaccionoaxaca.com\/index.php\/2024\/01\/18\/durante-cateo-en-la-costa-fiscalia-de-oaxaca-abate-a-agresor-de-agentes-estatales-de-investigacion\/","url_meta":{"origin":31586,"position":5},"title":"Durante cateo en la Costa, Fiscal\u00eda de Oaxaca abate a agresor de Agentes Estatales de Investigaci\u00f3n","author":"ariadna","date":"enero 18, 2024","format":false,"excerpt":"#Redacci\u00f3nOaxaca #Oaxaca \u2022 Un elemento de la AEI falleci\u00f3 a consecuencia de la agresi\u00f3n armada que ocurri\u00f3 cuando la FGEO encabezaba un operativo en colaboraci\u00f3n con Polic\u00eda Estatal y Municipal de San Gabriel Mixtepec Oaxaca de Ju\u00e1rez, Oax., a 18 de enero de 2024- La Fiscal\u00eda General del Estado de\u2026","rel":"","context":"En &quot;Al Cierre&quot;","block_context":{"text":"Al Cierre","link":"https:\/\/redaccionoaxaca.com\/index.php\/category\/al-cierre\/"},"img":{"alt_text":"","src":"","width":0,"height":0},"classes":[]}],"jetpack_featured_media_url":"","_links":{"self":[{"href":"https:\/\/redaccionoaxaca.com\/index.php\/wp-json\/wp\/v2\/posts\/31586","targetHints":{"allow":["GET"]}}],"collection":[{"href":"https:\/\/redaccionoaxaca.com\/index.php\/wp-json\/wp\/v2\/posts"}],"about":[{"href":"https:\/\/redaccionoaxaca.com\/index.php\/wp-json\/wp\/v2\/types\/post"}],"author":[{"embeddable":true,"href":"https:\/\/redaccionoaxaca.com\/index.php\/wp-json\/wp\/v2\/users\/9"}],"replies":[{"embeddable":true,"href":"https:\/\/redaccionoaxaca.com\/index.php\/wp-json\/wp\/v2\/comments?post=31586"}],"version-history":[{"count":1,"href":"https:\/\/redaccionoaxaca.com\/index.php\/wp-json\/wp\/v2\/posts\/31586\/revisions"}],"predecessor-version":[{"id":31587,"href":"https:\/\/redaccionoaxaca.com\/index.php\/wp-json\/wp\/v2\/posts\/31586\/revisions\/31587"}],"wp:attachment":[{"href":"https:\/\/redaccionoaxaca.com\/index.php\/wp-json\/wp\/v2\/media?parent=31586"}],"wp:term":[{"taxonomy":"category","embeddable":true,"href":"https:\/\/redaccionoaxaca.com\/index.php\/wp-json\/wp\/v2\/categories?post=31586"},{"taxonomy":"post_tag","embeddable":true,"href":"https:\/\/redaccionoaxaca.com\/index.php\/wp-json\/wp\/v2\/tags?post=31586"}],"curies":[{"name":"wp","href":"https:\/\/api.w.org\/{rel}","templated":true}]}}