{"id":31630,"date":"2024-05-06T21:13:51","date_gmt":"2024-05-07T03:13:51","guid":{"rendered":"https:\/\/redaccionoaxaca.com\/?p=31630"},"modified":"2024-05-06T21:13:51","modified_gmt":"2024-05-07T03:13:51","slug":"solo-vamos-a-ser-mirones-dice-gobernador-de-oaxaca-promete-no-intervenir-en-elecciones-proceso-municipal-incendia-pasiones-y-calienta-el-ambiente","status":"publish","type":"post","link":"https:\/\/redaccionoaxaca.com\/index.php\/2024\/05\/06\/solo-vamos-a-ser-mirones-dice-gobernador-de-oaxaca-promete-no-intervenir-en-elecciones-proceso-municipal-incendia-pasiones-y-calienta-el-ambiente\/","title":{"rendered":"\u201cSolo vamos a ser mirones\u201d, dice Gobernador de Oaxaca; promete no intervenir en elecciones; proceso municipal \u201cincendia pasiones\u201d y \u201ccalienta el ambiente\u201d"},"content":{"rendered":"<p><strong>#Redacci\u00f3nOaxaca<\/strong><\/p>\n<p><strong>#Oaxaca<\/strong><\/p>\n<p><strong>Jaime GUERRERO<\/strong><\/p>\n<p style=\"text-align: justify;\">\u201cNosotros solamente vamos a hacer mirones de lejos, no podemos intervenir participar vamos muy respetuosos este proceso electoral\u201d, afirm\u00f3 el Gobernador de Oaxaca, Salom\u00f3n Jara Cruz.<\/p>\n<p style=\"text-align: justify;\">En Oaxaca, el pr\u00f3ximo 2 de junio, adem\u00e1s de elegirse Presidenta de la Rep\u00fablica, Senadur\u00edas de la Rep\u00fablica, Diputaciones Federales, se elegir\u00e1n 42 diputaciones locales y concejal\u00edas en 152 municipios que se rigen por la v\u00eda de los Partidos Pol\u00edticos.<\/p>\n<p style=\"text-align: justify;\">Jara Cruz, afirm\u00f3 que su administraci\u00f3n ser\u00e1 respetuosa de este proceso, \u201cno tenemos ninguna af\u00e1n de participar en el Proceso\u201d.<\/p>\n<p style=\"text-align: justify;\">Refiri\u00f3 que di\u00e1logo con todos los secretarios, secretarias y directores, para abstenerse de intervenir en el proceso.<\/p>\n<p style=\"text-align: justify;\">\u201cNada de estar dando despensas de frijol con gorgojo a uno a otro. Absolutamente nada\u201d, les pidi\u00f3.<\/p>\n<p style=\"text-align: justify;\">De acuerdo a Jara Cruz, en pasadas administraciones les ped\u00edan a los funcionarios una cuota y a cada uno \u201cle daban su hojita y les dec\u00edan: necesito 20 personas y as\u00ed se daba en todas las instancias de la Secretar\u00edas y de las dependencias. Ah\u00ed andaba buscando a sus 20 personas.<\/p>\n<p style=\"text-align: justify;\">Jara Cruz, afirm\u00f3 que en su administraci\u00f3n la participaci\u00f3n es voluntaria.<\/p>\n<p style=\"text-align: justify;\">\u201cAqu\u00ed participar\u00e1n como deseen hacerlo\u201d, afirm\u00f3.<\/p>\n<p style=\"text-align: justify;\">Prometi\u00f3 que en el actual proceso se van a ocupar para que se lleve a cabo en paz, seguridad y las personas candidatas que, soliciten seguridad, \u201ccon mucho gusto lo vamos a hacer\u201d.<\/p>\n<p style=\"text-align: justify;\">El mandatario destac\u00f3 que hay una mesa operativa.<\/p>\n<p style=\"text-align: justify;\">Esa mesa trabaja respecto a la seguridad de las candidaturas de todos los partidos. Para diputados federales, locales, respecto de lo cual, hay un protocolo para ello.<\/p>\n<p style=\"text-align: justify;\">Jara Cruz, recalc\u00f3 que en el actual proceso electoral, cuidar\u00e1n mucho que se lleva a cabo en paz y estabilidad.<\/p>\n<p style=\"text-align: justify;\">El mandatario oaxaque\u00f1o, concedi\u00f3 que un proceso municipal incendia pasiones, hay mucha participaci\u00f3n y se \u201ccalienta el ambiente\u201d.<\/p>\n<p style=\"text-align: justify;\">Por ello, poco a poco van detectando donde hay esa condiciones.<\/p>\n<p style=\"text-align: justify;\">\u201cSi vamos a cuidar este proceso, no vamos a permitir que lo que se hac\u00eda antes, se dejaba que un candidato una candidata o una persona o un cacique, pues anduviera en las calles haciendo de las suyas. No, que el pueblo decida qui\u00e9n lo va a representar. Es lo m\u00e1s importante, invitamos a todas y a todos los ciudadanos a que participen\u201d, convoc\u00f3.<\/p>\n<p style=\"text-align: justify;\">En tanto, pidi\u00f3 a los \u00f3rganos electorales que cuiden el proceso.<\/p>\n<p style=\"text-align: justify;\">Jara Cruz, sostuvo que, hay todas las condiciones para que se celebren elecciones limpias, transparentes \u201cy sobre todo en paz que es lo que nos ocupa\u201d.<\/p>\n<p style=\"text-align: justify;\">Sobre las candidaturas migrantes, evito opinar.<\/p>\n<p style=\"text-align: justify;\">\u201cNo puedo decir, pero s\u00e9 que si lo hay si lo hay ah\u00ed te voy a dar su tel\u00e9fono m\u00e1s tarde, pero si lo hay porque hay un paisanos de nosotros que es muy exitoso all\u00e1 en Los \u00c1ngeles. Tiene su comercio, negocios y luego cuando viene a Oaxaca junta much\u00edsimas cosas. Me refiero a\u00f1os anteriores, no ahora y siempre apoya a las comunidades a la gente. Entiendo que lo invitaron y est\u00e1 participando (como candidato migrante\u201d, matiz\u00f3.<\/p>\n","protected":false},"excerpt":{"rendered":"<p>#Redacci\u00f3nOaxaca #Oaxaca Jaime GUERRERO \u201cNosotros solamente vamos a hacer mirones de lejos, no podemos intervenir participar vamos muy respetuosos este proceso electoral\u201d, afirm\u00f3 el Gobernador de Oaxaca, Salom\u00f3n Jara Cruz. En Oaxaca, el pr\u00f3ximo 2 de junio, adem\u00e1s de elegirse Presidenta de la Rep\u00fablica, Senadur\u00edas de la Rep\u00fablica, Diputaciones Federales, se elegir\u00e1n 42 diputaciones locales [&hellip;]<\/p>\n","protected":false},"author":9,"featured_media":0,"comment_status":"open","ping_status":"open","sticky":false,"template":"","format":"standard","meta":{"_jetpack_newsletter_access":"","_jetpack_dont_email_post_to_subs":false,"_jetpack_newsletter_tier_id":0,"_jetpack_memberships_contains_paywalled_content":false,"_jetpack_feature_clip_id":0,"_jetpack_memberships_contains_paid_content":false,"footnotes":"","jetpack_publicize_message":"","jetpack_publicize_feature_enabled":true,"jetpack_social_post_already_shared":true,"jetpack_social_options":{"image_generator_settings":{"template":"highway","default_image_id":0,"font":"","enabled":false},"version":2},"jetpack_post_was_ever_published":false},"categories":[1],"tags":[],"class_list":{"0":"post-31630","1":"post","2":"type-post","3":"status-publish","4":"format-standard","6":"category-uncategorized"},"jetpack_publicize_connections":[],"jetpack_sharing_enabled":true,"jetpack_shortlink":"https:\/\/wp.me\/p9Ynjw-8ea","jetpack-related-posts":[{"id":24529,"url":"https:\/\/redaccionoaxaca.com\/index.php\/2022\/03\/15\/mario-delgado-da-control-de-morena-a-salomon-jara-vamos-construir-un-mejor-movimiento-en-oaxaca-viveros\/","url_meta":{"origin":31630,"position":0},"title":"Mario Delgado da control de Morena a Salom\u00f3n Jara;  \u201cvamos construir un mejor movimiento en Oaxaca\u201d: Viveros.","author":"ariadna","date":"marzo 15, 2022","format":false,"excerpt":"#Redacci\u00f3nOaxaca #Oaxaca Jaime GUERRERO En medio de la franca y abierta polarizaci\u00f3n de dos bloques electorales -uno comandado por la Senadora Susana Harp Iturribarria y el otro por su par y virtual candidato a la gubernatura, Salom\u00f3n Jara Cruz- \u00e9ste martes fue presentado Benjam\u00edn Viveros Montalvo como Delegado en funciones\u2026","rel":"","context":"En &quot;Agenda Pol\u00edtica&quot;","block_context":{"text":"Agenda Pol\u00edtica","link":"https:\/\/redaccionoaxaca.com\/index.php\/category\/agenda-politica\/"},"img":{"alt_text":"","src":"","width":0,"height":0},"classes":[]},{"id":28130,"url":"https:\/\/redaccionoaxaca.com\/index.php\/2022\/10\/05\/vamos-a-contar-cada-peso-cada-silla-salomon-jara-en-arranque-de-proceso-de-transicion-con-murat-se-heredara-finanzas-sanas-amh\/","url_meta":{"origin":31630,"position":1},"title":"\u201cVamos a contar cada peso, cada silla\u201d: Salom\u00f3n Jara en arranque  de proceso de transici\u00f3n con Murat; se heredar\u00e1 finanzas sanas: AMH","author":"ariadna","date":"octubre 5, 2022","format":false,"excerpt":"#Redacci\u00f3nOaxaca #Oaxaca Jaime GUERRERO El gobernador saliente de Oaxaca -emanado del Partido Revolucionario Institucional (PRI)- Alejandro Murat Hinojosa y el mandatario electo por el Partido Movimiento de Regeneraci\u00f3n Nacional (Morena), Salom\u00f3n Jara Cruz, iniciaron este mi\u00e9rcoles de manera formal el proceso de entrega recepci\u00f3n para dar paso a la transici\u00f3n\u2026","rel":"","context":"En &quot;Agenda Pol\u00edtica&quot;","block_context":{"text":"Agenda Pol\u00edtica","link":"https:\/\/redaccionoaxaca.com\/index.php\/category\/agenda-politica\/"},"img":{"alt_text":"","src":"","width":0,"height":0},"classes":[]},{"id":31836,"url":"https:\/\/redaccionoaxaca.com\/index.php\/2024\/05\/20\/gobernador-de-oaxaca-descarta-que-se-consume-boicot-a-elecciones-de-s-22-hay-12-municipios-focos-rojos-por-eleccion-de-presidencias-municipales\/","url_meta":{"origin":31630,"position":2},"title":"Gobernador de Oaxaca descarta que se consume boicot a elecciones  de S-22; hay 12 municipios focos rojos por elecci\u00f3n de Presidencias Municipales","author":"ariadna","date":"mayo 20, 2024","format":false,"excerpt":"#Redacci\u00f3nOaxaca #Oaxaca Jaime GUERRERO Ante el llamado de la Secci\u00f3n 22 del Sindicato Nacional de Trabajadores de la Educaci\u00f3n (SNTE), al boicot a las elecciones del 2 de junio, el Gobernador, Salom\u00f3n Jara Cruz, desestim\u00f3 que se pueda consumar en Oaxaca. Afirm\u00f3 que en Oaxaca hay todas las condiciones para\u2026","rel":"","context":"Entrada similar ","block_context":{"text":"Entrada similar ","link":""},"img":{"alt_text":"","src":"","width":0,"height":0},"classes":[]},{"id":39582,"url":"https:\/\/redaccionoaxaca.com\/index.php\/2025\/12\/23\/se-suspenderan-actos-publicos-y-banderazos-durante-proceso-de-revocaciondemandato-de-gobernador-de-oaxaca-no-quiero-ningun-pretexto-salomon-jara\/","url_meta":{"origin":31630,"position":3},"title":"Se suspender\u00e1n actos p\u00fablicos y banderazos durante proceso de Revocaci\u00f3n de Mandato de Gobernador de Oaxaca; \u201cno quiero ning\u00fan pretexto\u201d: Salom\u00f3n Jara","author":"ariadna","date":"diciembre 23, 2025","format":false,"excerpt":"#Redacci\u00f3nOaxaca #Oaxaca Jaime GUERRERO Con el inicio del proceso de revocaci\u00f3n de mandato, el gobernador de Oaxaca, Salom\u00f3n Jara Cruz, anunci\u00f3 que solicitar\u00e1 a todo su gabinete y a las personas servidoras p\u00fablicas abstenerse de inaugurar obras, dar banderazos de arranque y realizar eventos p\u00fablicos relacionados con acciones de gobierno,\u2026","rel":"","context":"En &quot;Agenda Pol\u00edtica&quot;","block_context":{"text":"Agenda Pol\u00edtica","link":"https:\/\/redaccionoaxaca.com\/index.php\/category\/agenda-politica\/"},"img":{"alt_text":"","src":"https:\/\/i0.wp.com\/redaccionoaxaca.com\/wp-content\/uploads\/2025\/12\/Screenshot_20251223_142542_WhatsApp-scaled.jpg?fit=1200%2C662&ssl=1&resize=350%2C200","width":350,"height":200,"srcset":"https:\/\/i0.wp.com\/redaccionoaxaca.com\/wp-content\/uploads\/2025\/12\/Screenshot_20251223_142542_WhatsApp-scaled.jpg?fit=1200%2C662&ssl=1&resize=350%2C200 1x, https:\/\/i0.wp.com\/redaccionoaxaca.com\/wp-content\/uploads\/2025\/12\/Screenshot_20251223_142542_WhatsApp-scaled.jpg?fit=1200%2C662&ssl=1&resize=525%2C300 1.5x, https:\/\/i0.wp.com\/redaccionoaxaca.com\/wp-content\/uploads\/2025\/12\/Screenshot_20251223_142542_WhatsApp-scaled.jpg?fit=1200%2C662&ssl=1&resize=700%2C400 2x, https:\/\/i0.wp.com\/redaccionoaxaca.com\/wp-content\/uploads\/2025\/12\/Screenshot_20251223_142542_WhatsApp-scaled.jpg?fit=1200%2C662&ssl=1&resize=1050%2C600 3x"},"classes":[]},{"id":36615,"url":"https:\/\/redaccionoaxaca.com\/index.php\/2025\/04\/21\/gobernador-de-oaxaca-utilizara-sus-giras-de-trabajo-y-conferencias-para-promover-voto-de-eleccion-judicial\/","url_meta":{"origin":31630,"position":4},"title":"Gobernador de Oaxaca, utilizar\u00e1 sus giras de trabajo y conferencias para promover voto de elecci\u00f3n judicial","author":"ariadna","date":"abril 21, 2025","format":false,"excerpt":"#Redacci\u00f3nOaxaca #Oaxaca Jaime GUERRERO\u00a0 El Gobernador de Oaxaca, Salom\u00f3n Jara Cruz, anunci\u00f3 que en sus giras de trabajo en el Estado, promover\u00e1 la elecci\u00f3n Elecci\u00f3n Judicial del 1 junio, para que la ciudadan\u00eda oaxaque\u00f1a, participe en la elecci\u00f3n de jueces federales de distrito, magistraturas electorales, de circuito y ministros de\u2026","rel":"","context":"En &quot;Agenda Pol\u00edtica&quot;","block_context":{"text":"Agenda Pol\u00edtica","link":"https:\/\/redaccionoaxaca.com\/index.php\/category\/agenda-politica\/"},"img":{"alt_text":"","src":"","width":0,"height":0},"classes":[]},{"id":42143,"url":"https:\/\/redaccionoaxaca.com\/index.php\/2026\/05\/19\/tras-encuentro-con-el-rector-farid-acevedo-lopez-va-oaxaca-por-inscripcion-cero-en-la-uabjo-y-rescate-financiero-ante-deficit-superior-a-300-millones-de-pesos\/","url_meta":{"origin":31630,"position":5},"title":"Tras encuentro con el rector Farid Acevedo L\u00f3pez, va Oaxaca por inscripci\u00f3n cero en la UABJO y rescate financiero ante d\u00e9ficit superior a 300 millones de pesos","author":"ariadna","date":"mayo 19, 2026","format":"video","excerpt":"#Redacci\u00f3nOaxaca #Oaxaca Sayra Cruz El gobernador de Oaxaca, Salom\u00f3n Jara Cruz, anunci\u00f3 que su administraci\u00f3n respaldar\u00e1 un plan de rescate financiero para la Universidad Aut\u00f3noma Benito Ju\u00e1rez de Oaxaca (UABJO), adem\u00e1s de impulsar una pol\u00edtica de \u201cinscripci\u00f3n cero\u201d para beneficiar a estudiantes de la m\u00e1xima casa de estudios. Lo anterior,\u2026","rel":"","context":"En &quot;Agenda Pol\u00edtica&quot;","block_context":{"text":"Agenda Pol\u00edtica","link":"https:\/\/redaccionoaxaca.com\/index.php\/category\/agenda-politica\/"},"img":{"alt_text":"","src":"https:\/\/i0.wp.com\/redaccionoaxaca.com\/wp-content\/uploads\/2026\/05\/14_UABJO.jpg?fit=1200%2C700&ssl=1&resize=350%2C200","width":350,"height":200,"srcset":"https:\/\/i0.wp.com\/redaccionoaxaca.com\/wp-content\/uploads\/2026\/05\/14_UABJO.jpg?fit=1200%2C700&ssl=1&resize=350%2C200 1x, https:\/\/i0.wp.com\/redaccionoaxaca.com\/wp-content\/uploads\/2026\/05\/14_UABJO.jpg?fit=1200%2C700&ssl=1&resize=525%2C300 1.5x, https:\/\/i0.wp.com\/redaccionoaxaca.com\/wp-content\/uploads\/2026\/05\/14_UABJO.jpg?fit=1200%2C700&ssl=1&resize=700%2C400 2x, https:\/\/i0.wp.com\/redaccionoaxaca.com\/wp-content\/uploads\/2026\/05\/14_UABJO.jpg?fit=1200%2C700&ssl=1&resize=1050%2C600 3x"},"classes":[]}],"jetpack_featured_media_url":"","_links":{"self":[{"href":"https:\/\/redaccionoaxaca.com\/index.php\/wp-json\/wp\/v2\/posts\/31630","targetHints":{"allow":["GET"]}}],"collection":[{"href":"https:\/\/redaccionoaxaca.com\/index.php\/wp-json\/wp\/v2\/posts"}],"about":[{"href":"https:\/\/redaccionoaxaca.com\/index.php\/wp-json\/wp\/v2\/types\/post"}],"author":[{"embeddable":true,"href":"https:\/\/redaccionoaxaca.com\/index.php\/wp-json\/wp\/v2\/users\/9"}],"replies":[{"embeddable":true,"href":"https:\/\/redaccionoaxaca.com\/index.php\/wp-json\/wp\/v2\/comments?post=31630"}],"version-history":[{"count":1,"href":"https:\/\/redaccionoaxaca.com\/index.php\/wp-json\/wp\/v2\/posts\/31630\/revisions"}],"predecessor-version":[{"id":31632,"href":"https:\/\/redaccionoaxaca.com\/index.php\/wp-json\/wp\/v2\/posts\/31630\/revisions\/31632"}],"wp:attachment":[{"href":"https:\/\/redaccionoaxaca.com\/index.php\/wp-json\/wp\/v2\/media?parent=31630"}],"wp:term":[{"taxonomy":"category","embeddable":true,"href":"https:\/\/redaccionoaxaca.com\/index.php\/wp-json\/wp\/v2\/categories?post=31630"},{"taxonomy":"post_tag","embeddable":true,"href":"https:\/\/redaccionoaxaca.com\/index.php\/wp-json\/wp\/v2\/tags?post=31630"}],"curies":[{"name":"wp","href":"https:\/\/api.w.org\/{rel}","templated":true}]}}