{"id":34076,"date":"2024-10-23T14:48:30","date_gmt":"2024-10-23T20:48:30","guid":{"rendered":"https:\/\/redaccionoaxaca.com\/?p=34076"},"modified":"2024-10-23T14:48:30","modified_gmt":"2024-10-23T20:48:30","slug":"de-leyenda-al-morir-en-valdeflores-el-rio-aparece-rumbo-al-inframundo","status":"publish","type":"post","link":"https:\/\/redaccionoaxaca.com\/index.php\/2024\/10\/23\/de-leyenda-al-morir-en-valdeflores-el-rio-aparece-rumbo-al-inframundo\/","title":{"rendered":"DE LEYENDA, AL MORIR EN VALDEFLORES  EL R\u00cdO APARECE RUMBO AL INFRAMUNDO"},"content":{"rendered":"<p><strong>#Redacci\u00f3nOaxaca<\/strong><\/p>\n<p><strong>#Oaxaca<\/strong><\/p>\n<p>Sin Xoloitzcuintle, el perro Azteca que ayudaba a las almas a cruzar el r\u00edo para llegar al primer nivel del inframundo, en Valdeflores, Tonameca, las familias sufren una doble tragedia, uno cuando pierden a un ser querido y otra para llevarlo al Camposanto.<\/p>\n<p>Vecinos de la comunidad cargan un ata\u00fad, con los restos de una mujer, cruzan con dificultad el R\u00edo Valdeflores y el cortejo f\u00fanebre debe sortear la corriente.<\/p>\n<p>Tienen prohibido morirse cuando el afluente crece en temporada de lluvias.<\/p>\n<p><img data-recalc-dims=\"1\" loading=\"lazy\" decoding=\"async\" class=\"size-medium wp-image-34077 aligncenter\" src=\"https:\/\/i0.wp.com\/redaccionoaxaca.com\/wp-content\/uploads\/2024\/10\/Screenshot_20241023-144622_WhatsApp-300x179.jpg?resize=300%2C179&#038;ssl=1\" alt=\"\" width=\"300\" height=\"179\" \/> <img data-recalc-dims=\"1\" loading=\"lazy\" decoding=\"async\" class=\"size-medium wp-image-34078 aligncenter\" src=\"https:\/\/i0.wp.com\/redaccionoaxaca.com\/wp-content\/uploads\/2024\/10\/Screenshot_20241023-144634_WhatsApp-300x196.jpg?resize=300%2C196&#038;ssl=1\" alt=\"\" width=\"300\" height=\"196\" \/><\/p>\n","protected":false},"excerpt":{"rendered":"<p>#Redacci\u00f3nOaxaca #Oaxaca Sin Xoloitzcuintle, el perro Azteca que ayudaba a las almas a cruzar el r\u00edo para llegar al primer nivel del inframundo, en Valdeflores, Tonameca, las familias sufren una doble tragedia, uno cuando pierden a un ser querido y otra para llevarlo al Camposanto. Vecinos de la comunidad cargan un ata\u00fad, con los restos [&hellip;]<\/p>\n","protected":false},"author":9,"featured_media":0,"comment_status":"open","ping_status":"open","sticky":false,"template":"","format":"standard","meta":{"jetpack_post_was_ever_published":false,"_jetpack_newsletter_access":"","_jetpack_dont_email_post_to_subs":false,"_jetpack_newsletter_tier_id":0,"_jetpack_memberships_contains_paywalled_content":false,"_jetpack_memberships_contains_paid_content":false,"footnotes":"","jetpack_publicize_message":"","jetpack_publicize_feature_enabled":true,"jetpack_social_post_already_shared":true,"jetpack_social_options":{"image_generator_settings":{"template":"highway","default_image_id":0,"font":"","enabled":false},"version":2}},"categories":[844,5,6],"tags":[],"class_list":{"0":"post-34076","1":"post","2":"type-post","3":"status-publish","4":"format-standard","6":"category-dulce-veneno","7":"category-imagen","8":"category-tendencias"},"jetpack_publicize_connections":[],"jetpack_featured_media_url":"","jetpack_sharing_enabled":true,"jetpack_shortlink":"https:\/\/wp.me\/p9Ynjw-8RC","jetpack-related-posts":[{"id":5355,"url":"https:\/\/redaccionoaxaca.com\/index.php\/2019\/02\/12\/ahora-en-colotepec-secuestran-autoridades-municipales\/","url_meta":{"origin":34076,"position":0},"title":"AHORA EN COLOTEPEC, SECUESTRAN AUTORIDADES MUNICIPALES","author":"denise","date":"febrero 12, 2019","format":"video","excerpt":"#Redacci\u00f3nOaxaca Escoltados por elementos de la polic\u00eda municipal, unos 50 habitantes de la agencia de R\u00edo Valdeflores, secuestraron a integrantes del Cabildo de Santa Mar\u00eda #Colotepec como medida de presi\u00f3n por un conflicto lim\u00edtrofe con sus vecinos de tierra blanca. Los manifestantes llegaron a #Colotepec con la intenci\u00f3nde tomar el\u2026","rel":"","context":"En &quot;Tendencias&quot;","block_context":{"text":"Tendencias","link":"https:\/\/redaccionoaxaca.com\/index.php\/category\/tendencias\/"},"img":{"alt_text":"","src":"","width":0,"height":0},"classes":[]},{"id":14073,"url":"https:\/\/redaccionoaxaca.com\/index.php\/2020\/08\/20\/localidades-de-ocotlan-zimatlan-arrancaron-campana-de-reforestacion-con-120-mil-ejemplares-la-meta-para-el-estado-son-5-millones-de-arboles-informo-la-fundacion-fahho\/","url_meta":{"origin":34076,"position":1},"title":"Localidades de Ocotl\u00e1n Zimatl\u00e1n arrancaron campa\u00f1a de reforestaci\u00f3n con 120 mil ejemplares, la meta para el Estado son 5 millones de \u00e1rboles inform\u00f3 la fundaci\u00f3n FAHHO.","author":"ariadna","date":"agosto 20, 2020","format":false,"excerpt":"#Redacci\u00f3nOaxaca #Oaxaca Maira Ric\u00e1rdez Un nutrido grupo de pobladores de Ayoquezco de Aldama, San Mart\u00edn Lachil\u00e1, Santa Ana Tlapacoyan, Santa Cruz Mixtepec, Valdeflores, San Pedro Apostol, y Zimatll\u00e1n de Alvarez, entre otras, pertenecientes al Distrito de Ocotl\u00e1n Zimatl\u00e1n, acompa\u00f1ados de sus autoridades, se reunieron este d\u00eda no para bloquear o\u2026","rel":"","context":"En &quot;Al Cierre&quot;","block_context":{"text":"Al Cierre","link":"https:\/\/redaccionoaxaca.com\/index.php\/category\/al-cierre\/"},"img":{"alt_text":"","src":"","width":0,"height":0},"classes":[]},{"id":3673,"url":"https:\/\/redaccionoaxaca.com\/index.php\/2018\/11\/02\/viven-los-mazatecos-el-circulo-virtuoso-vida-muerte-la-identidad-de-los-danzantes-no-es-la-propia-encarnan-ahora-el-ama-de-sus-fieles-difuntos\/","url_meta":{"origin":34076,"position":2},"title":"Viven los Mazatecos el c\u00edrculo virtuoso vida-muerte; la identidad de los danzantes no es la propia, encarnan ahora el ama de sus fieles difuntos","author":"denise","date":"noviembre 2, 2018","format":false,"excerpt":"#Redacci\u00f3nOaxaca Maira Ric\u00e1rdez El ocaso de octubre es el momento propio para recibir la m\u00edtica y respetada tradici\u00f3n de los nacidos en la Sierra Mazateca de Oaxaca: hablamos de los huehuentones. En los \u00faltimos d\u00edas de octubre, cuando el cementerio se abarrota de flores propias de esta temporada de fieles\u2026","rel":"","context":"En &quot;Tendencias&quot;","block_context":{"text":"Tendencias","link":"https:\/\/redaccionoaxaca.com\/index.php\/category\/tendencias\/"},"img":{"alt_text":"","src":"","width":0,"height":0},"classes":[]},{"id":7196,"url":"https:\/\/redaccionoaxaca.com\/index.php\/2019\/06\/12\/municipio-no-tiene-concesion-de-rio-atoyac-a-federacion-corresponde-retiro-en-ambulantes-dice-edil\/","url_meta":{"origin":34076,"position":3},"title":"Municipio no tiene concesi\u00f3n de R\u00edo Atoyac, a\u00a0Federaci\u00f3n corresponde retiro en ambulantes, dice edil","author":"denise","date":"junio 12, 2019","format":false,"excerpt":"#Redacci\u00f3nOaxaca Jaime GUERRERO\u00a0 El edil capitalino, Oswaldo Garc\u00eda Jarqu\u00edn, desminti\u00f3 que exista una concesi\u00f3n de la Comisi\u00f3n Nacional del Agua (Conagua), al municipio capitalino, para el uso y usufructo de los m\u00e1rgenes del R\u00edo Atoyac, por tanto, corresponde a la federaci\u00f3n entrar al retiro de vendedores que se han instalado\u2026","rel":"","context":"En &quot;Agenda Pol\u00edtica&quot;","block_context":{"text":"Agenda Pol\u00edtica","link":"https:\/\/redaccionoaxaca.com\/index.php\/category\/agenda-politica\/"},"img":{"alt_text":"","src":"","width":0,"height":0},"classes":[]},{"id":6027,"url":"https:\/\/redaccionoaxaca.com\/index.php\/2019\/03\/28\/atoyac-agonizante-desde-hace-mas-de-una-decada-planta-de-tratamiento-construida-con-mas-de-163-mdp-inutilizada\/","url_meta":{"origin":34076,"position":4},"title":"Atoyac, agonizante desde hace m\u00e1s de una d\u00e9cada, Planta de Tratamiento construida con m\u00e1s de 163 mdp inutilizada.","author":"mayra","date":"marzo 28, 2019","format":false,"excerpt":"#Redacci\u00f3nOaxaca #Oaxaca Maira Ric\u00e1rdez El R\u00edo Atoyac est\u00e1 agonizante y esto no es solo evidente a la vista y olfato de todo Oaxaque\u00f1o, lo confirma la propia autoridad, el 90% de este afluente est\u00e1 severamente contaminado y el principal aporte de su estado de salud son los residuos humanos de\u2026","rel":"","context":"Entrada similar ","block_context":{"text":"Entrada similar ","link":""},"img":{"alt_text":"","src":"","width":0,"height":0},"classes":[]},{"id":1368,"url":"https:\/\/redaccionoaxaca.com\/index.php\/2018\/07\/18\/tapanatepec-mostrara-la-otra-cara-del-istmo-en-la-guelaguetza\/","url_meta":{"origin":34076,"position":5},"title":"Tapanatepec, mostrar\u00e1 la otra cara del Istmo en la Guelaguetza","author":"citlali","date":"julio 18, 2018","format":false,"excerpt":"Citlalli L\u00f3pez Vel\u00e1zquez Establecido en la zona lim\u00edtrofe entre \u00a0Oaxaca y Chiapas, San Pedro Tapanatepec, quien estar\u00e1 por primera vez en la Guelaguetza, mostrar\u00e1 con su cuadro costumbrista una cara diferente del Istmo de Tehuantepec. \u201cAl estar ubicados en una zona lim\u00edtrofe tenemos influencia de Chiapas de algunas comidas, dulces\u2026","rel":"","context":"En &quot;Mesa de Redacci\u00f3n&quot;","block_context":{"text":"Mesa de Redacci\u00f3n","link":"https:\/\/redaccionoaxaca.com\/index.php\/category\/mesa-de-redaccion\/"},"img":{"alt_text":"","src":"","width":0,"height":0},"classes":[]}],"_links":{"self":[{"href":"https:\/\/redaccionoaxaca.com\/index.php\/wp-json\/wp\/v2\/posts\/34076","targetHints":{"allow":["GET"]}}],"collection":[{"href":"https:\/\/redaccionoaxaca.com\/index.php\/wp-json\/wp\/v2\/posts"}],"about":[{"href":"https:\/\/redaccionoaxaca.com\/index.php\/wp-json\/wp\/v2\/types\/post"}],"author":[{"embeddable":true,"href":"https:\/\/redaccionoaxaca.com\/index.php\/wp-json\/wp\/v2\/users\/9"}],"replies":[{"embeddable":true,"href":"https:\/\/redaccionoaxaca.com\/index.php\/wp-json\/wp\/v2\/comments?post=34076"}],"version-history":[{"count":1,"href":"https:\/\/redaccionoaxaca.com\/index.php\/wp-json\/wp\/v2\/posts\/34076\/revisions"}],"predecessor-version":[{"id":34079,"href":"https:\/\/redaccionoaxaca.com\/index.php\/wp-json\/wp\/v2\/posts\/34076\/revisions\/34079"}],"wp:attachment":[{"href":"https:\/\/redaccionoaxaca.com\/index.php\/wp-json\/wp\/v2\/media?parent=34076"}],"wp:term":[{"taxonomy":"category","embeddable":true,"href":"https:\/\/redaccionoaxaca.com\/index.php\/wp-json\/wp\/v2\/categories?post=34076"},{"taxonomy":"post_tag","embeddable":true,"href":"https:\/\/redaccionoaxaca.com\/index.php\/wp-json\/wp\/v2\/tags?post=34076"}],"curies":[{"name":"wp","href":"https:\/\/api.w.org\/{rel}","templated":true}]}}