{"id":36008,"date":"2025-03-09T15:05:19","date_gmt":"2025-03-09T21:05:19","guid":{"rendered":"https:\/\/redaccionoaxaca.com\/?p=36008"},"modified":"2025-03-09T15:05:19","modified_gmt":"2025-03-09T21:05:19","slug":"acusan-a-comisariado-ejidal-de-proteger-basurero-clandestino-en-atzompa","status":"publish","type":"post","link":"https:\/\/redaccionoaxaca.com\/index.php\/2025\/03\/09\/acusan-a-comisariado-ejidal-de-proteger-basurero-clandestino-en-atzompa\/","title":{"rendered":"Acusan a Comisariado Ejidal de proteger basurero clandestino en Atzompa"},"content":{"rendered":"<p><strong>#Redacci\u00f3nOaxaca<\/strong><\/p>\n<p><strong>#Oaxaca<\/strong><\/p>\n<p style=\"text-align: justify;\">M\u00e1s de 1,500 vecinos de distintas colonias y fraccionamientos de Santa Mar\u00eda Atzompa salieron a las calles este domingo para exigir el cierre definitivo de un basurero clandestino a cielo abierto. Los manifestantes acusan al Comisariado Ejidal de negarse a clausurar el sitio pese a los da\u00f1os ambientales y de salud que ha generado en la comunidad.<\/p>\n<p style=\"text-align: justify;\">La protesta, en la que participaron habitantes de las colonias Golondrinas, Tunalitos, Loma de la Virgen, Ca\u00f1adita, as\u00ed como de diversos fraccionamientos,marcharon con pancartas y consignas hasta las oficinas del comisariado ejidal.<\/p>\n<p><img data-recalc-dims=\"1\" loading=\"lazy\" decoding=\"async\" class=\"size-medium wp-image-36009 aligncenter\" src=\"https:\/\/i0.wp.com\/redaccionoaxaca.com\/wp-content\/uploads\/2025\/03\/IMG-20250309-WA0220-225x300.jpg?resize=225%2C300&#038;ssl=1\" alt=\"\" width=\"225\" height=\"300\" \/><\/p>\n<p style=\"text-align: justify;\"><em><strong>Acusan intereses econ\u00f3micos detr\u00e1s de la negativa<\/strong><\/em><\/p>\n<p style=\"text-align: justify;\">Los habitantes se\u00f1alan que el Comisariado Ejidal obtiene ingresos econ\u00f3micos de la operaci\u00f3n del basurero, lo que explicar\u00eda su resistencia a cerrarlo. En contraste, el Ayuntamiento Constitucional de Santa Mar\u00eda Atzompa ha expresado su disposici\u00f3n para atender la problem\u00e1tica, aunque sin resultados concretos hasta el momento.<\/p>\n<p style=\"text-align: justify;\">El basurero, ubicado en terrenos ejidales, se ha convertido en un foco de contaminaci\u00f3n. De acuerdo con los denunciantes, la quema constante de desechos genera gases t\u00f3xicos que afectan la calidad del aire, agravando enfermedades respiratorias y alergias, especialmente entre ni\u00f1os y adultos mayores. Adem\u00e1s, advierten sobre la contaminaci\u00f3n del suelo y posibles filtraciones al manto acu\u00edfero de la zona.<\/p>\n<p><img data-recalc-dims=\"1\" loading=\"lazy\" decoding=\"async\" class=\"size-medium wp-image-36010 alignright\" src=\"https:\/\/i0.wp.com\/redaccionoaxaca.com\/wp-content\/uploads\/2025\/03\/IMG-20250309-WA0222-225x300.jpg?resize=225%2C300&#038;ssl=1\" alt=\"\" width=\"225\" height=\"300\" \/><\/p>\n<p style=\"text-align: justify;\"><em><strong>Exigen intervenci\u00f3n de autoridades ambientales y de salud<\/strong><\/em><\/p>\n<p style=\"text-align: justify;\">Los manifestantes solicitaron la intervenci\u00f3n inmediata de la Secretar\u00eda de Medio Ambiente, la Secretar\u00eda de Salud y el Gobierno Federal para investigar y sancionar a los responsables.<\/p>\n<p style=\"text-align: justify;\">\u201cNo podemos permitir que los intereses econ\u00f3micos de unos cuantos est\u00e9n por encima del bienestar de toda una comunidad. Exigimos el cierre del basurero y medidas urgentes para remediar los da\u00f1os causados\u201d, expres\u00f3 uno de los l\u00edderes vecinales durante la protesta.<\/p>\n<p style=\"text-align: justify;\">Los vecinos advirtieron que mantendr\u00e1n las movilizaciones hasta obtener una respuesta clara de las autoridades y el cierre definitivo del basurero.<\/p>\n<p><img data-recalc-dims=\"1\" loading=\"lazy\" decoding=\"async\" class=\"size-medium wp-image-36011 aligncenter\" src=\"https:\/\/i0.wp.com\/redaccionoaxaca.com\/wp-content\/uploads\/2025\/03\/IMG-20250309-WA0221-225x300.jpg?resize=225%2C300&#038;ssl=1\" alt=\"\" width=\"225\" height=\"300\" \/><\/p>\n","protected":false},"excerpt":{"rendered":"<p>#Redacci\u00f3nOaxaca #Oaxaca M\u00e1s de 1,500 vecinos de distintas colonias y fraccionamientos de Santa Mar\u00eda Atzompa salieron a las calles este domingo para exigir el cierre definitivo de un basurero clandestino a cielo abierto. Los manifestantes acusan al Comisariado Ejidal de negarse a clausurar el sitio pese a los da\u00f1os ambientales y de salud que ha [&hellip;]<\/p>\n","protected":false},"author":9,"featured_media":0,"comment_status":"open","ping_status":"open","sticky":false,"template":"","format":"standard","meta":{"jetpack_post_was_ever_published":false,"_jetpack_newsletter_access":"","_jetpack_dont_email_post_to_subs":false,"_jetpack_newsletter_tier_id":0,"_jetpack_memberships_contains_paywalled_content":false,"_jetpack_memberships_contains_paid_content":false,"footnotes":"","jetpack_publicize_message":"","jetpack_publicize_feature_enabled":true,"jetpack_social_post_already_shared":true,"jetpack_social_options":{"image_generator_settings":{"template":"highway","default_image_id":0,"font":"","enabled":false},"version":2}},"categories":[5,3,6],"tags":[],"class_list":{"0":"post-36008","1":"post","2":"type-post","3":"status-publish","4":"format-standard","6":"category-imagen","7":"category-mesa-de-redaccion","8":"category-tendencias"},"jetpack_publicize_connections":[],"jetpack_featured_media_url":"","jetpack_sharing_enabled":true,"jetpack_shortlink":"https:\/\/wp.me\/p9Ynjw-9mM","jetpack-related-posts":[{"id":8692,"url":"https:\/\/redaccionoaxaca.com\/index.php\/2019\/10\/04\/comunicado-importante\/","url_meta":{"origin":36008,"position":0},"title":"***COMUNICADO IMPORTANTE","author":"denise","date":"octubre 4, 2019","format":false,"excerpt":"Presidencia Municipal, Consejo de Vigilancia y Comisariado Ejidal de Nazareno Etla Oaxaca, trabajan en conjunto por el desarrollo de su pueblo y unen esfuerzos para que las obras provenientes con Recurso Federal se ejecuten con plena transparencia, tal es el caso de la Licitaci\u00f3n P\u00fablica Nacional n\u00famero LO-009000967-E36-2019 referente a\u2026","rel":"","context":"En &quot;Imagen&quot;","block_context":{"text":"Imagen","link":"https:\/\/redaccionoaxaca.com\/index.php\/category\/imagen\/"},"img":{"alt_text":"","src":"","width":0,"height":0},"classes":[]},{"id":1461,"url":"https:\/\/redaccionoaxaca.com\/index.php\/2018\/07\/20\/acribillan-al-comisariado-ejidal-de-san-miguel-chimalapas-jose-medel-jimenez-en-el-istmo\/","url_meta":{"origin":36008,"position":1},"title":"Acribillan al Comisariado ejidal de San Miguel Chimalapas, Jos\u00e9 Medel Jim\u00e9nez en el Istmo","author":"denise","date":"julio 20, 2018","format":false,"excerpt":"#Redacci\u00f3nOaxaca F\u00e9lix Garcia- Humberto Cruz Juchit\u00e1n de Zaragoza, Oax., 20 Julio 2018.- El Comisariado Ejidal de San Miguel Chimalapas, Juchit\u00e1n Oaxaca, Jos\u00e9 Medel Jim\u00e9nez Cruz, fue acribillado la madrugada de este viernes durante una emboscada en el trayecto hacia la ciudad de Oaxaca y viajaban con \u00e9l tres personas m\u00e1s\u2026","rel":"","context":"En &quot;Agenda Pol\u00edtica&quot;","block_context":{"text":"Agenda Pol\u00edtica","link":"https:\/\/redaccionoaxaca.com\/index.php\/category\/agenda-politica\/"},"img":{"alt_text":"","src":"https:\/\/i0.wp.com\/redaccionoaxaca.com\/wp-content\/uploads\/2018\/07\/5D4B18CB-110D-45A9-8CED-C665644E4D7D-300x225.jpeg?resize=350%2C200","width":350,"height":200},"classes":[]},{"id":41079,"url":"https:\/\/redaccionoaxaca.com\/index.php\/2026\/03\/19\/asesinan-a-comisariada-ejidal-de-san-pedro-totolapan-municipio-que-ha-registrado-disputa-por-mina-y-cirrsu\/","url_meta":{"origin":36008,"position":2},"title":"Asesinan a comisariada ejidal de San Pedro Totolapan, municipio que ha registrado disputa por mina y CIRRSU","author":"ariadna","date":"marzo 19, 2026","format":false,"excerpt":"#Redacci\u00f3nOaxaca #Oaxaca #JaimeGUERRERO Nazareth Cortez Velasco, de aproximadamente 40 a\u00f1os, presidenta del Comisariado Ejidal de San Pedro Totolapan, Oaxaca, fue asesinada la madrugada de este jueves a bordo de la camioneta oficial del ejido sobre la calle Eucalipto, del barrio Vista Hermosa de esa localidad, ubicada en el kil\u00f3metro 80\u2026","rel":"","context":"En &quot;Agenda Pol\u00edtica&quot;","block_context":{"text":"Agenda Pol\u00edtica","link":"https:\/\/redaccionoaxaca.com\/index.php\/category\/agenda-politica\/"},"img":{"alt_text":"","src":"https:\/\/i0.wp.com\/redaccionoaxaca.com\/wp-content\/uploads\/2026\/03\/IMG-20260319-WA0078.jpg?fit=1200%2C640&ssl=1&resize=350%2C200","width":350,"height":200,"srcset":"https:\/\/i0.wp.com\/redaccionoaxaca.com\/wp-content\/uploads\/2026\/03\/IMG-20260319-WA0078.jpg?fit=1200%2C640&ssl=1&resize=350%2C200 1x, https:\/\/i0.wp.com\/redaccionoaxaca.com\/wp-content\/uploads\/2026\/03\/IMG-20260319-WA0078.jpg?fit=1200%2C640&ssl=1&resize=525%2C300 1.5x, https:\/\/i0.wp.com\/redaccionoaxaca.com\/wp-content\/uploads\/2026\/03\/IMG-20260319-WA0078.jpg?fit=1200%2C640&ssl=1&resize=700%2C400 2x, https:\/\/i0.wp.com\/redaccionoaxaca.com\/wp-content\/uploads\/2026\/03\/IMG-20260319-WA0078.jpg?fit=1200%2C640&ssl=1&resize=1050%2C600 3x"},"classes":[]},{"id":23422,"url":"https:\/\/redaccionoaxaca.com\/index.php\/2022\/01\/12\/acusan-al-comisariado-de-bienes-comunales-de-xoxocotlan-de-vender-despojar-y-revender-terrenos-en-la-parte-baja-de-monte-alban-16-familias-fueron-enganadas\/","url_meta":{"origin":36008,"position":3},"title":"Acusan al Comisariado de Bienes Comunales de Xoxocotl\u00e1n, de vender, despojar y revender terrenos en la parte baja de Monte Alb\u00e1n; 16 familias fueron enga\u00f1adas.","author":"ariadna","date":"enero 12, 2022","format":"video","excerpt":"#Redacci\u00f3nOaxaca #Oaxaca Ariadna Mendoza El comit\u00e9 de vecinos de la colonia Monte Alban perteneciente al municipio de Santa Cruz #Xoxocotl\u00e1n, abanderados por la organizaci\u00f3n Sol Rojo, realizaron una protesta en la plazuela de Santo Domingo de Guzm\u00e1n, para denunciar presuntos hechos violencia de los que fueron objeto por parte de\u2026","rel":"","context":"En &quot;Imagen&quot;","block_context":{"text":"Imagen","link":"https:\/\/redaccionoaxaca.com\/index.php\/category\/imagen\/"},"img":{"alt_text":"","src":"","width":0,"height":0},"classes":[]},{"id":41084,"url":"https:\/\/redaccionoaxaca.com\/index.php\/2026\/03\/19\/fiscalia-de-oaxaca-activa-protocolo-de-feminicidio-tras-asesinato-de-comisariada-de-san-pedro-totolapam\/","url_meta":{"origin":36008,"position":4},"title":"Fiscal\u00eda de Oaxaca activa protocolo de feminicidio tras asesinato de Comisariada de San Pedro Totolapam","author":"ariadna","date":"marzo 19, 2026","format":false,"excerpt":"#Redacci\u00f3nOaxaca #Oaxaca #JaimeGUERRERO La Fiscal\u00eda General del Estado de Oaxaca (FGEO) activ\u00f3 el Protocolo de Investigaci\u00f3n Ministerial, Policial y Pericial del Delito de Feminicidio tras el asesinato de Nazareth Cortez Velasco, presidenta del Comisariado de Bienes Comunales de San Pedro Totolapam, ocurrido la madrugada de este jueves 19 de marzo.\u2026","rel":"","context":"En &quot;Mesa de Redacci\u00f3n&quot;","block_context":{"text":"Mesa de Redacci\u00f3n","link":"https:\/\/redaccionoaxaca.com\/index.php\/category\/mesa-de-redaccion\/"},"img":{"alt_text":"","src":"https:\/\/i0.wp.com\/redaccionoaxaca.com\/wp-content\/uploads\/2026\/03\/IMG-20260319-WA0078.jpg?fit=1200%2C640&ssl=1&resize=350%2C200","width":350,"height":200,"srcset":"https:\/\/i0.wp.com\/redaccionoaxaca.com\/wp-content\/uploads\/2026\/03\/IMG-20260319-WA0078.jpg?fit=1200%2C640&ssl=1&resize=350%2C200 1x, https:\/\/i0.wp.com\/redaccionoaxaca.com\/wp-content\/uploads\/2026\/03\/IMG-20260319-WA0078.jpg?fit=1200%2C640&ssl=1&resize=525%2C300 1.5x, https:\/\/i0.wp.com\/redaccionoaxaca.com\/wp-content\/uploads\/2026\/03\/IMG-20260319-WA0078.jpg?fit=1200%2C640&ssl=1&resize=700%2C400 2x, https:\/\/i0.wp.com\/redaccionoaxaca.com\/wp-content\/uploads\/2026\/03\/IMG-20260319-WA0078.jpg?fit=1200%2C640&ssl=1&resize=1050%2C600 3x"},"classes":[]},{"id":24906,"url":"https:\/\/redaccionoaxaca.com\/index.php\/2022\/04\/04\/municipe-de-atzompa-solicito-intervencion-de-segego-para-echar-a-andar-la-construccion-de-su-relleno-sanitario\/","url_meta":{"origin":36008,"position":5},"title":"Mun\u00edcipe de Atzompa solicit\u00f3 intervenci\u00f3n de Segego para echar a andar la construcci\u00f3n de su relleno sanitario.","author":"ariadna","date":"abril 4, 2022","format":"video","excerpt":"#Redacci\u00f3nOaxaca #Oaxaca Maira Ric\u00e1rdez *Denunci\u00f3 adem\u00e1s que Finanzas bloqueo sus cuentas financieras al Municipio Acompa\u00f1ado de algunos agentes municipales, presidentes de colonias, y algunos regidores, de su Cabildo, el, Presidente Municipal de Sta. Mar\u00eda Atzompa, Luis Agust\u00edn V\u00e1squez Ortiz, denunci\u00f3 la cancelaci\u00f3n de cuentas del Municipio, de los ramos 28\u2026","rel":"","context":"En &quot;Imagen&quot;","block_context":{"text":"Imagen","link":"https:\/\/redaccionoaxaca.com\/index.php\/category\/imagen\/"},"img":{"alt_text":"","src":"","width":0,"height":0},"classes":[]}],"_links":{"self":[{"href":"https:\/\/redaccionoaxaca.com\/index.php\/wp-json\/wp\/v2\/posts\/36008","targetHints":{"allow":["GET"]}}],"collection":[{"href":"https:\/\/redaccionoaxaca.com\/index.php\/wp-json\/wp\/v2\/posts"}],"about":[{"href":"https:\/\/redaccionoaxaca.com\/index.php\/wp-json\/wp\/v2\/types\/post"}],"author":[{"embeddable":true,"href":"https:\/\/redaccionoaxaca.com\/index.php\/wp-json\/wp\/v2\/users\/9"}],"replies":[{"embeddable":true,"href":"https:\/\/redaccionoaxaca.com\/index.php\/wp-json\/wp\/v2\/comments?post=36008"}],"version-history":[{"count":1,"href":"https:\/\/redaccionoaxaca.com\/index.php\/wp-json\/wp\/v2\/posts\/36008\/revisions"}],"predecessor-version":[{"id":36013,"href":"https:\/\/redaccionoaxaca.com\/index.php\/wp-json\/wp\/v2\/posts\/36008\/revisions\/36013"}],"wp:attachment":[{"href":"https:\/\/redaccionoaxaca.com\/index.php\/wp-json\/wp\/v2\/media?parent=36008"}],"wp:term":[{"taxonomy":"category","embeddable":true,"href":"https:\/\/redaccionoaxaca.com\/index.php\/wp-json\/wp\/v2\/categories?post=36008"},{"taxonomy":"post_tag","embeddable":true,"href":"https:\/\/redaccionoaxaca.com\/index.php\/wp-json\/wp\/v2\/tags?post=36008"}],"curies":[{"name":"wp","href":"https:\/\/api.w.org\/{rel}","templated":true}]}}