{"id":36033,"date":"2025-03-11T14:12:13","date_gmt":"2025-03-11T20:12:13","guid":{"rendered":"https:\/\/redaccionoaxaca.com\/?p=36033"},"modified":"2025-03-11T14:12:13","modified_gmt":"2025-03-11T20:12:13","slug":"victimas-de-volcadura-en-oaxaca-no-eran-acarreados-gobernador","status":"publish","type":"post","link":"https:\/\/redaccionoaxaca.com\/index.php\/2025\/03\/11\/victimas-de-volcadura-en-oaxaca-no-eran-acarreados-gobernador\/","title":{"rendered":"V\u00edctimas de volcadura en Oaxaca no eran \u201cacarreados\u201d: Gobernador"},"content":{"rendered":"<p><strong>#Redacci\u00f3nOaxaca<\/strong><\/p>\n<p><strong>#Oaxaca<\/strong><\/p>\n<p><strong>Jaime GUERRERO<\/strong><\/p>\n<p style=\"text-align: justify;\">El Gobierno de Oaxaca confirm\u00f3 el fallecimiento de 18 personas as\u00ed como ocho hospitalizadas, debido a la volcadura de un cami\u00f3n en la autopista Mitla-Tehuantepec que, transportaba a militantes y simpatizantes de Morena que, proven\u00edan de la Ciudad de M\u00e9xico, tras asistir a un mitin de ese Instituto pol\u00edtico, el pasado domingo.<\/p>\n<p style=\"text-align: justify;\">El gobernador Salom\u00f3n Jara Cruz lament\u00f3 que se utilice la tragedia para llamar \u201cacarreados\u201d a la v\u00edctimas del municipio de Juchit\u00e1n de Zaragoza.<\/p>\n<p style=\"text-align: justify;\">Tras rendir un minuto de silencio en honor a los j\u00f3venes, mujeres y hombres que perdieron la vida, el mandatario estatal asegur\u00f3 que se dar\u00e1 todo el apoyo a las familias enlutadas por parte de su administraci\u00f3n y por el gobierno federal.<\/p>\n<p style=\"text-align: justify;\"><em>\u201cQuiero reiterar nuestro pesar por el tr\u00e1gico accidente acontecido ayer en la carretera Mitla-Tehuantepec, 42 personas viajaban en un autob\u00fas, 18 perdieron la vida y cinco de ellas no han sido identificadas. Nos duele mucho\u201d,<\/em> sostuvo.<\/p>\n<p style=\"text-align: justify;\">Jara Cruz, cuestion\u00f3 que, en redes sociales digan que eran \u201cacarreados\u201d, reiter\u00f3 el gobernador al referir que el municipio de Juchit\u00e1n de Zaragoza tiene una gran historia de lucha y resistencia, ellos no son acarreados expuso.<\/p>\n<p style=\"text-align: justify;\">El mandatario, oaxaque\u00f1o, refiri\u00f3 que la Presidenta Claudia Sheinbaum ha enviado a un representante para dar seguimiento a esta tragedia. Record\u00f3 a sus compa\u00f1eros de lucha, quienes viajaban en ese veh\u00edculo.<\/p>\n<p style=\"text-align: justify;\">Por su parte, el secretario de Gobierno Jes\u00fas Romero L\u00f3pez realiz\u00f3 un recuento de la tragedia al referir que esta se registr\u00f3 despu\u00e9s de las 10:00 de la ma\u00f1ana en el kil\u00f3metro 200+83, cerca de la comunidad de Santo Domingo Narro.<\/p>\n<p style=\"text-align: justify;\">En este sentido asegur\u00f3 que los heridos, cerca de 24, fueron traslados a hospitales de la regi\u00f3n por la cercan\u00eda al lugar de los hechos. Aunque se hab\u00eda dado a conocer que eran 19 v\u00edctimas mortales, el encargado de la pol\u00edtica p\u00fablica asegur\u00f3 que se trata de 18.<\/p>\n<p style=\"text-align: justify;\">Precis\u00f3 que el veh\u00edculo pertenece a una empresa denominada \u201cR\u00e1pidos de Zacatl\u00e1n\u201d, con base en Veracruz al exponer que el chofer tambi\u00e9n fue una de las v\u00edctimas mortales.<\/p>\n<p style=\"text-align: justify;\">El gabinete del gobernador Salom\u00f3n Jara Cruz rindi\u00f3 un minuto de silencio a los fallecidos de esta tragedia.<\/p>\n<p style=\"text-align: justify;\">En su conferencia ma\u00f1anera, la Presidenta #ClaudiaSheinbaum lament\u00f3 el accidente y envi\u00f3 su solidaridad y cari\u00f1o a las familias.<\/p>\n<p style=\"text-align: justify;\">La Secretaria de Gobernaci\u00f3n, @rosaicela_, atiende el caso.<\/p>\n<p style=\"text-align: justify;\">Inform\u00f3 que el subsecretario de la @SEGOB_mx Arturo Medina &#8220;se comunic\u00f3 con la mayor\u00eda de las familias&#8221; y un equipo del Gobierno de M\u00e9xico viajar\u00e1 a Oaxaca para atender a los lesionados.<\/p>\n<p style=\"text-align: justify;\">Asimismo, refiri\u00f3 que el gobernador de Oaxaca, @salomonj \u201c est\u00e1 atendiendo\u201d.<\/p>\n<p style=\"text-align: justify;\">A 18 muertos y m\u00e1s de 20 lesionados subi\u00f3 el saldo que dej\u00f3 la ca\u00edda de un autob\u00fas de transporte p\u00fablico a un barranco, en la supercarretera Oaxaca-Istmo a la altura de Santo Domingo Narro.<\/p>\n<p style=\"text-align: justify;\">Por la noche, la Fiscal\u00eda de #Oaxaca (@FISCALIA_GobOax) inform\u00f3 19 muertes y refiri\u00f3 que, hasta la noche de este lunes han sido identificadas 4 personas.<\/p>\n<p style=\"text-align: justify;\">No obstante, la ma\u00f1ana de este martes, el secretario de gobierno de Oaxaca, @jesusromerooax, report\u00f3 18 personas fallecidas en el accidente.<\/p>\n<p style=\"text-align: justify;\">Las personas que viajaban en el autob\u00fas proven\u00edan de la ciudad de M\u00e9xico y se trasladan a Juchit\u00e1n de Zaragoza. Hab\u00edan acudido este domingo a la asamblea informativa, convocada por la presidenta Claudia Sheinbaum Pardo en la capital del pa\u00eds.<\/p>\n<p style=\"text-align: justify;\">Los lesionados y las v\u00edctimas pertenecer\u00edan al grupo pol\u00edtico del senador de la Rep\u00fablica de morena, Antonino Morales Toledo.<\/p>\n","protected":false},"excerpt":{"rendered":"<p>#Redacci\u00f3nOaxaca #Oaxaca Jaime GUERRERO El Gobierno de Oaxaca confirm\u00f3 el fallecimiento de 18 personas as\u00ed como ocho hospitalizadas, debido a la volcadura de un cami\u00f3n en la autopista Mitla-Tehuantepec que, transportaba a militantes y simpatizantes de Morena que, proven\u00edan de la Ciudad de M\u00e9xico, tras asistir a un mitin de ese Instituto pol\u00edtico, el pasado [&hellip;]<\/p>\n","protected":false},"author":9,"featured_media":0,"comment_status":"open","ping_status":"open","sticky":false,"template":"","format":"standard","meta":{"jetpack_post_was_ever_published":false,"_jetpack_newsletter_access":"","_jetpack_dont_email_post_to_subs":false,"_jetpack_newsletter_tier_id":0,"_jetpack_memberships_contains_paywalled_content":false,"_jetpack_memberships_contains_paid_content":false,"footnotes":"","jetpack_publicize_message":"","jetpack_publicize_feature_enabled":true,"jetpack_social_post_already_shared":true,"jetpack_social_options":{"image_generator_settings":{"template":"highway","default_image_id":0,"font":"","enabled":false},"version":2}},"categories":[5,3,6],"tags":[],"class_list":{"0":"post-36033","1":"post","2":"type-post","3":"status-publish","4":"format-standard","6":"category-imagen","7":"category-mesa-de-redaccion","8":"category-tendencias"},"jetpack_publicize_connections":[],"jetpack_featured_media_url":"","jetpack_sharing_enabled":true,"jetpack_shortlink":"https:\/\/wp.me\/p9Ynjw-9nb","jetpack-related-posts":[{"id":36066,"url":"https:\/\/redaccionoaxaca.com\/index.php\/2025\/03\/13\/gobiernos-de-mexico-y-oaxaca-atienden-a-victimas-y-familiares-del-accidente-en-la-autopista-mitla-tehuantepec\/","url_meta":{"origin":36033,"position":0},"title":"Gobiernos de M\u00e9xico y Oaxaca atienden a v\u00edctimas y familiares del accidente en la autopista Mitla-Tehuantepec","author":"ariadna","date":"marzo 13, 2025","format":false,"excerpt":"#Redacci\u00f3nOaxaca #Oaxaca \u2022 A trav\u00e9s de la FGEO se mantiene comunicaci\u00f3n con la empresa aseguradora para cubrir todos los gastos de las personas involucradas Oaxaca de Ju\u00e1rez, Oax. 13 de marzo de 2025.- El titular de la Secretar\u00eda de Gobierno (Sego), Jes\u00fas Romero L\u00f3pez inform\u00f3 que por instrucciones de la\u2026","rel":"","context":"En &quot;Agenda Pol\u00edtica&quot;","block_context":{"text":"Agenda Pol\u00edtica","link":"https:\/\/redaccionoaxaca.com\/index.php\/category\/agenda-politica\/"},"img":{"alt_text":"","src":"","width":0,"height":0},"classes":[]},{"id":36019,"url":"https:\/\/redaccionoaxaca.com\/index.php\/2025\/03\/10\/en-volcadura-mueren-11-oaxaquenos-que-regresaban-del-mitin-de-morena-en-la-cdmx\/","url_meta":{"origin":36033,"position":1},"title":"En volcadura mueren 11 oaxaque\u00f1os que regresaban del mitin de Morena en la CDMX","author":"ariadna","date":"marzo 10, 2025","format":false,"excerpt":"#Redacci\u00f3nOaxaca #Oaxaca Jaime GUERRERO Once muertos y 29 lesionados es el saldo preliminar que dej\u00f3 la ca\u00edda de un autob\u00fas de transporte p\u00fablico a un barranco, en la supercarretera Oaxaca-Istmo a la altura de Santo Domingo Narro, confirm\u00f3 el Secretario de Gobierno, Jes\u00fas Romero L\u00f3pez. Las personas que viajaban en\u2026","rel":"","context":"En &quot;Imagen&quot;","block_context":{"text":"Imagen","link":"https:\/\/redaccionoaxaca.com\/index.php\/category\/imagen\/"},"img":{"alt_text":"","src":"https:\/\/i0.wp.com\/redaccionoaxaca.com\/wp-content\/uploads\/2025\/03\/IMG-20250310-WA0174-169x300.jpg?resize=350%2C200&ssl=1","width":350,"height":200},"classes":[]},{"id":38940,"url":"https:\/\/redaccionoaxaca.com\/index.php\/2025\/11\/03\/volcadura-de-autobus-en-san-felipe-tejalapam-deja-29-lesionados-incluidos-menores-y-una-mujer-embarazada\/","url_meta":{"origin":36033,"position":2},"title":"Volcadura de autob\u00fas en San Felipe Tejalapam deja 29 lesionados, incluidos menores y una mujer embarazada","author":"ariadna","date":"noviembre 3, 2025","format":false,"excerpt":"#Redacci\u00f3nOaxaca #Oaxaca Jaime GUERRERO Un total de 29 personas resultaron lesionadas, entre ellas tres menores de edad y una mujer embarazada, tras la volcadura de un autob\u00fas en el paraje R\u00edo Cacho, en San Felipe Tejalapam, Etla, inform\u00f3 el titular de la Coordinaci\u00f3n Estatal de Protecci\u00f3n Civil y Gesti\u00f3n de\u2026","rel":"","context":"En &quot;Agenda Pol\u00edtica&quot;","block_context":{"text":"Agenda Pol\u00edtica","link":"https:\/\/redaccionoaxaca.com\/index.php\/category\/agenda-politica\/"},"img":{"alt_text":"","src":"https:\/\/i0.wp.com\/redaccionoaxaca.com\/wp-content\/uploads\/2025\/11\/IMG-20251103-WA0059.jpg?fit=1200%2C900&ssl=1&resize=350%2C200","width":350,"height":200,"srcset":"https:\/\/i0.wp.com\/redaccionoaxaca.com\/wp-content\/uploads\/2025\/11\/IMG-20251103-WA0059.jpg?fit=1200%2C900&ssl=1&resize=350%2C200 1x, https:\/\/i0.wp.com\/redaccionoaxaca.com\/wp-content\/uploads\/2025\/11\/IMG-20251103-WA0059.jpg?fit=1200%2C900&ssl=1&resize=525%2C300 1.5x, https:\/\/i0.wp.com\/redaccionoaxaca.com\/wp-content\/uploads\/2025\/11\/IMG-20251103-WA0059.jpg?fit=1200%2C900&ssl=1&resize=700%2C400 2x, https:\/\/i0.wp.com\/redaccionoaxaca.com\/wp-content\/uploads\/2025\/11\/IMG-20251103-WA0059.jpg?fit=1200%2C900&ssl=1&resize=1050%2C600 3x"},"classes":[]},{"id":9574,"url":"https:\/\/redaccionoaxaca.com\/index.php\/2019\/12\/11\/tras-volcadura-de-autobus-de-jornaleros-cruz-roja-recibio-a-28-pacientes-5-el-hospital-civil-2-el-imss-y-7-el-hospital-de-especialidades-un-hombre-y-una-mujer-se-encuentran-muy-graves\/","url_meta":{"origin":36033,"position":3},"title":"Tras volcadura de autob\u00fas de Jornaleros, Cruz Roja recibi\u00f3 a 28 pacientes, 5 el Hospital Civil, 2 el IMSS y 7 el Hospital de Especialidades; un hombre y una mujer se encuentran muy graves.","author":"ariadna","date":"diciembre 11, 2019","format":"video","excerpt":"#Redacci\u00f3nOaxaca #Oaxaca Maira Ric\u00e1rdez *Un hombre y una mujer, los m\u00e1s graves de los hospitalizados tras la volcadura de autobus; 16 m\u00e1s internos estables en diversos nosocomios. *Tras volcadura de autob\u00fas de Jornaleros, Cruz Roja recibi\u00f3 a 28 pacientes, 5 el Hospital Civil, 2 el IMSS y 7 el Hospital\u2026","rel":"","context":"Entrada similar ","block_context":{"text":"Entrada similar ","link":""},"img":{"alt_text":"","src":"","width":0,"height":0},"classes":[]},{"id":30994,"url":"https:\/\/redaccionoaxaca.com\/index.php\/2024\/03\/21\/victimas-de-volcadura-en-carretera-a-ixtlan-se-dedicaban-al-traslado-de-madera-dif-municipal-de-tuxtepec-los-reconoce-como-sus-habitantes\/","url_meta":{"origin":36033,"position":4},"title":"V\u00edctimas de volcadura en Carretera a Ixtl\u00e1n se dedicaban al traslado de madera, DIF Municipal de Tuxtepec los reconoce como sus habitantes","author":"ariadna","date":"marzo 21, 2024","format":false,"excerpt":"#Redacci\u00f3nOaxaca #Oaxaca Maira Ric\u00e1rdez Luna Buscan a las familias de las v\u00edctimas, les piden presentarse en el Palacio Municipal de Ixtl\u00e1n para la entrega de los cuerpos, as\u00ed tambi\u00e9n ofrecen un veh\u00edculo del Ayuntamiento de Tuxtepec para trasladar a los deudos, subrayan que es indispensable lleven documentos oficiales para poder\u2026","rel":"","context":"En &quot;Imagen&quot;","block_context":{"text":"Imagen","link":"https:\/\/redaccionoaxaca.com\/index.php\/category\/imagen\/"},"img":{"alt_text":"","src":"https:\/\/i0.wp.com\/redaccionoaxaca.com\/wp-content\/uploads\/2024\/03\/IMG-20240321-WA0049-300x226.jpg?resize=350%2C200&ssl=1","width":350,"height":200},"classes":[]},{"id":32840,"url":"https:\/\/redaccionoaxaca.com\/index.php\/2024\/08\/01\/saldo-fatal-de-4-personas-fallecidas-en-volcadura-de-autobus-que-trasladaba-a-ninas-salieron-anoche-de-tehuantepec\/","url_meta":{"origin":36033,"position":5},"title":"Saldo fatal de 4 personas fallecidas en volcadura de autob\u00fas que trasladaba a ni\u00f1as, salieron anoche de Tehuantepec","author":"ariadna","date":"agosto 1, 2024","format":false,"excerpt":"#Redacci\u00f3nOaxaca #Oaxaca Maira Ric\u00e1rdez Luna Un autob\u00fas tur\u00edstico que sali\u00f3 de Tehuantepec con direcion al Estado de M\u00e9xico, y que llevaba como pasajeras a ni\u00f1as de un internado, de nivel secundaria, volc\u00f3 en la autopista 135 kil\u00f3metro 93, de la carretera 135D Cuacnopalan-Oaxaca. La zona donde se registr\u00f3 el percance\u2026","rel":"","context":"En &quot;Imagen&quot;","block_context":{"text":"Imagen","link":"https:\/\/redaccionoaxaca.com\/index.php\/category\/imagen\/"},"img":{"alt_text":"","src":"","width":0,"height":0},"classes":[]}],"_links":{"self":[{"href":"https:\/\/redaccionoaxaca.com\/index.php\/wp-json\/wp\/v2\/posts\/36033","targetHints":{"allow":["GET"]}}],"collection":[{"href":"https:\/\/redaccionoaxaca.com\/index.php\/wp-json\/wp\/v2\/posts"}],"about":[{"href":"https:\/\/redaccionoaxaca.com\/index.php\/wp-json\/wp\/v2\/types\/post"}],"author":[{"embeddable":true,"href":"https:\/\/redaccionoaxaca.com\/index.php\/wp-json\/wp\/v2\/users\/9"}],"replies":[{"embeddable":true,"href":"https:\/\/redaccionoaxaca.com\/index.php\/wp-json\/wp\/v2\/comments?post=36033"}],"version-history":[{"count":1,"href":"https:\/\/redaccionoaxaca.com\/index.php\/wp-json\/wp\/v2\/posts\/36033\/revisions"}],"predecessor-version":[{"id":36036,"href":"https:\/\/redaccionoaxaca.com\/index.php\/wp-json\/wp\/v2\/posts\/36033\/revisions\/36036"}],"wp:attachment":[{"href":"https:\/\/redaccionoaxaca.com\/index.php\/wp-json\/wp\/v2\/media?parent=36033"}],"wp:term":[{"taxonomy":"category","embeddable":true,"href":"https:\/\/redaccionoaxaca.com\/index.php\/wp-json\/wp\/v2\/categories?post=36033"},{"taxonomy":"post_tag","embeddable":true,"href":"https:\/\/redaccionoaxaca.com\/index.php\/wp-json\/wp\/v2\/tags?post=36033"}],"curies":[{"name":"wp","href":"https:\/\/api.w.org\/{rel}","templated":true}]}}