{"id":36063,"date":"2025-03-13T16:55:54","date_gmt":"2025-03-13T22:55:54","guid":{"rendered":"https:\/\/redaccionoaxaca.com\/?p=36063"},"modified":"2025-03-13T16:55:54","modified_gmt":"2025-03-13T22:55:54","slug":"trabajo-digno-e-incluyente-para-padres-y-madres-que-tienen-a-su-cargo-hijas-e-hijos-con-discapacidad","status":"publish","type":"post","link":"https:\/\/redaccionoaxaca.com\/index.php\/2025\/03\/13\/trabajo-digno-e-incluyente-para-padres-y-madres-que-tienen-a-su-cargo-hijas-e-hijos-con-discapacidad\/","title":{"rendered":"Trabajo digno e incluyente para padres y madres que tienen a su cargo hijas e hijos con discapacidad"},"content":{"rendered":"<p><strong>#Redacci\u00f3nOaxaca<\/strong><\/p>\n<p><strong>#Oaxaca<\/strong><\/p>\n<p style=\"text-align: justify;\">* Esta propuesta de ley busca que las familias puedan equilibrar su vida laboral con el cuidado de sus hijas e hijos, sin poner en riesgo su estabilidad econ\u00f3mica<\/p>\n<p style=\"text-align: justify;\">* La iniciativa se sustenta en un enfoque de derechos humanos y el reparto equilibrado de tareas entre madres y padres<\/p>\n<p style=\"text-align: justify;\">San Raymundo Jalpan, Oax., a 13 de marzo de 2025.- Con el prop\u00f3sito de cerrar la brecha de desigualdad de g\u00e9nero, garantizando un trabajo digno y justo para quienes tienen a su cargo el cuidado de hijas e hijos con alguna discapacidad, la diputada Cecilia Olivia Cruz Merl\u00edn, present\u00f3 la iniciativa para reformar la Ley del Servicio Civil para los Empleados del Gobierno del Estado, bajo los principios de igualdad, equidad, derechos humanos e inclusi\u00f3n.<\/p>\n<p style=\"text-align: justify;\">Al reformar el p\u00e1rrafo tercero del art\u00edculo 21 del citado ordenamiento jur\u00eddico, se otorgar\u00e1 no solamente a las madres, sino tambi\u00e9n a los padres trabajadores un permiso remunerado de hasta ocho semanas, asimismo, se reconoce el derecho de ambos progenitores a solicitar la implementaci\u00f3n de horarios flexibles, o en su caso, la posibilidad de trabajar de forma remota con el fin de facilitar la atenci\u00f3n y el cuidado de sus hijas e hijos.<\/p>\n<p style=\"text-align: justify;\">Al hacer uso de la palabra, la congresista explic\u00f3 que la falta de condiciones laborales flexibles para madres y padres con infancias con discapacidad es una causa de desempleo. Y se estima que, en Oaxaca, de acuerdo con cifras del Instituto Nacional de Estad\u00edstica y Geograf\u00eda (INEGI) m\u00e1s de 50 mil ni\u00f1as y ni\u00f1os tienen alguna discapacidad, lo que hace necesario fortalecer las medidas de apoyo para las familias cuidadoras.<\/p>\n<p style=\"text-align: justify;\">Explic\u00f3 que esta iniciativa no solo conlleva un tema de flexibilidad laboral, sino de justicia social y modernizaci\u00f3n del sistema jur\u00eddico local en favor de la equidad de g\u00e9nero.<\/p>\n<p style=\"text-align: justify;\">Mencion\u00f3 que la legislaci\u00f3n vigente en el estado contempla permisos especiales para las madres trabajadoras en casos de tener a hijas e hijos con alguna discapacidad o con necesidad de atenci\u00f3n hospitalaria, pero no se contempla a los padres de familia, tampoco establece medidas adicionales que permitan la conciliaci\u00f3n entre la vida laboral y familiar, como el trabajo remoto o elegir sus horas de trabajo dentro de ciertos l\u00edmites, siempre y cuando la naturaleza de sus actividades se los permita.<\/p>\n<p style=\"text-align: justify;\">Cruz Merl\u00edn detall\u00f3 que generalmente las mam\u00e1s y pap\u00e1s que se dedican a la crianza bajo las circunstancias antes expuestas enfrentan retos espec\u00edficos pues deben combinar su empleo con los cuidados intensivos, como el acudir a citas m\u00e9dicas, terapias y brindar apoyo constante, \u201cy sin una legislaci\u00f3n en la materia que les permita acceder a horarios flexibles o trabajo remoto enfrentan la decisi\u00f3n de abandonar sus trabajos\u201d.<\/p>\n<p style=\"text-align: justify;\">En este sentido refiri\u00f3 que en el art\u00edculo 23 de la Declaraci\u00f3n Universal de los Derechos Humanos y en el art\u00edculo 7 del Pacto Internacional de Derechos Econ\u00f3micos, Sociales y Culturales, as\u00ed como, en el art\u00edculo 27 de la Convenci\u00f3n sobre los Derechos de las Personas con Discapacidad, se establece la obligaci\u00f3n de los estados a garantizar las condiciones laborales justas para quienes tienen a su cargo el cuidado de una persona con discapacidad.<\/p>\n<p style=\"text-align: justify;\">La iniciativa con Proyecto de Decreto por el que se reforma el p\u00e1rrafo Tercero del art\u00edculo 21 de la Ley del Servicio Civil para los Empleados del Gobierno del Estado fue turnada para su estudio y dictamen a la Comisi\u00f3n Permanente de Trabajo y Seguridad Social.<\/p>\n","protected":false},"excerpt":{"rendered":"<p>#Redacci\u00f3nOaxaca #Oaxaca * Esta propuesta de ley busca que las familias puedan equilibrar su vida laboral con el cuidado de sus hijas e hijos, sin poner en riesgo su estabilidad econ\u00f3mica * La iniciativa se sustenta en un enfoque de derechos humanos y el reparto equilibrado de tareas entre madres y padres San Raymundo Jalpan, [&hellip;]<\/p>\n","protected":false},"author":9,"featured_media":0,"comment_status":"open","ping_status":"open","sticky":false,"template":"","format":"standard","meta":{"jetpack_post_was_ever_published":false,"_jetpack_newsletter_access":"","_jetpack_dont_email_post_to_subs":false,"_jetpack_newsletter_tier_id":0,"_jetpack_memberships_contains_paywalled_content":false,"_jetpack_memberships_contains_paid_content":false,"footnotes":"","jetpack_publicize_message":"","jetpack_publicize_feature_enabled":true,"jetpack_social_post_already_shared":true,"jetpack_social_options":{"image_generator_settings":{"template":"highway","default_image_id":0,"font":"","enabled":false},"version":2}},"categories":[4,5,3],"tags":[],"class_list":{"0":"post-36063","1":"post","2":"type-post","3":"status-publish","4":"format-standard","6":"category-agenda-politica","7":"category-imagen","8":"category-mesa-de-redaccion"},"jetpack_publicize_connections":[],"jetpack_featured_media_url":"","jetpack_sharing_enabled":true,"jetpack_shortlink":"https:\/\/wp.me\/p9Ynjw-9nF","jetpack-related-posts":[{"id":32178,"url":"https:\/\/redaccionoaxaca.com\/index.php\/2024\/06\/13\/reabren-albergue-del-hospital-de-la-ninez-oaxaquena\/","url_meta":{"origin":36063,"position":0},"title":"Reabren albergue del Hospital de la Ni\u00f1ez Oaxaque\u00f1a","author":"ariadna","date":"junio 13, 2024","format":false,"excerpt":"#Redacci\u00f3nOaxaca #Oaxaca \u2022 Las familias de las ni\u00f1as y ni\u00f1os que reciben atenci\u00f3n m\u00e9dica pueden pernoctar en este c\u00f3modo espacio el tiempo que requieran mientras les dan de alta San Bartolo Coyotepec, Oax. 13 de junio de 2024.- Como resultado de la estrecha colaboraci\u00f3n entre el Sistema para el Desarrollo\u2026","rel":"","context":"En &quot;Imagen&quot;","block_context":{"text":"Imagen","link":"https:\/\/redaccionoaxaca.com\/index.php\/category\/imagen\/"},"img":{"alt_text":"","src":"https:\/\/i0.wp.com\/redaccionoaxaca.com\/wp-content\/uploads\/2024\/06\/IMG-20240613-WA0102-300x200.jpg?resize=350%2C200&ssl=1","width":350,"height":200},"classes":[]},{"id":29104,"url":"https:\/\/redaccionoaxaca.com\/index.php\/2023\/08\/11\/personas-con-discapacidad-merecen-un-trabajo-digno-congreso-de-oaxaca\/","url_meta":{"origin":36063,"position":1},"title":"Personas con discapacidad merecen un trabajo digno: Congreso de Oaxaca","author":"ariadna","date":"agosto 11, 2023","format":false,"excerpt":"#Redacci\u00f3nOaxaca #Oaxaca * Se aprobaron cuatro puntos de acuerdo como de urgente y obvia resoluci\u00f3n San Raymundo Jalpan, Oax. 10 de agosto de 2023.- Con una iniciativa presentada por la diputada Leticia Collado Soto, el Pleno Parlamentario aprob\u00f3 el decreto por el cual se reforma la Ley de los Derechos\u2026","rel":"","context":"En &quot;Imagen&quot;","block_context":{"text":"Imagen","link":"https:\/\/redaccionoaxaca.com\/index.php\/category\/imagen\/"},"img":{"alt_text":"","src":"https:\/\/i0.wp.com\/redaccionoaxaca.com\/wp-content\/uploads\/2023\/08\/RESUMEN-DE-LA-SESION-300x169.jpeg?resize=350%2C200&ssl=1","width":350,"height":200},"classes":[]},{"id":39541,"url":"https:\/\/redaccionoaxaca.com\/index.php\/2025\/12\/18\/congreso-de-oaxaca-endurece-medidas-contra-deudores-alimentarios-aprueba-perdida-de-patria-potestad-tras-60-dias-de-incumplimiento\/","url_meta":{"origin":36063,"position":2},"title":"Congreso de Oaxaca endurece medidas contra deudores alimentarios; aprueba p\u00e9rdida de patria potestad tras 60 d\u00edas de incumplimiento","author":"ariadna","date":"diciembre 18, 2025","format":false,"excerpt":"#Redacci\u00f3nOaxaca #Oaxaca Jaime GUERRERO El Congreso de Oaxaca aprob\u00f3 una reforma al C\u00f3digo Familiar para establecer la p\u00e9rdida de la patria potestad y la custodia de hijas e hijos a madres o padres que incumplan total o parcialmente con la obligaci\u00f3n alimentaria por un periodo mayor a 60 d\u00edas, sin\u2026","rel":"","context":"En &quot;Agenda Pol\u00edtica&quot;","block_context":{"text":"Agenda Pol\u00edtica","link":"https:\/\/redaccionoaxaca.com\/index.php\/category\/agenda-politica\/"},"img":{"alt_text":"","src":"https:\/\/i0.wp.com\/redaccionoaxaca.com\/wp-content\/uploads\/2025\/12\/1-3.jpeg?fit=1000%2C600&ssl=1&resize=350%2C200","width":350,"height":200,"srcset":"https:\/\/i0.wp.com\/redaccionoaxaca.com\/wp-content\/uploads\/2025\/12\/1-3.jpeg?fit=1000%2C600&ssl=1&resize=350%2C200 1x, https:\/\/i0.wp.com\/redaccionoaxaca.com\/wp-content\/uploads\/2025\/12\/1-3.jpeg?fit=1000%2C600&ssl=1&resize=525%2C300 1.5x, https:\/\/i0.wp.com\/redaccionoaxaca.com\/wp-content\/uploads\/2025\/12\/1-3.jpeg?fit=1000%2C600&ssl=1&resize=700%2C400 2x"},"classes":[]},{"id":21643,"url":"https:\/\/redaccionoaxaca.com\/index.php\/2021\/10\/14\/con-quema-de-sentencias-y-pene-de-carton-activistas-y-madres-de-familia-clausuran-juzgados-familiares-de-oaxaca\/","url_meta":{"origin":36063,"position":3},"title":"Con quema de sentencias y pene de cart\u00f3n, activistas   y madres de familia \u201cclausuran\u201d juzgados familiares de Oaxaca.","author":"ariadna","date":"octubre 14, 2021","format":false,"excerpt":"#Redacci\u00f3nOaxaca #Oaxaca Jaime GUERRERO Con quema de expedientes y un pene de cart\u00f3n -denominada \u201cjusticia f\u00e1lica\u201d-, madres y activistas que luchan por la pensi\u00f3n alimenticia de sus hijas e hijos, una clausuraron simb\u00f3licamente los juzgados familiares del Tribunal Superior de Justicia del Estado. Con el acto simb\u00f3lico que, forma parte\u2026","rel":"","context":"En &quot;Mesa de Redacci\u00f3n&quot;","block_context":{"text":"Mesa de Redacci\u00f3n","link":"https:\/\/redaccionoaxaca.com\/index.php\/category\/mesa-de-redaccion\/"},"img":{"alt_text":"","src":"https:\/\/i0.wp.com\/redaccionoaxaca.com\/wp-content\/uploads\/2021\/10\/IMG-20211014-WA0064-300x169.jpg?resize=350%2C200&ssl=1","width":350,"height":200},"classes":[]},{"id":36785,"url":"https:\/\/redaccionoaxaca.com\/index.php\/2025\/05\/11\/desde-el-congreso-local-se-busca-legislar-por-una-paternidad-responsable-en-beneficio-de-la-ninez-y-juventud-oaxaquena\/","url_meta":{"origin":36063,"position":4},"title":"Desde el Congreso local se busca legislar por una paternidad responsable en beneficio de la ni\u00f1ez y juventud oaxaque\u00f1a","author":"ariadna","date":"mayo 11, 2025","format":false,"excerpt":"#Redacci\u00f3nOaxaca #Oaxaca * La iniciativa plantea reformar la Ley Estatal de Fomento del Derecho de Ni\u00f1as, Ni\u00f1os y Adolescentes a una Paternidad Responsable * M\u00e1s all\u00e1 de la obligaci\u00f3n econ\u00f3mica los padres deben participar equitativamente en la crianza, educaci\u00f3n y sustento de hijas e hijos San Raymundo Jalpan, Oax., a\u2026","rel":"","context":"En &quot;Agenda Pol\u00edtica&quot;","block_context":{"text":"Agenda Pol\u00edtica","link":"https:\/\/redaccionoaxaca.com\/index.php\/category\/agenda-politica\/"},"img":{"alt_text":"","src":"","width":0,"height":0},"classes":[]},{"id":28870,"url":"https:\/\/redaccionoaxaca.com\/index.php\/2023\/05\/10\/dia-de-las-madres-al-menos-2-mil-oaxaquenas-reclaman-pago-de-pension-alimenticia-para-sus-hijos-e-hijas\/","url_meta":{"origin":36063,"position":5},"title":"D\u00eda de las madres: Al menos 2 mil oaxaque\u00f1as reclaman pago de pensi\u00f3n alimenticia para sus hijos e hijas","author":"ariadna","date":"mayo 10, 2023","format":false,"excerpt":"#Redacci\u00f3nOaxaca #Oaxaca Jaime GUERRERO La diputada de morena e impulsora de la \u201cLey 3 de 3 contra la violencia de g\u00e9nero\u201d en Oaxaca, Concepci\u00f3n Rueda G\u00f3me, convoc\u00f3 a celebrar el d\u00eda de las madres sin romantizar la fecha, debido a que, dijo, m\u00e1s de 2 mil oaxaque\u00f1as han emprendido una\u2026","rel":"","context":"En &quot;Imagen&quot;","block_context":{"text":"Imagen","link":"https:\/\/redaccionoaxaca.com\/index.php\/category\/imagen\/"},"img":{"alt_text":"","src":"","width":0,"height":0},"classes":[]}],"_links":{"self":[{"href":"https:\/\/redaccionoaxaca.com\/index.php\/wp-json\/wp\/v2\/posts\/36063","targetHints":{"allow":["GET"]}}],"collection":[{"href":"https:\/\/redaccionoaxaca.com\/index.php\/wp-json\/wp\/v2\/posts"}],"about":[{"href":"https:\/\/redaccionoaxaca.com\/index.php\/wp-json\/wp\/v2\/types\/post"}],"author":[{"embeddable":true,"href":"https:\/\/redaccionoaxaca.com\/index.php\/wp-json\/wp\/v2\/users\/9"}],"replies":[{"embeddable":true,"href":"https:\/\/redaccionoaxaca.com\/index.php\/wp-json\/wp\/v2\/comments?post=36063"}],"version-history":[{"count":1,"href":"https:\/\/redaccionoaxaca.com\/index.php\/wp-json\/wp\/v2\/posts\/36063\/revisions"}],"predecessor-version":[{"id":36065,"href":"https:\/\/redaccionoaxaca.com\/index.php\/wp-json\/wp\/v2\/posts\/36063\/revisions\/36065"}],"wp:attachment":[{"href":"https:\/\/redaccionoaxaca.com\/index.php\/wp-json\/wp\/v2\/media?parent=36063"}],"wp:term":[{"taxonomy":"category","embeddable":true,"href":"https:\/\/redaccionoaxaca.com\/index.php\/wp-json\/wp\/v2\/categories?post=36063"},{"taxonomy":"post_tag","embeddable":true,"href":"https:\/\/redaccionoaxaca.com\/index.php\/wp-json\/wp\/v2\/tags?post=36063"}],"curies":[{"name":"wp","href":"https:\/\/api.w.org\/{rel}","templated":true}]}}