{"id":36066,"date":"2025-03-13T18:48:14","date_gmt":"2025-03-14T00:48:14","guid":{"rendered":"https:\/\/redaccionoaxaca.com\/?p=36066"},"modified":"2025-03-13T18:48:14","modified_gmt":"2025-03-14T00:48:14","slug":"gobiernos-de-mexico-y-oaxaca-atienden-a-victimas-y-familiares-del-accidente-en-la-autopista-mitla-tehuantepec","status":"publish","type":"post","link":"https:\/\/redaccionoaxaca.com\/index.php\/2025\/03\/13\/gobiernos-de-mexico-y-oaxaca-atienden-a-victimas-y-familiares-del-accidente-en-la-autopista-mitla-tehuantepec\/","title":{"rendered":"Gobiernos de M\u00e9xico y Oaxaca atienden a v\u00edctimas y familiares del accidente en la autopista Mitla-Tehuantepec"},"content":{"rendered":"<p><strong>#Redacci\u00f3nOaxaca<\/strong><\/p>\n<p><strong>#Oaxaca<\/strong><\/p>\n<p style=\"text-align: justify;\">\u2022 A trav\u00e9s de la FGEO se mantiene comunicaci\u00f3n con la empresa aseguradora para cubrir todos los gastos de las personas involucradas<\/p>\n<p style=\"text-align: justify;\">Oaxaca de Ju\u00e1rez, Oax. 13 de marzo de 2025.- El titular de la Secretar\u00eda de Gobierno (Sego), Jes\u00fas Romero L\u00f3pez inform\u00f3 que por instrucciones de la Presidenta Claudia Sheinbaum Pardo y del Gobernador Salom\u00f3n Jara Cruz, se atiende y acompa\u00f1a a cada uno de los familiares de las personas que permanecen hospitalizadas y de las v\u00edctimas de la volcadura del autob\u00fas, registrada en la autopista Mitla-Tehuantepec.<\/p>\n<p style=\"text-align: justify;\">Durante su intervenci\u00f3n en la conferencia de prensa del Gabinete de Seguridad, el funcionario precis\u00f3 que los gobiernos Federal y Estatal han seguido de manera puntual la atenci\u00f3n que reciben las y los pobladores de la Heroica Ciudad de Juchit\u00e1n de Zaragoza que permanecen hospitalizados.<\/p>\n<p style=\"text-align: justify;\">&#8220;El acompa\u00f1amiento es para los familiares que est\u00e1n pendientes de sus pacientes. Quienes lamentablemente perdieron la vida de un ser querido tendr\u00e1n todo el apoyo jur\u00eddico, econ\u00f3mico y psicol\u00f3gico por parte de la federaci\u00f3n y del Gobierno de Oaxaca&#8221;, subray\u00f3.<\/p>\n<p style=\"text-align: justify;\">Record\u00f3 que, en coordinaci\u00f3n con la Fiscal\u00eda General del Estado de Oaxaca (FGEO) se mantiene comunicaci\u00f3n con la empresa aseguradora para cubrir todos los gastos de las personas involucradas en el accidente.<\/p>\n<p style=\"text-align: justify;\">&#8220;Nuestra solidaridad para todas las v\u00edctimas en donde fallecieron amigas y amigos nuestros, conocidos y militantes del movimiento&#8221;, afirm\u00f3.<\/p>\n<p style=\"text-align: justify;\">Romero L\u00f3pez lament\u00f3 que se haya calificado como &#8220;acarreados&#8221; a los que participaron en la asamblea informativa encabezada por la Presidenta el pasado domingo en la Ciudad de M\u00e9xico, al sostener que ninguna de las personas que asistieron fueron obligadas o recibieron un pago, ya que acudieron con la convicci\u00f3n de acompa\u00f1ar a la titular del Poder Ejecutivo Federal<\/p>\n","protected":false},"excerpt":{"rendered":"<p>#Redacci\u00f3nOaxaca #Oaxaca \u2022 A trav\u00e9s de la FGEO se mantiene comunicaci\u00f3n con la empresa aseguradora para cubrir todos los gastos de las personas involucradas Oaxaca de Ju\u00e1rez, Oax. 13 de marzo de 2025.- El titular de la Secretar\u00eda de Gobierno (Sego), Jes\u00fas Romero L\u00f3pez inform\u00f3 que por instrucciones de la Presidenta Claudia Sheinbaum Pardo y [&hellip;]<\/p>\n","protected":false},"author":9,"featured_media":0,"comment_status":"open","ping_status":"open","sticky":false,"template":"","format":"standard","meta":{"jetpack_post_was_ever_published":false,"_jetpack_newsletter_access":"","_jetpack_dont_email_post_to_subs":false,"_jetpack_newsletter_tier_id":0,"_jetpack_memberships_contains_paywalled_content":false,"_jetpack_memberships_contains_paid_content":false,"footnotes":"","jetpack_publicize_message":"","jetpack_publicize_feature_enabled":true,"jetpack_social_post_already_shared":true,"jetpack_social_options":{"image_generator_settings":{"template":"highway","default_image_id":0,"font":"","enabled":false},"version":2}},"categories":[4,7,5],"tags":[],"class_list":{"0":"post-36066","1":"post","2":"type-post","3":"status-publish","4":"format-standard","6":"category-agenda-politica","7":"category-al-cierre","8":"category-imagen"},"jetpack_publicize_connections":[],"jetpack_featured_media_url":"","jetpack_sharing_enabled":true,"jetpack_shortlink":"https:\/\/wp.me\/p9Ynjw-9nI","jetpack-related-posts":[{"id":36030,"url":"https:\/\/redaccionoaxaca.com\/index.php\/2025\/03\/11\/diputados-piden-no-politizar-muerte-de-18-oaxaquenos-que-acudieron-a-mitin-de-morena-en-la-cdmx-proponen-dar-apoyos-economicos\/","url_meta":{"origin":36066,"position":0},"title":"Diputados piden no politizar muerte de 18 oaxaque\u00f1os que acudieron a mitin de Morena en la CDMX; proponen dar \u201capoyos econ\u00f3micos\u201d","author":"ariadna","date":"marzo 11, 2025","format":false,"excerpt":"#Redacci\u00f3nOaxaca #Oaxaca Jaime GUERRERO Diputados de la LXVI Legislatura del Congreso del Estado, pidieron no politizar el caso del accidente en la carretera Mitla Tehuantepec, donde fallecieron -hasta el momento- 18 personas, quienes proven\u00edan de la Ciudad de M\u00e9xico, tras participar en un mitin, convocado por la Presidenta, Claudia Sheinbaum\u2026","rel":"","context":"En &quot;Agenda Pol\u00edtica&quot;","block_context":{"text":"Agenda Pol\u00edtica","link":"https:\/\/redaccionoaxaca.com\/index.php\/category\/agenda-politica\/"},"img":{"alt_text":"","src":"","width":0,"height":0},"classes":[]},{"id":36080,"url":"https:\/\/redaccionoaxaca.com\/index.php\/2025\/03\/14\/peritajes-confirman-conductor-perdio-el-control-en-tragico-accidente-de-la-mitla-tehuantepec\/","url_meta":{"origin":36066,"position":1},"title":"Peritajes confirman: conductor perdi\u00f3 el control en tr\u00e1gico accidente de la Mitla-Tehuantepec","author":"ariadna","date":"marzo 14, 2025","format":false,"excerpt":"#Redacci\u00f3nOaxaca #Oaxaca * Estudios periciales establecen que accidente en la carretera Mitla-Tehuantepec, ocurri\u00f3 porque conductor perdi\u00f3 el control del autob\u00fas Oaxaca de Ju\u00e1rez, Oax., 13 de marzo de 2025.- Derivado de los trabajos periciales realizados por especialistas de la Fiscal\u00eda General del Estado de Oaxaca se logr\u00f3 establecer la causa\u2026","rel":"","context":"En &quot;Imagen&quot;","block_context":{"text":"Imagen","link":"https:\/\/redaccionoaxaca.com\/index.php\/category\/imagen\/"},"img":{"alt_text":"","src":"","width":0,"height":0},"classes":[]},{"id":29461,"url":"https:\/\/redaccionoaxaca.com\/index.php\/2023\/10\/05\/oaxaquenos-no-pagaran-por-usar-autopista-a-puerto-escondido-sera-inaugurada-en-noviembre-mitla-tehuantepec-en-2024-amlo\/","url_meta":{"origin":36066,"position":2},"title":"Oaxaque\u00f1os no pagar\u00e1n por usar autopista a Puerto Escondido;  ser\u00e1 inaugurada en noviembre; Mitla-Tehuantepec en 2024: AMLO","author":"ariadna","date":"octubre 5, 2023","format":false,"excerpt":"#Redacci\u00f3nOaxaca #Oaxaca Jaime GUERRERO Luego de dos sexenios de trabajos fallidos, por fin, el pr\u00f3ximo mes de noviembre, ser\u00e1 inaugurada la autopista Oaxaca \u2013 Puerto Escondido que, adem\u00e1s de generar impacto econ\u00f3mico, social y tur\u00edstico, los y las oaxaque\u00f1os, no pagaran por el uso de esa autopista concesionada que, estar\u00e1\u2026","rel":"","context":"En &quot;Agenda Pol\u00edtica&quot;","block_context":{"text":"Agenda Pol\u00edtica","link":"https:\/\/redaccionoaxaca.com\/index.php\/category\/agenda-politica\/"},"img":{"alt_text":"","src":"","width":0,"height":0},"classes":[]},{"id":32154,"url":"https:\/\/redaccionoaxaca.com\/index.php\/2024\/06\/12\/comuneros-desplazados-amagan-con-suspender-construccion-de-autopista-mitla-tehuantepec\/","url_meta":{"origin":36066,"position":3},"title":"Comuneros desplazados amagan con suspender construcci\u00f3n de  autopista Mitla-Tehuantepec","author":"ariadna","date":"junio 12, 2024","format":false,"excerpt":"#Redacci\u00f3nOaxaca #Oaxaca Ariadna Mendoza Como un acto de protesta, los comuneros desplazados de Guadalupe Victoria, respaldados por sus pares de San Juan Juquila Mixes, Oaxaca, han decidido suspender las labores de construcci\u00f3n de la autopista Mitla-Tehuantepec. La raz\u00f3n: el incumplimiento gubernamental a la minuta de acuerdo establecida el pasado 6\u2026","rel":"","context":"En &quot;Agenda Pol\u00edtica&quot;","block_context":{"text":"Agenda Pol\u00edtica","link":"https:\/\/redaccionoaxaca.com\/index.php\/category\/agenda-politica\/"},"img":{"alt_text":"","src":"https:\/\/i0.wp.com\/redaccionoaxaca.com\/wp-content\/uploads\/2024\/06\/IMG-20240612-WA0019-300x169.jpg?resize=350%2C200&ssl=1","width":350,"height":200},"classes":[]},{"id":36019,"url":"https:\/\/redaccionoaxaca.com\/index.php\/2025\/03\/10\/en-volcadura-mueren-11-oaxaquenos-que-regresaban-del-mitin-de-morena-en-la-cdmx\/","url_meta":{"origin":36066,"position":4},"title":"En volcadura mueren 11 oaxaque\u00f1os que regresaban del mitin de Morena en la CDMX","author":"ariadna","date":"marzo 10, 2025","format":false,"excerpt":"#Redacci\u00f3nOaxaca #Oaxaca Jaime GUERRERO Once muertos y 29 lesionados es el saldo preliminar que dej\u00f3 la ca\u00edda de un autob\u00fas de transporte p\u00fablico a un barranco, en la supercarretera Oaxaca-Istmo a la altura de Santo Domingo Narro, confirm\u00f3 el Secretario de Gobierno, Jes\u00fas Romero L\u00f3pez. Las personas que viajaban en\u2026","rel":"","context":"En &quot;Imagen&quot;","block_context":{"text":"Imagen","link":"https:\/\/redaccionoaxaca.com\/index.php\/category\/imagen\/"},"img":{"alt_text":"","src":"https:\/\/i0.wp.com\/redaccionoaxaca.com\/wp-content\/uploads\/2025\/03\/IMG-20250310-WA0174-169x300.jpg?resize=350%2C200&ssl=1","width":350,"height":200},"classes":[]},{"id":36033,"url":"https:\/\/redaccionoaxaca.com\/index.php\/2025\/03\/11\/victimas-de-volcadura-en-oaxaca-no-eran-acarreados-gobernador\/","url_meta":{"origin":36066,"position":5},"title":"V\u00edctimas de volcadura en Oaxaca no eran \u201cacarreados\u201d: Gobernador","author":"ariadna","date":"marzo 11, 2025","format":false,"excerpt":"#Redacci\u00f3nOaxaca #Oaxaca Jaime GUERRERO El Gobierno de Oaxaca confirm\u00f3 el fallecimiento de 18 personas as\u00ed como ocho hospitalizadas, debido a la volcadura de un cami\u00f3n en la autopista Mitla-Tehuantepec que, transportaba a militantes y simpatizantes de Morena que, proven\u00edan de la Ciudad de M\u00e9xico, tras asistir a un mitin de\u2026","rel":"","context":"En &quot;Imagen&quot;","block_context":{"text":"Imagen","link":"https:\/\/redaccionoaxaca.com\/index.php\/category\/imagen\/"},"img":{"alt_text":"","src":"","width":0,"height":0},"classes":[]}],"_links":{"self":[{"href":"https:\/\/redaccionoaxaca.com\/index.php\/wp-json\/wp\/v2\/posts\/36066","targetHints":{"allow":["GET"]}}],"collection":[{"href":"https:\/\/redaccionoaxaca.com\/index.php\/wp-json\/wp\/v2\/posts"}],"about":[{"href":"https:\/\/redaccionoaxaca.com\/index.php\/wp-json\/wp\/v2\/types\/post"}],"author":[{"embeddable":true,"href":"https:\/\/redaccionoaxaca.com\/index.php\/wp-json\/wp\/v2\/users\/9"}],"replies":[{"embeddable":true,"href":"https:\/\/redaccionoaxaca.com\/index.php\/wp-json\/wp\/v2\/comments?post=36066"}],"version-history":[{"count":1,"href":"https:\/\/redaccionoaxaca.com\/index.php\/wp-json\/wp\/v2\/posts\/36066\/revisions"}],"predecessor-version":[{"id":36068,"href":"https:\/\/redaccionoaxaca.com\/index.php\/wp-json\/wp\/v2\/posts\/36066\/revisions\/36068"}],"wp:attachment":[{"href":"https:\/\/redaccionoaxaca.com\/index.php\/wp-json\/wp\/v2\/media?parent=36066"}],"wp:term":[{"taxonomy":"category","embeddable":true,"href":"https:\/\/redaccionoaxaca.com\/index.php\/wp-json\/wp\/v2\/categories?post=36066"},{"taxonomy":"post_tag","embeddable":true,"href":"https:\/\/redaccionoaxaca.com\/index.php\/wp-json\/wp\/v2\/tags?post=36066"}],"curies":[{"name":"wp","href":"https:\/\/api.w.org\/{rel}","templated":true}]}}