{"id":36092,"date":"2025-03-15T11:26:13","date_gmt":"2025-03-15T17:26:13","guid":{"rendered":"https:\/\/redaccionoaxaca.com\/?p=36092"},"modified":"2025-03-15T11:26:51","modified_gmt":"2025-03-15T17:26:51","slug":"se-revisara-que-corporacion-opere-bajo-altos-estandares-de-legalidad-y-eficacia-presidente-de-huatulco-tras-desarme-de-policia-municipal","status":"publish","type":"post","link":"https:\/\/redaccionoaxaca.com\/index.php\/2025\/03\/15\/se-revisara-que-corporacion-opere-bajo-altos-estandares-de-legalidad-y-eficacia-presidente-de-huatulco-tras-desarme-de-policia-municipal\/","title":{"rendered":"Se revisar\u00e1 que corporaci\u00f3n opere bajo altos est\u00e1ndares de legalidad y eficacia: Presidente de Huatulco, tras desarme de Polic\u00eda Municipal"},"content":{"rendered":"<p><strong>#Redacci\u00f3nOaxaca<\/strong><\/p>\n<p><strong>#Oaxaca<\/strong><\/p>\n<p><strong>Jaime GUERRERO<\/strong><\/p>\n<p style=\"text-align: justify;\">Luego de que, elementos de la Fiscal\u00eda, la Secretar\u00eda de la Defensa Nacional (DEFENSA), Secretar\u00eda de Marina, Guardia Nacional y la Polic\u00eda Estatal, realizaron un operativo de desarme a todos los polic\u00edas municipales de Santa Cruz Huatulco, Julio C\u00e1rdenas, el Presidente Municipal, inform\u00f3 que se revisar\u00e1 que la corporaci\u00f3n opere bajo los m\u00e1s altos est\u00e1ndares de legalidad y eficacia.<\/p>\n<p><img data-recalc-dims=\"1\" loading=\"lazy\" decoding=\"async\" class=\"alignnone size-medium wp-image-36093\" src=\"https:\/\/i0.wp.com\/redaccionoaxaca.com\/wp-content\/uploads\/2025\/03\/IMG-20250314-WA0349-300x232.jpg?resize=300%2C232&#038;ssl=1\" alt=\"\" width=\"300\" height=\"232\" \/> <img data-recalc-dims=\"1\" loading=\"lazy\" decoding=\"async\" class=\"alignnone size-medium wp-image-36094\" src=\"https:\/\/i0.wp.com\/redaccionoaxaca.com\/wp-content\/uploads\/2025\/03\/IMG-20250314-WA0353-300x225.jpg?resize=300%2C225&#038;ssl=1\" alt=\"\" width=\"300\" height=\"225\" \/> <img data-recalc-dims=\"1\" loading=\"lazy\" decoding=\"async\" class=\"alignnone size-medium wp-image-36095\" src=\"https:\/\/i0.wp.com\/redaccionoaxaca.com\/wp-content\/uploads\/2025\/03\/IMG-20250314-WA0354-300x251.jpg?resize=300%2C251&#038;ssl=1\" alt=\"\" width=\"300\" height=\"251\" \/><\/p>\n<p style=\"text-align: justify;\">En un pronunciamiento p\u00fablico, en relaci\u00f3n con los recientes acontecimientos en materia de seguridad del municipio, asegur\u00f3 que, en la administraci\u00f3n municipal que preside, la transparencia y la cooperaci\u00f3n con los tres niveles de gobierno son fundamentales para garantizar la tranquilidad de la ciudadan\u00eda.<\/p>\n<p style=\"text-align: justify;\">\u201cPor ello, trabajamos de manera coordinada con el Gobierno del Estado, a trav\u00e9s de la Secretar\u00eda de Seguridad P\u00fablica y la Fiscal\u00eda General, as\u00ed como con el Gobierno Federal, mediante la Secretar\u00eda de Marina y la Secretar\u00eda de la Defensa Nacional, reafirmando nuestro compromiso con la seguridad de la poblaci\u00f3n\u201d, plasm\u00f3.<\/p>\n<p style=\"text-align: justify;\">El alcalde, pidi\u00f3 comprender que la colaboraci\u00f3n con las estrategias implementadas por la Presidenta de la Rep\u00fablica, Claudia Sheinbaum Pardo y el Gobernador del Estado, Salom\u00f3n Jara Cruz, est\u00e1 encaminada a fortalecer la seguridad no solo de nuestro municipio, sino tambi\u00e9n de la entidad y del pa\u00eds.<\/p>\n<p style=\"text-align: justify;\">Es por ello que, de manera incondicional y transparente, hemos cooperado y seguiremos haci\u00e9ndolo con todas las autoridades correspondientes, prometi\u00f3.<\/p>\n<p style=\"text-align: justify;\">Julio C\u00e1rdenas, explic\u00f3 que, c\u00f3mo parte de ese compromiso, mantienen revisiones peri\u00f3dicas de la Polic\u00eda Municipal, asegurando que la corporaci\u00f3n opere bajo los m\u00e1s altos est\u00e1ndares de legalidad y eficacia.<\/p>\n<p style=\"text-align: justify;\">\u201cEsto es clave para garantizar el estado de derecho y la seguridad tanto de nuestros ciudadanos como de los turistas nacionales e internacionales que visitan Huatulco, uno de los destinos m\u00e1s importantes del pa\u00eds\u201d, expuso.<\/p>\n<p style=\"text-align: justify;\">Reafirm\u00f3 su compromiso de fortalecer los protocolos de seguridad, fomentar la transparencia en las acciones y seguir construyendo puentes de colaboraci\u00f3n con el Gobierno del Estado y las instancias correspondientes en cualquier investigaci\u00f3n que se realice.<\/p>\n<p style=\"text-align: justify;\">De acuerdo al presidente municipal, en Huatulco, trabajan con responsabilidad y con la firme convicci\u00f3n de que juntos construir\u00e1n un municipio m\u00e1s seguro para todas y todos.<\/p>\n<p style=\"text-align: justify;\">El d\u00eda de ayer, elementos de la Fiscal\u00eda General del Estado de Oaxaca (FGEO), la Secretar\u00eda de la Defensa Nacional (DEFENSA), Secretar\u00eda de Marina, Guardia Nacional y la Polic\u00eda Estatal, realizaron un operativo conjunto en el que desarmaron a todos los polic\u00edas municipales de Santa Cruz Huatulco, mientras que las armas (cortas y largas) y elementos bal\u00edsticos quedaron bajo resguardo para desahogar los actos de investigaci\u00f3n correspondientes.<\/p>\n<p style=\"text-align: justify;\">Lo anterior por la confirmaci\u00f3n del hallazgo sin vida de cinco personas originarias de Tlaxcala, quienes estaban reportados como desaparecidos en la regi\u00f3n de la zona de la costa de Oaxaca.<\/p>\n<p style=\"text-align: justify;\">En un comunicado, la fiscal\u00eda inform\u00f3 que \u00e9l despliegue coordinado entre organismos estatales y corporaciones federales se efectu\u00f3 para ejecutar dos \u00f3rdenes de cateo concedidas por el Juez de Control, llevados a cabo en diferentes puntos de Santa Cruz Huatulco.<\/p>\n<p style=\"text-align: justify;\">El operativo principal se realiz\u00f3 en las instalaciones de la comandancia de la polic\u00eda municipal de Santa Cruz Huatulco, donde fueron asegurados diferentes documentos de dicha corporaci\u00f3n, relacionados con el hecho que se investiga, adem\u00e1s que se llevaron a cabo entrevistas con elementos municipales, como parte de las labores ministeriales de la FGEO.<\/p>\n<p style=\"text-align: justify;\">Adem\u00e1s, en coordinaci\u00f3n con la Secretar\u00eda de Marina, \u00a0DEFENSA y la Polic\u00eda Estatal, la Fiscal\u00eda de Oaxaca realiz\u00f3 el desarme de todos los polic\u00edas municipales de Santa Cruz Huatulco, mientras que las armas (cortas y largas) y elementos bal\u00edsticos quedaron bajo resguardo para desahogar los actos de investigaci\u00f3n correspondientes.<\/p>\n<p style=\"text-align: justify;\">En tanto que, los trabajos de colaboraci\u00f3n entre la FGEO, la Fiscal\u00eda de Puebla y la Fiscal\u00eda de Tlaxcala, permitieron establecer el paradero de tres personas reportadas como desaparecidas en la Costa de Oaxaca.<\/p>\n<p style=\"text-align: justify;\">Se trata de A. L. P. G. (mujer) vista por \u00faltima vez el 27 de febrero de 2025, en Santa Mar\u00eda Huatulco, as\u00ed como R. E. G. L. (hombre) y N. Y. L. M. (mujer), vistos por \u00faltima vez el 28 de febrero de 2025, en la playa de Zipolite, en San Pedro Pochutla.<\/p>\n<p style=\"text-align: justify;\">En tanto que las otras dos v\u00edctimas por las cuales tambi\u00e9n se realizan los trabajos de investigaci\u00f3n, son J. A. M. C. y G. G. C. V., de quienes se contaba con un reporte por su no localizaci\u00f3n ante la Comisi\u00f3n Estatal de B\u00fasqueda de Personas de Oaxaca.<\/p>\n<p style=\"text-align: justify;\">Las v\u00edctimas fueron encontradas sin vida entre los cuerpos localizados el 2 de marzo de 2025, al interior de un autom\u00f3vil abandonado en un paraje ubicado a un costado de la autopista Cuacnopalan-Oaxaca en el municipio de San Jos\u00e9 Miahuatl\u00e1n en Puebla, a unos metros del Puente Calapa.<\/p>\n","protected":false},"excerpt":{"rendered":"<p>#Redacci\u00f3nOaxaca #Oaxaca Jaime GUERRERO Luego de que, elementos de la Fiscal\u00eda, la Secretar\u00eda de la Defensa Nacional (DEFENSA), Secretar\u00eda de Marina, Guardia Nacional y la Polic\u00eda Estatal, realizaron un operativo de desarme a todos los polic\u00edas municipales de Santa Cruz Huatulco, Julio C\u00e1rdenas, el Presidente Municipal, inform\u00f3 que se revisar\u00e1 que la corporaci\u00f3n opere bajo [&hellip;]<\/p>\n","protected":false},"author":9,"featured_media":0,"comment_status":"open","ping_status":"open","sticky":false,"template":"","format":"standard","meta":{"jetpack_post_was_ever_published":false,"_jetpack_newsletter_access":"","_jetpack_dont_email_post_to_subs":false,"_jetpack_newsletter_tier_id":0,"_jetpack_memberships_contains_paywalled_content":false,"_jetpack_memberships_contains_paid_content":false,"footnotes":"","jetpack_publicize_message":"","jetpack_publicize_feature_enabled":true,"jetpack_social_post_already_shared":true,"jetpack_social_options":{"image_generator_settings":{"template":"highway","default_image_id":0,"font":"","enabled":false},"version":2}},"categories":[5,3,6],"tags":[],"class_list":{"0":"post-36092","1":"post","2":"type-post","3":"status-publish","4":"format-standard","6":"category-imagen","7":"category-mesa-de-redaccion","8":"category-tendencias"},"jetpack_publicize_connections":[],"jetpack_featured_media_url":"","jetpack_sharing_enabled":true,"jetpack_shortlink":"https:\/\/wp.me\/p9Ynjw-9o8","jetpack-related-posts":[{"id":41706,"url":"https:\/\/redaccionoaxaca.com\/index.php\/2026\/04\/22\/ray-chagoya-participa-en-el-arranque-del-programa-si-al-desarme-si-a-la-paz\/","url_meta":{"origin":36092,"position":0},"title":"Ray Chagoya participa en el arranque del programa \u201cS\u00ed al Desarme, S\u00ed a la Paz\u201d","author":"ariadna","date":"abril 22, 2026","format":false,"excerpt":"#Redacci\u00f3nOaxaca #Oaxaca El presidente municipal Ray Chagoya particip\u00f3 en el arranque del programa \u201cS\u00ed al Desarme, S\u00ed a la Paz\u201d, como parte del eje de Atenci\u00f3n a las Causas de la Estrategia Nacional de Seguridad. A trav\u00e9s de esta iniciativa, las vecinas y vecinos de la capital podr\u00e1n entregar, de\u2026","rel":"","context":"En &quot;Agenda Pol\u00edtica&quot;","block_context":{"text":"Agenda Pol\u00edtica","link":"https:\/\/redaccionoaxaca.com\/index.php\/category\/agenda-politica\/"},"img":{"alt_text":"","src":"https:\/\/i0.wp.com\/redaccionoaxaca.com\/wp-content\/uploads\/2026\/04\/IMG-20260422-WA0130.jpg?fit=1200%2C803&ssl=1&resize=350%2C200","width":350,"height":200,"srcset":"https:\/\/i0.wp.com\/redaccionoaxaca.com\/wp-content\/uploads\/2026\/04\/IMG-20260422-WA0130.jpg?fit=1200%2C803&ssl=1&resize=350%2C200 1x, https:\/\/i0.wp.com\/redaccionoaxaca.com\/wp-content\/uploads\/2026\/04\/IMG-20260422-WA0130.jpg?fit=1200%2C803&ssl=1&resize=525%2C300 1.5x, https:\/\/i0.wp.com\/redaccionoaxaca.com\/wp-content\/uploads\/2026\/04\/IMG-20260422-WA0130.jpg?fit=1200%2C803&ssl=1&resize=700%2C400 2x, https:\/\/i0.wp.com\/redaccionoaxaca.com\/wp-content\/uploads\/2026\/04\/IMG-20260422-WA0130.jpg?fit=1200%2C803&ssl=1&resize=1050%2C600 3x"},"classes":[]},{"id":36136,"url":"https:\/\/redaccionoaxaca.com\/index.php\/2025\/03\/18\/sedena-marina-gn-policia-estatal-y-fiscalia-asumen-vigilancia-en-huatulco-oaxaca\/","url_meta":{"origin":36092,"position":1},"title":"Sedena, Marina, GN, Polic\u00eda Estatal y Fiscal\u00eda asumen vigilancia en Huatulco, Oaxaca","author":"ariadna","date":"marzo 18, 2025","format":false,"excerpt":"#Redacci\u00f3nOaxaca #Oaxaca Jaime GUERRERO Tras el operativo coordinado entre fuerzas federales y estatales, donde se desmantel\u00f3 una red de videovigilancia ilegal en Santa Mar\u00eda Huatulco, el secretario de Gobierno Jes\u00fas Romero L\u00f3pez se\u00f1al\u00f3 que la vigilancia ha sido reforzada por la Marina, la Secretar\u00eda de la Defensa Nacional (Sedena), la\u2026","rel":"","context":"En &quot;Al Cierre&quot;","block_context":{"text":"Al Cierre","link":"https:\/\/redaccionoaxaca.com\/index.php\/category\/al-cierre\/"},"img":{"alt_text":"","src":"","width":0,"height":0},"classes":[]},{"id":36174,"url":"https:\/\/redaccionoaxaca.com\/index.php\/2025\/03\/20\/hay-garantia-de-seguridad-para-turismo-extranjero-nacional-y-local-dice-presidente-de-huatulco-operativos-a-cargo-de-fuerzas-federales\/","url_meta":{"origin":36092,"position":2},"title":"Hay garant\u00eda de seguridad para turismo extranjero, nacional y local, dice Presidente de Huatulco; operativos a cargo de Fuerzas Federales","author":"ariadna","date":"marzo 20, 2025","format":false,"excerpt":"#Redacci\u00f3nOaxaca #Oaxaca Jaime GUERRERO El Presidente Municipal de Santa Mar\u00eda Huatulco, Julio C\u00e9sar C\u00e1rdenas Ortega, confirm\u00f3 que la seguridad del municipio hoy est\u00e1 a cargo del gobierno Federal y gobierno estatal y sostuvo que, est\u00e1 garantizada, la estad\u00eda de turistas, nacionales, extranjeros y locales a lo largo del a\u00f1o, y\u2026","rel":"","context":"En &quot;Agenda Pol\u00edtica&quot;","block_context":{"text":"Agenda Pol\u00edtica","link":"https:\/\/redaccionoaxaca.com\/index.php\/category\/agenda-politica\/"},"img":{"alt_text":"","src":"","width":0,"height":0},"classes":[]},{"id":39948,"url":"https:\/\/redaccionoaxaca.com\/index.php\/2026\/01\/15\/gobierno-de-huatulco-garantiza-continuidad-de-servicios-durante-recuperacion-del-presidente-municipal\/","url_meta":{"origin":36092,"position":3},"title":"Gobierno de Huatulco garantiza continuidad de servicios durante recuperaci\u00f3n del presidente municipal","author":"ariadna","date":"enero 15, 2026","format":false,"excerpt":"#Redacci\u00f3nOaxaca #Oaxaca Jaime GUERRERO El secretario municipal de Santa Mar\u00eda Huatulco, Ulises Avenda\u00f1o, asegur\u00f3 que ning\u00fan servicio se ha suspendido ni actividad ha dejado de realizarse durante la ausencia temporal del presidente municipal, Julio C\u00e1rdenas Ortega, quien se recupera favorablemente del accidente en que result\u00f3 afectado recientemente. Avenda\u00f1o ofreci\u00f3, a\u2026","rel":"","context":"En &quot;Agenda Pol\u00edtica&quot;","block_context":{"text":"Agenda Pol\u00edtica","link":"https:\/\/redaccionoaxaca.com\/index.php\/category\/agenda-politica\/"},"img":{"alt_text":"","src":"https:\/\/i0.wp.com\/redaccionoaxaca.com\/wp-content\/uploads\/2026\/01\/images-13.jpeg?fit=739%2C415&ssl=1&resize=350%2C200","width":350,"height":200,"srcset":"https:\/\/i0.wp.com\/redaccionoaxaca.com\/wp-content\/uploads\/2026\/01\/images-13.jpeg?fit=739%2C415&ssl=1&resize=350%2C200 1x, https:\/\/i0.wp.com\/redaccionoaxaca.com\/wp-content\/uploads\/2026\/01\/images-13.jpeg?fit=739%2C415&ssl=1&resize=525%2C300 1.5x, https:\/\/i0.wp.com\/redaccionoaxaca.com\/wp-content\/uploads\/2026\/01\/images-13.jpeg?fit=739%2C415&ssl=1&resize=700%2C400 2x"},"classes":[]},{"id":36110,"url":"https:\/\/redaccionoaxaca.com\/index.php\/2025\/03\/17\/tras-presencia-de-grupo-delictivo-proveniente-de-otro-estado-y-desaparicion-de-joven-en-huatulco-autoridades-refuerzan-seguridad-en-oaxaca\/","url_meta":{"origin":36092,"position":4},"title":"Tras presencia de grupo delictivo proveniente de otro estado y desaparici\u00f3n de joven en Huatulco, autoridades refuerzan seguridad en Oaxaca","author":"ariadna","date":"marzo 17, 2025","format":false,"excerpt":"#Redacci\u00f3nOaxaca #Oaxaca Autoridades estatales y federales han implementado operativos de seguridad en diversas regiones de Oaxaca, tras detectar la presencia de un grupo delictivo que opera en los estados de Tlaxcala, Puebla, Oaxaca y Veracruz. De acuerdo con informaci\u00f3n oficial, las fiscal\u00edas de Puebla y Oaxaca han establecido una coordinaci\u00f3n\u2026","rel":"","context":"En &quot;Al Cierre&quot;","block_context":{"text":"Al Cierre","link":"https:\/\/redaccionoaxaca.com\/index.php\/category\/al-cierre\/"},"img":{"alt_text":"","src":"","width":0,"height":0},"classes":[]},{"id":33465,"url":"https:\/\/redaccionoaxaca.com\/index.php\/2024\/09\/20\/va-guardia-nacional-a-la-sedena-diputados-aprueban-traspaso-marinos-no-perteneceran-a-esa-corporacion\/","url_meta":{"origin":36092,"position":5},"title":"Va Guardia Nacional a la Sedena, diputados aprueban traspaso; marinos no pertenecer\u00e1n a esa corporaci\u00f3n","author":"ariadna","date":"septiembre 20, 2024","format":false,"excerpt":"#Redacci\u00f3nOaxaca #Oaxaca Jaime GUERRERO Tras m\u00e1s de 15 horas de discusi\u00f3n, con 353 votos a favor, 126 en contra y 0 abstenciones, la C\u00e1mara de Diputados aprob\u00f3, en lo general y en lo particular, el dictamen que establece la adscripci\u00f3n de la Guardia Nacional a la Secretar\u00eda de la Defensa\u2026","rel":"","context":"En &quot;Agenda Pol\u00edtica&quot;","block_context":{"text":"Agenda Pol\u00edtica","link":"https:\/\/redaccionoaxaca.com\/index.php\/category\/agenda-politica\/"},"img":{"alt_text":"","src":"","width":0,"height":0},"classes":[]}],"_links":{"self":[{"href":"https:\/\/redaccionoaxaca.com\/index.php\/wp-json\/wp\/v2\/posts\/36092","targetHints":{"allow":["GET"]}}],"collection":[{"href":"https:\/\/redaccionoaxaca.com\/index.php\/wp-json\/wp\/v2\/posts"}],"about":[{"href":"https:\/\/redaccionoaxaca.com\/index.php\/wp-json\/wp\/v2\/types\/post"}],"author":[{"embeddable":true,"href":"https:\/\/redaccionoaxaca.com\/index.php\/wp-json\/wp\/v2\/users\/9"}],"replies":[{"embeddable":true,"href":"https:\/\/redaccionoaxaca.com\/index.php\/wp-json\/wp\/v2\/comments?post=36092"}],"version-history":[{"count":2,"href":"https:\/\/redaccionoaxaca.com\/index.php\/wp-json\/wp\/v2\/posts\/36092\/revisions"}],"predecessor-version":[{"id":36097,"href":"https:\/\/redaccionoaxaca.com\/index.php\/wp-json\/wp\/v2\/posts\/36092\/revisions\/36097"}],"wp:attachment":[{"href":"https:\/\/redaccionoaxaca.com\/index.php\/wp-json\/wp\/v2\/media?parent=36092"}],"wp:term":[{"taxonomy":"category","embeddable":true,"href":"https:\/\/redaccionoaxaca.com\/index.php\/wp-json\/wp\/v2\/categories?post=36092"},{"taxonomy":"post_tag","embeddable":true,"href":"https:\/\/redaccionoaxaca.com\/index.php\/wp-json\/wp\/v2\/tags?post=36092"}],"curies":[{"name":"wp","href":"https:\/\/api.w.org\/{rel}","templated":true}]}}