{"id":36098,"date":"2025-03-15T19:35:38","date_gmt":"2025-03-16T01:35:38","guid":{"rendered":"https:\/\/redaccionoaxaca.com\/?p=36098"},"modified":"2025-03-15T19:35:38","modified_gmt":"2025-03-16T01:35:38","slug":"por-un-oaxaca-mas-verde-congreso-exhorta-a-municipios-a-cuidar-parques-y-jardines","status":"publish","type":"post","link":"https:\/\/redaccionoaxaca.com\/index.php\/2025\/03\/15\/por-un-oaxaca-mas-verde-congreso-exhorta-a-municipios-a-cuidar-parques-y-jardines\/","title":{"rendered":"Por un Oaxaca m\u00e1s verde: Congreso exhorta a municipios a cuidar parques y jardines"},"content":{"rendered":"<p><strong>#Redacci\u00f3nOaxaca<\/strong><\/p>\n<p><strong>#Oaxaca<\/strong><\/p>\n<p style=\"text-align: justify;\">Es obligaci\u00f3n de los Ayuntamientos implementar acciones de conservaci\u00f3n, restauraci\u00f3n, fomento, aprovechamiento, cuidado y embellecimiento de las \u00e1reas verdes de car\u00e1cter p\u00fablico<\/p>\n<p style=\"text-align: justify;\">Se busca promover el bienestar ambiental, econ\u00f3mico y la salud de la poblaci\u00f3n<br \/>\nEstos espacios son fundamentales para fortalecer la identidad comunitaria<\/p>\n<p style=\"text-align: justify;\">San Raymundo Jalpan, Oax., a 15 de marzo de 2025.- En beneficio del medio ambiente, la salud f\u00edsica y psicol\u00f3gica, el bienestar econ\u00f3mico y social de la poblaci\u00f3n, por mayor\u00eda parlamentaria la Sexag\u00e9sima Sexta Legislatura Local aprob\u00f3 un exhorto a los 570 ayuntamientos de Oaxaca para realizar acciones que contribuyan al cuidado, mejoramiento, recuperaci\u00f3n y mantenimiento de parques y jardines, privilegiando la plantaci\u00f3n o conservaci\u00f3n de plantas y \u00e1rboles.<\/p>\n<p style=\"text-align: justify;\">La propuesta fue hecha al Pleno por las diputadas que integran el Partido Verde Ecologista de M\u00e9xico (PVEM), Elvia Gabriela P\u00e9rez L\u00f3pez, Melina Hern\u00e1ndez Sosa y Eva Diego Cruz, quienes consideraron que los espacios p\u00fablicos antes citados son promotores de la cohesi\u00f3n social, pero, adem\u00e1s, se han convertido en zonas de reserva para el resguardo de la biodiversidad en las ciudades, municipios y comunidades.<\/p>\n<p style=\"text-align: justify;\">Y al ser espacios verdes estimulan a la realizaci\u00f3n de actividades f\u00edsicas, cumpliendo as\u00ed, con una triple funci\u00f3n: la social, ambiental y salud de las poblaciones urbanas; asimismo aumentan la productividad, contribuyen al desarrollo personal y social, favorecen el cuidado del medio ambiente y la preservaci\u00f3n del patrimonio.<\/p>\n<p style=\"text-align: justify;\">Sin embargo, en diversos municipios del estado se ha dado un incremento acelerado de la mancha urbana ocasionando la p\u00e9rdida de estos sitios verdes, de ah\u00ed la importancia de impulsar estrategias que contribuyan a revertir esta problem\u00e1tica.<\/p>\n<p style=\"text-align: justify;\">En este sentido, en el documento del dictamen se precisa que es responsabilidad de los gobiernos municipales brindar atenci\u00f3n a los parques y jardines, ya que es un servicio p\u00fablico que se proporciona a sus habitantes conforme a lo establecido en la fracci\u00f3n III del art\u00edculo 115 de la Constituci\u00f3n Pol\u00edtica Federal; as\u00ed como en la fracci\u00f3n III del art\u00edculo 113 de la Carta Magna local y en lo dispuesto en el art\u00edculo 43 inciso G fracci\u00f3n III de la Ley Org\u00e1nica Municipal del Estado en materia ambiental.<\/p>\n<p style=\"text-align: justify;\">Por ello, los municipios deben asegurar la conservaci\u00f3n, restauraci\u00f3n, fomento, aprovechamiento, cuidado y embellecimiento de las \u00e1reas verdes de car\u00e1cter p\u00fablico, incluyendo los bienes municipales de uso com\u00fan, como son las v\u00edas p\u00fablicas, parques, jardines, plazas, camellones, glorietas, fuentes, monumentos, banquetas y servidumbres, nodos viales, pero adem\u00e1s acciones de reforestaci\u00f3n, poda, sanidad y limpia.<\/p>\n<p style=\"text-align: justify;\">Este dictamen fue avalado por la Comisi\u00f3n Permanente de Medio Ambiente, Biodiversidad, Energ\u00edas, Sostenibilidad y Cambio Clim\u00e1tico.<\/p>\n","protected":false},"excerpt":{"rendered":"<p>#Redacci\u00f3nOaxaca #Oaxaca Es obligaci\u00f3n de los Ayuntamientos implementar acciones de conservaci\u00f3n, restauraci\u00f3n, fomento, aprovechamiento, cuidado y embellecimiento de las \u00e1reas verdes de car\u00e1cter p\u00fablico Se busca promover el bienestar ambiental, econ\u00f3mico y la salud de la poblaci\u00f3n Estos espacios son fundamentales para fortalecer la identidad comunitaria San Raymundo Jalpan, Oax., a 15 de marzo de [&hellip;]<\/p>\n","protected":false},"author":9,"featured_media":0,"comment_status":"open","ping_status":"open","sticky":false,"template":"","format":"standard","meta":{"jetpack_post_was_ever_published":false,"_jetpack_newsletter_access":"","_jetpack_dont_email_post_to_subs":false,"_jetpack_newsletter_tier_id":0,"_jetpack_memberships_contains_paywalled_content":false,"_jetpack_memberships_contains_paid_content":false,"footnotes":"","jetpack_publicize_message":"","jetpack_publicize_feature_enabled":true,"jetpack_social_post_already_shared":true,"jetpack_social_options":{"image_generator_settings":{"template":"highway","default_image_id":0,"font":"","enabled":false},"version":2}},"categories":[4,7],"tags":[],"class_list":{"0":"post-36098","1":"post","2":"type-post","3":"status-publish","4":"format-standard","6":"category-agenda-politica","7":"category-al-cierre"},"jetpack_publicize_connections":[],"jetpack_featured_media_url":"","jetpack_sharing_enabled":true,"jetpack_shortlink":"https:\/\/wp.me\/p9Ynjw-9oe","jetpack-related-posts":[{"id":25269,"url":"https:\/\/redaccionoaxaca.com\/index.php\/2022\/04\/26\/jornada-intensiva-de-vacunacion-contra-covid-incluye-tambien-4a-dosis-por-parte-del-imss-pero-solo-para-adultos-mayores-y-personal-de-salud-asegura-la-institucion\/","url_meta":{"origin":36098,"position":0},"title":"Jornada intensiva de vacunaci\u00f3n contra covid incluye tambi\u00e9n 4\u00aa. Dosis por parte del IMSS, pero solo para adultos mayores y personal de salud, asegura la instituci\u00f3n.","author":"ariadna","date":"abril 26, 2022","format":false,"excerpt":"#Redacci\u00f3nOaxaca #Oaxaca Maira Ric\u00e1rdez El Instituto Mexicano del Seguro Social (IMSS) Delegaci\u00f3n Oaxaca precis\u00f3 que la aplicaci\u00f3n de la vacuna contra la covid no es indiscriminada, hay instrucciones oficiales de la instituci\u00f3n que parten de las determinaciones de la Organizaci\u00f3n Mundial de la Salud y a partir de la semana\u2026","rel":"","context":"En &quot;Imagen&quot;","block_context":{"text":"Imagen","link":"https:\/\/redaccionoaxaca.com\/index.php\/category\/imagen\/"},"img":{"alt_text":"","src":"","width":0,"height":0},"classes":[]},{"id":40729,"url":"https:\/\/redaccionoaxaca.com\/index.php\/2026\/02\/26\/congreso-local-fortalece-la-proteccion-y-bienestar-animal-en-el-estado\/","url_meta":{"origin":36098,"position":1},"title":"Congreso local fortalece la protecci\u00f3n y bienestar animal en el estado","author":"ariadna","date":"febrero 26, 2026","format":false,"excerpt":"#Redacci\u00f3nOaxaca #Oaxaca * Se establecen bases jur\u00eddicas m\u00e1s s\u00f3lidas para prevenir el maltrato animal y promover el trato digno y respetuoso hacia todas las especies San Raymundo Jalpan, Oax., a 26 de febrero de 2026.- En Sesi\u00f3n Ordinaria, el Pleno de la LXVI Legislatura del Congreso del Estado aprob\u00f3 el\u2026","rel":"","context":"En &quot;Agenda Pol\u00edtica&quot;","block_context":{"text":"Agenda Pol\u00edtica","link":"https:\/\/redaccionoaxaca.com\/index.php\/category\/agenda-politica\/"},"img":{"alt_text":"","src":"https:\/\/i0.wp.com\/redaccionoaxaca.com\/wp-content\/uploads\/2026\/02\/Screenshot_20260226_170814_Facebook-scaled.jpg?fit=1200%2C654&ssl=1&resize=350%2C200","width":350,"height":200,"srcset":"https:\/\/i0.wp.com\/redaccionoaxaca.com\/wp-content\/uploads\/2026\/02\/Screenshot_20260226_170814_Facebook-scaled.jpg?fit=1200%2C654&ssl=1&resize=350%2C200 1x, https:\/\/i0.wp.com\/redaccionoaxaca.com\/wp-content\/uploads\/2026\/02\/Screenshot_20260226_170814_Facebook-scaled.jpg?fit=1200%2C654&ssl=1&resize=525%2C300 1.5x, https:\/\/i0.wp.com\/redaccionoaxaca.com\/wp-content\/uploads\/2026\/02\/Screenshot_20260226_170814_Facebook-scaled.jpg?fit=1200%2C654&ssl=1&resize=700%2C400 2x, https:\/\/i0.wp.com\/redaccionoaxaca.com\/wp-content\/uploads\/2026\/02\/Screenshot_20260226_170814_Facebook-scaled.jpg?fit=1200%2C654&ssl=1&resize=1050%2C600 3x"},"classes":[]},{"id":41225,"url":"https:\/\/redaccionoaxaca.com\/index.php\/2026\/03\/29\/exhortan-a-municipios-del-estado-a-implementar-acciones-contra-el-periodo-de-estiaje\/","url_meta":{"origin":36098,"position":2},"title":"Exhortan a municipios del estado a implementar acciones contra el periodo de estiaje","author":"ariadna","date":"marzo 29, 2026","format":false,"excerpt":"#Redacci\u00f3nOaxaca #Oaxaca * Se busca garantizar el abasto de agua potable, priorizando a grupos en situaci\u00f3n de vulnerabilidad San Raymundo Jalpan, Oax., a 28 de marzo de 2026.- Con 34 votos a favor, el Congreso del Estado aprob\u00f3 en Sesi\u00f3n Ordinaria un Punto de Acuerdo de Urgente y Obvia Resoluci\u00f3n\u2026","rel":"","context":"En &quot;Agenda Pol\u00edtica&quot;","block_context":{"text":"Agenda Pol\u00edtica","link":"https:\/\/redaccionoaxaca.com\/index.php\/category\/agenda-politica\/"},"img":{"alt_text":"","src":"https:\/\/i0.wp.com\/redaccionoaxaca.com\/wp-content\/uploads\/2026\/03\/Screenshot_20260329_204329_Facebook-scaled.jpg?fit=1200%2C715&ssl=1&resize=350%2C200","width":350,"height":200,"srcset":"https:\/\/i0.wp.com\/redaccionoaxaca.com\/wp-content\/uploads\/2026\/03\/Screenshot_20260329_204329_Facebook-scaled.jpg?fit=1200%2C715&ssl=1&resize=350%2C200 1x, https:\/\/i0.wp.com\/redaccionoaxaca.com\/wp-content\/uploads\/2026\/03\/Screenshot_20260329_204329_Facebook-scaled.jpg?fit=1200%2C715&ssl=1&resize=525%2C300 1.5x, https:\/\/i0.wp.com\/redaccionoaxaca.com\/wp-content\/uploads\/2026\/03\/Screenshot_20260329_204329_Facebook-scaled.jpg?fit=1200%2C715&ssl=1&resize=700%2C400 2x, https:\/\/i0.wp.com\/redaccionoaxaca.com\/wp-content\/uploads\/2026\/03\/Screenshot_20260329_204329_Facebook-scaled.jpg?fit=1200%2C715&ssl=1&resize=1050%2C600 3x"},"classes":[]},{"id":21320,"url":"https:\/\/redaccionoaxaca.com\/index.php\/2021\/09\/30\/centro-historico-limpio-exige-64-legislatura\/","url_meta":{"origin":36098,"position":3},"title":"Centro Hist\u00f3rico limpio, exige 64 Legislatura.","author":"ariadna","date":"septiembre 30, 2021","format":false,"excerpt":"#Redacci\u00f3nOaxaca #Oaxaca Comunicado San Raymundo Jalpan, Oax, 30 de septiembre 2021.- La LXIV Legislatura de Oaxaca solicit\u00f3 al presidente Municipal de Oaxaca de Ju\u00e1rez, implementar las acciones pertinentes para solucionar el problema de basura en el Centro Hist\u00f3rico de la Ciudad. La demanda es realizada debido a que personal de\u2026","rel":"","context":"Entrada similar ","block_context":{"text":"Entrada similar ","link":""},"img":{"alt_text":"","src":"","width":0,"height":0},"classes":[]},{"id":13248,"url":"https:\/\/redaccionoaxaca.com\/index.php\/2020\/07\/06\/oaxaca-vuelve-a-medias-a-la-nueva-normalidad-centros-comerciales-al-10-hoteles-y-restaurantes-en-20-y-40\/","url_meta":{"origin":36098,"position":4},"title":"VIDEO: Oaxaca vuelve a medias a la \u201cnueva normalidad\u201d;  centros comerciales al 10%; hoteles y restaurantes en 20% y 40%.","author":"ariadna","date":"julio 6, 2020","format":"video","excerpt":"#Redacci\u00f3nOaxaca #Oaxaca Jaime GUERRERO Tras darse a conocer que Oaxaca pasar\u00e1 a partir de \u00e9ste lunes al sem\u00e1foro epidemiol\u00f3gico color naranja, se contempla la reapertura de algunas de las actividades no esenciales y espacios p\u00fablicos con un porcentaje m\u00ednimo de ocupaci\u00f3n, seg\u00fan el Plan de Regreso a la \u201cNueva Normalidad\u201d\u2026","rel":"","context":"En &quot;Al Cierre&quot;","block_context":{"text":"Al Cierre","link":"https:\/\/redaccionoaxaca.com\/index.php\/category\/al-cierre\/"},"img":{"alt_text":"","src":"","width":0,"height":0},"classes":[]},{"id":21996,"url":"https:\/\/redaccionoaxaca.com\/index.php\/2021\/10\/30\/realizan-los-sso-termonebulizacion-de-panteones-para-prevenir-la-proliferacion-del-dengue-zika-y-chikungunya\/","url_meta":{"origin":36098,"position":5},"title":"Realizan los SSO termonebulizaci\u00f3n de panteones para prevenir la proliferaci\u00f3n del dengue, zika y chikungunya.","author":"ariadna","date":"octubre 30, 2021","format":false,"excerpt":"#Redacci\u00f3nOaxaca #Oaxaca Oaxaca de Ju\u00e1rez, Oax. 30 de octubre de 2021.- Para evitar la proliferaci\u00f3n del mosquito transmisor del dengue, zika y chikungunya, los Servicios de Salud de Oaxaca (#SSO) a trav\u00e9s del personal de vectores de la Jurisdicci\u00f3n Sanitaria n\u00famero \u201cUno\u201d Valles Centrales, realizaron la termonebulizaci\u00f3n en 53 panteones\u2026","rel":"","context":"En &quot;Imagen&quot;","block_context":{"text":"Imagen","link":"https:\/\/redaccionoaxaca.com\/index.php\/category\/imagen\/"},"img":{"alt_text":"","src":"https:\/\/i0.wp.com\/redaccionoaxaca.com\/wp-content\/uploads\/2021\/10\/IMG-20211030-WA0033-300x225.jpg?resize=350%2C200&ssl=1","width":350,"height":200},"classes":[]}],"_links":{"self":[{"href":"https:\/\/redaccionoaxaca.com\/index.php\/wp-json\/wp\/v2\/posts\/36098","targetHints":{"allow":["GET"]}}],"collection":[{"href":"https:\/\/redaccionoaxaca.com\/index.php\/wp-json\/wp\/v2\/posts"}],"about":[{"href":"https:\/\/redaccionoaxaca.com\/index.php\/wp-json\/wp\/v2\/types\/post"}],"author":[{"embeddable":true,"href":"https:\/\/redaccionoaxaca.com\/index.php\/wp-json\/wp\/v2\/users\/9"}],"replies":[{"embeddable":true,"href":"https:\/\/redaccionoaxaca.com\/index.php\/wp-json\/wp\/v2\/comments?post=36098"}],"version-history":[{"count":1,"href":"https:\/\/redaccionoaxaca.com\/index.php\/wp-json\/wp\/v2\/posts\/36098\/revisions"}],"predecessor-version":[{"id":36100,"href":"https:\/\/redaccionoaxaca.com\/index.php\/wp-json\/wp\/v2\/posts\/36098\/revisions\/36100"}],"wp:attachment":[{"href":"https:\/\/redaccionoaxaca.com\/index.php\/wp-json\/wp\/v2\/media?parent=36098"}],"wp:term":[{"taxonomy":"category","embeddable":true,"href":"https:\/\/redaccionoaxaca.com\/index.php\/wp-json\/wp\/v2\/categories?post=36098"},{"taxonomy":"post_tag","embeddable":true,"href":"https:\/\/redaccionoaxaca.com\/index.php\/wp-json\/wp\/v2\/tags?post=36098"}],"curies":[{"name":"wp","href":"https:\/\/api.w.org\/{rel}","templated":true}]}}